{"id":124469,"date":"2022-10-05T22:01:32","date_gmt":"2022-10-06T02:01:32","guid":{"rendered":"http:\/\/conexiondigital.com.do\/?p=124469"},"modified":"2022-10-05T22:01:32","modified_gmt":"2022-10-06T02:01:32","slug":"julio-cesar-valentin-nadie-tiene-mejor-perfil-para-ser-candidato-presidencial-del-pld-que-francisco-dominguez-brito","status":"publish","type":"post","link":"https:\/\/conexiondigital.com.do\/index.php\/2022\/10\/05\/julio-cesar-valentin-nadie-tiene-mejor-perfil-para-ser-candidato-presidencial-del-pld-que-francisco-dominguez-brito\/","title":{"rendered":"Julio C\u00e9sar Valent\u00edn: \u201cNadie tiene mejor perfil para ser candidato presidencial del PLD que Francisco Dom\u00ednguez Brito\u201d"},"content":{"rendered":"<p><img loading=\"lazy\" decoding=\"async\" class=\"size-full wp-image-124470 aligncenter\" src=\"https:\/\/images.conexiondigital.com.do\/wp-content\/uploads\/wp-content\/uploads\/2022\/10\/thumbnail_IMG_4395.jpg\" alt=\"\" width=\"699\" height=\"450\" \/>SANTO DOMINGO.-\u00a0El ex senador y miembro del Comit\u00e9 Pol\u00edtico del Partido de la Liberaci\u00f3n Dominicana, Julio C\u00e9sar Valent\u00edn, afirm\u00f3 que el aspirante presidencial de esa organizaci\u00f3n, Francisco Dom\u00ednguez Brito, tiene la capacidad y la competencia para enrumbar al pa\u00eds por los mejores senderos de desarrollo y bienestar por lo que se impone su elecci\u00f3n como candidato presidencial para el 2024.<\/p>\n<p>El ex presidente de la C\u00e1mara de Diputados afirm\u00f3 que nadie en el PLD tiene mejor perfil que Francisco para ser un exitoso candidato presidencial de la organizaci\u00f3n pol\u00edtica.<\/p>\n<p>\u201cLo que pide la poblaci\u00f3n dominicana es competencia, honestidad, visi\u00f3n y claridad en los temas fundamentales para los objetivos del pa\u00eds, para seguir enrumbando el pa\u00eds por los mejores senderos\u201d, expres\u00f3.<\/p>\n<p>Sostuvo que se hace necesario respaldar al aspirante presidencial, porque re\u00fane las cualidades que necesita el pueblo dominicano para ser un buen gobernante y trabajar a favor de la naci\u00f3n.<\/p>\n<p>\u201cA m\u00ed me genera confianza, yo estoy identificado con Francisco Dom\u00ednguez Brito\u201d, enfatiz\u00f3 Valent\u00edn, quien exhorta a brindarle el respaldo en la consulta del 16 de octubre pr\u00f3ximo votando por Francisco en la casilla n\u00famero 3.<\/p>\n<p>&nbsp;<\/p>\n","protected":false},"excerpt":{"rendered":"<p>SANTO DOMINGO.-\u00a0El ex senador y miembro del Comit\u00e9 Pol\u00edtico del Partido de la Liberaci\u00f3n Dominicana, Julio C\u00e9sar Valent\u00edn, afirm\u00f3 que el aspirante presidencial de esa organizaci\u00f3n, Francisco Dom\u00ednguez Brito, tiene la capacidad y la competencia para enrumbar al pa\u00eds por los mejores senderos de desarrollo y bienestar por lo que se impone su elecci\u00f3n como candidato presidencial para el 2024. El ex presidente de la C\u00e1mara de Diputados afirm\u00f3 que nadie en el PLD tiene mejor perfil que Francisco para ser un exitoso candidato presidencial de la organizaci\u00f3n pol\u00edtica. \u201cLo que pide la poblaci\u00f3n dominicana es competencia, honestidad, visi\u00f3n y claridad en los temas fundamentales para los objetivos del pa\u00eds, para seguir enrumbando el pa\u00eds por los mejores senderos\u201d, expres\u00f3. Sostuvo que se hace necesario respaldar al aspirante presidencial, porque re\u00fane las cualidades que necesita el pueblo dominicano para ser un buen gobernante y trabajar a favor de la naci\u00f3n. \u201cA m\u00ed me genera confianza, yo estoy identificado con Francisco Dom\u00ednguez Brito\u201d, enfatiz\u00f3 Valent\u00edn, quien exhorta a brindarle el respaldo en la consulta del 16 de octubre pr\u00f3ximo votando por Francisco en la casilla n\u00famero 3. &nbsp;<\/p>\n","protected":false},"author":6,"featured_media":0,"comment_status":"open","ping_status":"open","sticky":false,"template":"","format":"standard","meta":{"om_disable_all_campaigns":false,"footnotes":""},"categories":[12],"tags":[],"class_list":["post-124469","post","type-post","status-publish","format-standard","hentry","category-politic"],"_links":{"self":[{"href":"https:\/\/conexiondigital.com.do\/index.php\/wp-json\/wp\/v2\/posts\/124469","targetHints":{"allow":["GET"]}}],"collection":[{"href":"https:\/\/conexiondigital.com.do\/index.php\/wp-json\/wp\/v2\/posts"}],"about":[{"href":"https:\/\/conexiondigital.com.do\/index.php\/wp-json\/wp\/v2\/types\/post"}],"author":[{"embeddable":true,"href":"https:\/\/conexiondigital.com.do\/index.php\/wp-json\/wp\/v2\/users\/6"}],"replies":[{"embeddable":true,"href":"https:\/\/conexiondigital.com.do\/index.php\/wp-json\/wp\/v2\/comments?post=124469"}],"version-history":[{"count":1,"href":"https:\/\/conexiondigital.com.do\/index.php\/wp-json\/wp\/v2\/posts\/124469\/revisions"}],"predecessor-version":[{"id":124471,"href":"https:\/\/conexiondigital.com.do\/index.php\/wp-json\/wp\/v2\/posts\/124469\/revisions\/124471"}],"wp:attachment":[{"href":"https:\/\/conexiondigital.com.do\/index.php\/wp-json\/wp\/v2\/media?parent=124469"}],"wp:term":[{"taxonomy":"category","embeddable":true,"href":"https:\/\/conexiondigital.com.do\/index.php\/wp-json\/wp\/v2\/categories?post=124469"},{"taxonomy":"post_tag","embeddable":true,"href":"https:\/\/conexiondigital.com.do\/index.php\/wp-json\/wp\/v2\/tags?post=124469"}],"curies":[{"name":"wp","href":"https:\/\/api.w.org\/{rel}","templated":true}]}}