{"id":124495,"date":"2022-10-06T17:41:50","date_gmt":"2022-10-06T21:41:50","guid":{"rendered":"http:\/\/conexiondigital.com.do\/?p=124495"},"modified":"2022-10-06T17:41:50","modified_gmt":"2022-10-06T21:41:50","slug":"gabriel-del-rio-apoya-las-acciones-tomadas-gobierno-de-abinader-para-enfrentar-crisis-y-danos-ocasionados-por-huracan-fiona","status":"publish","type":"post","link":"https:\/\/conexiondigital.com.do\/index.php\/2022\/10\/06\/gabriel-del-rio-apoya-las-acciones-tomadas-gobierno-de-abinader-para-enfrentar-crisis-y-danos-ocasionados-por-huracan-fiona\/","title":{"rendered":"Gabriel del R\u00edo apoya las acciones tomadas Gobierno de Abinader para enfrentar crisis y da\u00f1os ocasionados por hurac\u00e1n Fiona"},"content":{"rendered":"<p><strong><img loading=\"lazy\" decoding=\"async\" class=\"size-medium wp-image-124496 aligncenter\" src=\"https:\/\/images.conexiondigital.com.do\/wp-content\/uploads\/wp-content\/uploads\/2022\/10\/3dc7a69f-90d3-423a-bed9-3948bb131b66-800x469.jpg\" alt=\"\" width=\"800\" height=\"469\" \/>Mandatario destaca medidas adoptadas en beneficio de la clase trabajadora dominicana.<\/strong><\/p>\n<p>Santo Domingo. \u2013\u00a0El secretario general Confederaci\u00f3n Aut\u00f3noma Sindical Clasista (CASC), Gabriel del R\u00edo Do\u00f1\u00e9, expres\u00f3 hoy su apoyo y felicitaci\u00f3n al presidente Luis Abinader y a su gobierno<br \/>\npor las acciones tomadas para enfrentar la crisis que ha sacudido el mundo y ante los da\u00f1os ocasionados por el hurac\u00e1n Fiona.<\/p>\n<p>\u201cVayan nuestras felicitaciones y apoyo a todas las acciones tomadas por el Gobierno que preside el presidente Luis Abinader y las que faltan por tomar para seguir saliendo airosos de esta situaci\u00f3n que ha sacudido el mundo y los da\u00f1os ocasionados por el cicl\u00f3n Fiona\u201d, manifest\u00f3.<\/p>\n<p>Del R\u00edo sostuvo que a pesar de la crisis pospandemia y la situaci\u00f3n provocada por la guerra entre Rusia y Ucrania que dejaron consecuencias no deseadas en la econom\u00eda del pa\u00eds y del mundo, se debe destacar como un gran logro el hecho de que en Rep\u00fablica Dominicana se haya actuado con acciones oportunas y en forma conexionada para salir adelante.<\/p>\n<p>De su lado, el presidente Luis Abinader destac\u00f3 las medidas implementadas por el Gobierno en la protecci\u00f3n de la clase trabajadora, citando entre ellas, la incorporaci\u00f3n de m\u00e1s de 2 millones de personas al seguro nacional de salud, aumento del salario m\u00ednimo, mejora de pensiones y ampliaci\u00f3n de beneficiarios en los programas sociales.<\/p>\n<p>Plante\u00f3 que las autoridades est\u00e1n enfocadas en garantizar a la poblaci\u00f3n dominicana un sistema integral de salud orientado a un verdadero amparo de los n\u00facleos sociales m\u00e1s empobrecidos y marginados de la sociedad.<\/p>\n<p>Al respecto, dijo, que: \u201cHemos ampliado derechos, como la incorporaci\u00f3n de m\u00e1s de 2 millones de personas al seguro nacional de salud, hemos aumentado el salario m\u00ednimo, hemos mejorado las pensiones, hemos ampliado el monto y el n\u00famero de personas que se benefician de los programas sociales del Gobierno, hemos multiplicado ayudas y mejorado los controles\u201d, detall\u00f3 el mandatario.<\/p>\n<p>Al participar como orador invitado en el almuerzo de la confraternidad de la Confederaci\u00f3n Aut\u00f3noma Sindical Clasista (CASC) en un hotel de esta capital, el gobernante hizo \u00e9nfasis en resaltar el respeto a la libertad sindical que hay actualmente en el pa\u00eds.<\/p>\n<p>Compromiso con un sistema de seguridad social que proteja al ciudadano<\/p>\n<p>El mandatario reiter\u00f3 su compromiso plasmado en su programa de Gobierno de promover, someter y conseguir un sistema de seguridad social que proteja verdaderamente al ciudadano desde el principio al fin de sus d\u00edas, enfocado en el impulso a la reforma de la Ley 87\/01 de la Seguridad Social para propiciar un r\u00e9gimen de salud m\u00e1s incluyente y un modelo de pensiones que verdaderamente proteja la vejez del trabajador.<\/p>\n<p>Sobre el particular, comunic\u00f3 que el gobierno promover\u00e1 en firma tripartita la reforma del C\u00f3digo de Trabajo que data de 1992, para adaptarlo a los desaf\u00edos y cambios que se han producido en la sociedad, tal y como lo hizo recientemente a trav\u00e9s\u00a0del Ministerio de Trabajo poniendo en vigencia el Convenio 189 de la OIT para oficializar el servicio dom\u00e9stico. \u201cUna reivindicaci\u00f3n hist\u00f3rica que hoy es una realidad\u201d, recalc\u00f3.<\/p>\n<p>El presidente Abinader asegur\u00f3 que la gesti\u00f3n gubernamental que encabeza est\u00e1 comprometida en vigilar el clima laboral y a hacer que se cumpla con el Convenio 87 y 98 de la OIT para que se respete la libertad sindical y para que la mejor\u00eda de vida de los trabajadores se alcance a trav\u00e9s de la negociaci\u00f3n colectiva.<\/p>\n<p>\u201cEl gobierno que me honro en presidir respeta y asume las llamadas Normas Internacionales del Trabajo para que no solo est\u00e9n vigentes las pol\u00edticas de seguridad social, libertad sindical y negociaci\u00f3n colectiva; sino tambi\u00e9n, la erradicaci\u00f3n de las peores formas del trabajo infantil, la equidad de g\u00e9nero, la sindicalizaci\u00f3n de los trabajadores del campo y la libre asociaci\u00f3n de los empleados p\u00fablicos\u201d, plante\u00f3 el mandatario.<\/p>\n<p>Homenaje p\u00f3stumo a los fundadores de la CASC<\/p>\n<p>El jefe de Estado, en el 60 aniversario de CASC, fundada el 28 de enero de 1962, rindi\u00f3 homenaje p\u00f3stumo a los fundadores de esa entidad sindical por sus aportes a la sociedad dominicana, a la democracia, la libertad y los derechos econ\u00f3micos, sociales y sindicales de los trabajadores dominicanos.<\/p>\n<p>Resalt\u00f3, asimismo, la memoria de Porfirio Zarzuela; Luis Henry Molina,\u00a0Florinda Soriano (mam\u00e1 ting\u00f3), Dionicio Fr\u00edas (mister beca), Jes\u00fas Caminero, Jos\u00e9 Pe\u00f1a G\u00f3mez, Fernando Guante Garc\u00eda, Eliseo Candelario (pany\u00e9), Crist\u00f3bal De La Cruz y pidi\u00f3 un aplauso para los fundadores presentes Gabriel del R\u00edo Do\u00f1\u00e9, Jos\u00e9 G\u00f3mez Cerda y Elpidio Antonio Santos.<\/p>\n<p>El Presidente record\u00f3 que la CASC se opuso a la segunda intervenci\u00f3n militar norteamericana en el pa\u00eds y muchos de sus dirigentes, dijo, \u201cdefendieron la Patria con las armas en las manos durante la guerra de abril de 1965.<\/p>\n<p>16 aumentos salariales en este Gobierno<\/p>\n<p>En tanto, el ministro de Trabajo, Luis Miguel De Camps, resalt\u00f3 que en la presente gesti\u00f3n de Gobierno se han logrado16 aumentos salariales y todos han sido mediante consenso con los sectores sociales de la Rep\u00fablica Dominicana.<\/p>\n<p>Del mismo modo, destac\u00f3 las acciones del Gobierno para luchar contra el trabajo infantil y que adem\u00e1s ha resuelto temas pendientes durante d\u00e9cadas como la materializaci\u00f3n de la formalizaci\u00f3n del reconocimiento del trabajo dom\u00e9stico.<\/p>\n<p>\u201cLo que se ha logrado hasta hoy, en el Gobierno del presidente Luis Abinader en apenas dos a\u00f1os, ten\u00eda pendiente en algunos casos d\u00e9cadas y esto ha sido gracias a la confianza que el presidente de la Rep\u00fablica despierta en la ciudadan\u00eda dominicana, por su forma, por su claridad y por su franqueza\u201d, signific\u00f3 De Camps.<\/p>\n<p>Reclamos de trabajadores resueltos<\/p>\n<p>Mientras que, la directora de la DIDA, Carolina Serrata, detall\u00f3 la importancia de la direcci\u00f3n que dirige para la clase trabajadora e inform\u00f3 que han dado 16 millones de asistencias de la DIDA durante la pandemia y han resuelto m\u00e1s 300 mil reclamos de los trabajadores a trav\u00e9s de esta instituci\u00f3n.<\/p>\n<p>En el acto, el ex vicepresidente de la Rep\u00fablica, Rafael Alburquerque, realiz\u00f3 un breve rese\u00f1a de lo que fue el inicio de la Confederaci\u00f3n Aut\u00f3noma Sindical Clasista, donde resalt\u00f3 que los fundadores de la Confederaci\u00f3n han luchado por la clase trabajadora para que hoy en d\u00eda sea una entidad fuerte y en pie para la clase trabajadora.<\/p>\n<p>Acompa\u00f1aron al presidente Abinader, los presidentes del Senado, Eduardo Estrella y de la C\u00e1mara de Diputados, Alfredo Pacheco; los ministros, de la Presidencia, Joel Santos y de Industria, Comercio y Mipymes, V\u00edctor -Ito-Bison\u00f3.<\/p>\n<p>Tambi\u00e9n, el senador de la provincia Santiago Rodriguez y presidente de CONATRA, Antonio Marte; el Obispo auxiliar de la Arquidi\u00f3cesis de Santo Domingo, Monse\u00f1or Benito Angeles; los presidentes del Consejo Nacional de la Empresa Privada, Pedro Brache y de ASONAHORES, Rafael Blanco.<\/p>\n<p>Asimismo, los directores, del IDOPPRIL, Fausto de Jes\u00fas L\u00f3pez; del INFOTEP, Rafael Santos Bad\u00eda; el presidente de la Asociaci\u00f3n de Comerciantes e Industriales de Santiago (ACIS), Sandy Filpo; el vicepresidente de Relaciones Internacionales de la CASC y presidente de la Federaci\u00f3n Nacional de Trabajadores de Hoteles y Restaurantes FENATRAHOREST, Manolo Ram\u00edrez y el miembro Titular de la Junta Central Electoral (JCE), Samir Chami Isa.<\/p>\n","protected":false},"excerpt":{"rendered":"<p>Mandatario destaca medidas adoptadas en beneficio de la clase trabajadora dominicana. Santo Domingo. \u2013\u00a0El secretario general Confederaci\u00f3n Aut\u00f3noma Sindical Clasista (CASC), Gabriel del R\u00edo Do\u00f1\u00e9, expres\u00f3 hoy su apoyo y felicitaci\u00f3n al presidente Luis Abinader y a su gobierno por las acciones tomadas para enfrentar la crisis que ha sacudido el mundo y ante los da\u00f1os ocasionados por el hurac\u00e1n Fiona. \u201cVayan nuestras felicitaciones y apoyo a todas las acciones tomadas por el Gobierno que preside el presidente Luis Abinader y las que faltan por tomar para seguir saliendo airosos de esta situaci\u00f3n que ha sacudido el mundo y los da\u00f1os ocasionados por el cicl\u00f3n Fiona\u201d, manifest\u00f3. Del R\u00edo sostuvo que a pesar de la crisis pospandemia y la situaci\u00f3n provocada por la guerra entre Rusia y Ucrania que dejaron consecuencias no deseadas en la econom\u00eda del pa\u00eds y del mundo, se debe destacar como un gran logro el hecho de que en Rep\u00fablica Dominicana se haya actuado con acciones oportunas y en forma conexionada para salir adelante. De su lado, el presidente Luis Abinader destac\u00f3 las medidas implementadas por el Gobierno en la protecci\u00f3n de la clase trabajadora, citando entre ellas, la incorporaci\u00f3n de m\u00e1s de 2 millones de personas al seguro nacional de salud, aumento del salario m\u00ednimo, mejora de pensiones y ampliaci\u00f3n de beneficiarios en los programas sociales. Plante\u00f3 que las autoridades est\u00e1n enfocadas en garantizar a la poblaci\u00f3n dominicana un sistema integral de salud orientado a un verdadero amparo de los n\u00facleos sociales m\u00e1s empobrecidos y marginados de la sociedad. Al respecto, dijo, que: \u201cHemos ampliado derechos, como la incorporaci\u00f3n de m\u00e1s de 2 millones de personas al seguro nacional de salud, hemos aumentado el salario m\u00ednimo, hemos mejorado las pensiones, hemos ampliado el monto y el n\u00famero de personas que se benefician de los programas sociales del Gobierno, hemos multiplicado ayudas y mejorado los controles\u201d, detall\u00f3 el mandatario. Al participar como orador invitado en el almuerzo de la confraternidad de la Confederaci\u00f3n Aut\u00f3noma Sindical Clasista (CASC) en un hotel de esta capital, el gobernante hizo \u00e9nfasis en resaltar el respeto a la libertad sindical que hay actualmente en el pa\u00eds. Compromiso con un sistema de seguridad social que proteja al ciudadano El mandatario reiter\u00f3 su compromiso plasmado en su programa de Gobierno de promover, someter y conseguir un sistema de seguridad social que proteja verdaderamente al ciudadano desde el principio al fin de sus d\u00edas, enfocado en el impulso a la reforma de la Ley 87\/01 de la Seguridad Social para propiciar un r\u00e9gimen de salud m\u00e1s incluyente y un modelo de pensiones que verdaderamente proteja la vejez del trabajador. Sobre el particular, comunic\u00f3 que el gobierno promover\u00e1 en firma tripartita la reforma del C\u00f3digo de Trabajo que data de 1992, para adaptarlo a los desaf\u00edos y cambios que se han producido en la sociedad, tal y como lo hizo recientemente a trav\u00e9s\u00a0del Ministerio de Trabajo poniendo en vigencia el Convenio 189 de la OIT para oficializar el servicio dom\u00e9stico. \u201cUna reivindicaci\u00f3n hist\u00f3rica que hoy es una realidad\u201d, recalc\u00f3. El presidente Abinader asegur\u00f3 que la gesti\u00f3n gubernamental que encabeza est\u00e1 comprometida en vigilar el clima laboral y a hacer que se cumpla con el Convenio 87 y 98 de la OIT para que se respete la libertad sindical y para que la mejor\u00eda de vida de los trabajadores se alcance a trav\u00e9s de la negociaci\u00f3n colectiva. \u201cEl gobierno que me honro en presidir respeta y asume las llamadas Normas Internacionales del Trabajo para que no solo est\u00e9n vigentes las pol\u00edticas de seguridad social, libertad sindical y negociaci\u00f3n colectiva; sino tambi\u00e9n, la erradicaci\u00f3n de las peores formas del trabajo infantil, la equidad de g\u00e9nero, la sindicalizaci\u00f3n de los trabajadores del campo y la libre asociaci\u00f3n de los empleados p\u00fablicos\u201d, plante\u00f3 el mandatario. Homenaje p\u00f3stumo a los fundadores de la CASC El jefe de Estado, en el 60 aniversario de CASC, fundada el 28 de enero de 1962, rindi\u00f3 homenaje p\u00f3stumo a los fundadores de esa entidad sindical por sus aportes a la sociedad dominicana, a la democracia, la libertad y los derechos econ\u00f3micos, sociales y sindicales de los trabajadores dominicanos. Resalt\u00f3, asimismo, la memoria de Porfirio Zarzuela; Luis Henry Molina,\u00a0Florinda Soriano (mam\u00e1 ting\u00f3), Dionicio Fr\u00edas (mister beca), Jes\u00fas Caminero, Jos\u00e9 Pe\u00f1a G\u00f3mez, Fernando Guante Garc\u00eda, Eliseo Candelario (pany\u00e9), Crist\u00f3bal De La Cruz y pidi\u00f3 un aplauso para los fundadores presentes Gabriel del R\u00edo Do\u00f1\u00e9, Jos\u00e9 G\u00f3mez Cerda y Elpidio Antonio Santos. El Presidente record\u00f3 que la CASC se opuso a la segunda intervenci\u00f3n militar norteamericana en el pa\u00eds y muchos de sus dirigentes, dijo, \u201cdefendieron la Patria con las armas en las manos durante la guerra de abril de 1965. 16 aumentos salariales en este Gobierno En tanto, el ministro de Trabajo, Luis Miguel De Camps, resalt\u00f3 que en la presente gesti\u00f3n de Gobierno se han logrado16 aumentos salariales y todos han sido mediante consenso con los sectores sociales de la Rep\u00fablica Dominicana. Del mismo modo, destac\u00f3 las acciones del Gobierno para luchar contra el trabajo infantil y que adem\u00e1s ha resuelto temas pendientes durante d\u00e9cadas como la materializaci\u00f3n de la formalizaci\u00f3n del reconocimiento del trabajo dom\u00e9stico. \u201cLo que se ha logrado hasta hoy, en el Gobierno del presidente Luis Abinader en apenas dos a\u00f1os, ten\u00eda pendiente en algunos casos d\u00e9cadas y esto ha sido gracias a la confianza que el presidente de la Rep\u00fablica despierta en la ciudadan\u00eda dominicana, por su forma, por su claridad y por su franqueza\u201d, signific\u00f3 De Camps. Reclamos de trabajadores resueltos Mientras que, la directora de la DIDA, Carolina Serrata, detall\u00f3 la importancia de la direcci\u00f3n que dirige para la clase trabajadora e inform\u00f3 que han dado 16 millones de asistencias de la DIDA durante la pandemia y han resuelto m\u00e1s 300 mil reclamos de los trabajadores a trav\u00e9s de esta instituci\u00f3n. En el acto, el ex vicepresidente de la Rep\u00fablica, Rafael Alburquerque, realiz\u00f3 un breve rese\u00f1a de lo que fue el inicio de la Confederaci\u00f3n Aut\u00f3noma Sindical Clasista, donde resalt\u00f3 que los fundadores de la Confederaci\u00f3n han luchado por la clase trabajadora para que hoy en d\u00eda sea una entidad fuerte y en pie para la clase trabajadora. Acompa\u00f1aron al presidente Abinader, los presidentes del Senado, Eduardo Estrella y de la C\u00e1mara de Diputados, Alfredo Pacheco; los ministros, de la Presidencia, Joel Santos y de Industria, Comercio y Mipymes, V\u00edctor -Ito-Bison\u00f3. Tambi\u00e9n, el senador de la provincia Santiago Rodriguez y presidente de CONATRA, Antonio Marte; el Obispo auxiliar de la Arquidi\u00f3cesis de Santo Domingo, Monse\u00f1or Benito Angeles; los presidentes del Consejo Nacional de la Empresa Privada, Pedro Brache y de ASONAHORES, Rafael Blanco. Asimismo, los directores, del IDOPPRIL, Fausto de Jes\u00fas L\u00f3pez; del INFOTEP, Rafael Santos Bad\u00eda; el presidente de la Asociaci\u00f3n de Comerciantes e Industriales de Santiago (ACIS), Sandy Filpo; el vicepresidente de Relaciones Internacionales de la CASC y presidente de la Federaci\u00f3n Nacional de Trabajadores de Hoteles y Restaurantes FENATRAHOREST, Manolo Ram\u00edrez y el miembro Titular de la Junta Central Electoral (JCE), Samir Chami Isa.<\/p>\n","protected":false},"author":3,"featured_media":0,"comment_status":"open","ping_status":"open","sticky":false,"template":"","format":"standard","meta":{"om_disable_all_campaigns":false,"footnotes":""},"categories":[15],"tags":[],"class_list":["post-124495","post","type-post","status-publish","format-standard","hentry","category-nacionales"],"_links":{"self":[{"href":"https:\/\/conexiondigital.com.do\/index.php\/wp-json\/wp\/v2\/posts\/124495","targetHints":{"allow":["GET"]}}],"collection":[{"href":"https:\/\/conexiondigital.com.do\/index.php\/wp-json\/wp\/v2\/posts"}],"about":[{"href":"https:\/\/conexiondigital.com.do\/index.php\/wp-json\/wp\/v2\/types\/post"}],"author":[{"embeddable":true,"href":"https:\/\/conexiondigital.com.do\/index.php\/wp-json\/wp\/v2\/users\/3"}],"replies":[{"embeddable":true,"href":"https:\/\/conexiondigital.com.do\/index.php\/wp-json\/wp\/v2\/comments?post=124495"}],"version-history":[{"count":1,"href":"https:\/\/conexiondigital.com.do\/index.php\/wp-json\/wp\/v2\/posts\/124495\/revisions"}],"predecessor-version":[{"id":124497,"href":"https:\/\/conexiondigital.com.do\/index.php\/wp-json\/wp\/v2\/posts\/124495\/revisions\/124497"}],"wp:attachment":[{"href":"https:\/\/conexiondigital.com.do\/index.php\/wp-json\/wp\/v2\/media?parent=124495"}],"wp:term":[{"taxonomy":"category","embeddable":true,"href":"https:\/\/conexiondigital.com.do\/index.php\/wp-json\/wp\/v2\/categories?post=124495"},{"taxonomy":"post_tag","embeddable":true,"href":"https:\/\/conexiondigital.com.do\/index.php\/wp-json\/wp\/v2\/tags?post=124495"}],"curies":[{"name":"wp","href":"https:\/\/api.w.org\/{rel}","templated":true}]}}