{"id":124788,"date":"2022-10-21T15:35:31","date_gmt":"2022-10-21T19:35:31","guid":{"rendered":"http:\/\/conexiondigital.com.do\/?p=124788"},"modified":"2022-10-21T15:36:18","modified_gmt":"2022-10-21T19:36:18","slug":"asegura-proyecto-de-presupuesto-2023-es-el-que-proyecta-mayor-necesidad-de-financiamiento-en-los-ultimos-anos","status":"publish","type":"post","link":"https:\/\/conexiondigital.com.do\/index.php\/2022\/10\/21\/asegura-proyecto-de-presupuesto-2023-es-el-que-proyecta-mayor-necesidad-de-financiamiento-en-los-ultimos-anos\/","title":{"rendered":"Asegura proyecto de presupuesto 2023 es el que proyecta mayor necesidad de financiamiento en los \u00faltimos a\u00f1os."},"content":{"rendered":"<p><img loading=\"lazy\" decoding=\"async\" class=\"size-medium wp-image-124789 aligncenter\" src=\"https:\/\/images.conexiondigital.com.do\/wp-content\/uploads\/wp-content\/uploads\/2022\/10\/093d7ed9-b6f9-4a67-8d7e-e08e4da4f34f-800x780.jpg\" alt=\"\" width=\"800\" height=\"780\" \/>Santo Domingo. &#8211; La miembro de la Direcci\u00f3n Central de la Fuerza del Pueblo, y aspirante a la Direcci\u00f3n Pol\u00edtica de esa organizaci\u00f3n Lizamavel Collado, afirm\u00f3 que en sus trece a\u00f1os de experiencia en el \u00e1mbito presupuestario es la primera vez que vez que observa que el financiamiento del presupuesto para el a\u00f1o 2023, proyecta una velocidad de crecimiento cerca del 58%, cuando se compara con el del a\u00f1o 2021.<\/p>\n<p>\u201cEs importante que la ciudadan\u00eda est\u00e9 enterada y vigilante, en mis m\u00e1s de 13 a\u00f1os de experiencia en el \u00e1mbito presupuestario y financiero es la primera vez que veo un presupuesto con esta necesidad tan amplia de financiamiento, por supuesto descontando el a\u00f1o 2020, por ser at\u00edpico. El financiamiento contempla 363,257.9 millones, esa cifra se acerca al 5.3% del PIB\u201d, enfatiz\u00f3.<\/p>\n<p>La dirigente de la Fuerza del Pueblo refiri\u00f3 que si este gobierno no se enfoca en hacer las inversiones necesarias para que el pa\u00eds avance de manera consistente no habr\u00e1 desarrollo ni estabilidad. \u201cLo que se puede visualizar es una falta de planificaci\u00f3n a todos los niveles, en un escenario que eleva su pron\u00f3stico inflacionario a dos d\u00edgitos y a eso se le debe poner mucha atenci\u00f3n\u201d, subray\u00f3.<\/p>\n<p>Contin\u00fao diciendo que, \u201cCasi la totalidad de las provincias que fueron afectadas por Fiona les fue recortado su presupuesto, de manera que el gobierno no podr\u00e1 atender oportunamente la reconstrucci\u00f3n de su infraestructura y otros temas elementales, lo que si se puedes se evidenciar es una baja inversi\u00f3n p\u00fablica y sin ella no hay progreso \u201ccit\u00f3 Collado.<\/p>\n<p><strong>Filosof\u00eda de vida.<\/strong><\/p>\n<p>Al ser cuestionada sobre su manera de pensar y vivir Collado, sostuvo que ha abrazo la causa de la innovaci\u00f3n pol\u00edtica y se ha propuesto fomentar la cultura de innovaci\u00f3n a lo interno de la organizaci\u00f3n en la que milita, para que la misma pueda ser proyectada hacia la colectividad, \u201cel liderazgo que promovemos es disruptivo, debemos romper viejos patrones y responder a las demandas de la ciudadan\u00eda en estos momentos de constantes cambios en que vivimos, puntualiz\u00f3.\u00bb<\/p>\n<p><strong>Aspiraciones<\/strong><\/p>\n<p>La aspirante a la Direcci\u00f3n Pol\u00edtica de la FP exhort\u00f3 a sus compa\u00f1eros de la Direcci\u00f3n Central a apostar por la innovaci\u00f3n pol\u00edtica, y a participar masivamente en el proceso interno que desarrollada el partido moderado por Leonel Fern\u00e1ndez este pr\u00f3ximo 25 de octubre.<\/p>\n<p>\u00abLos compa\u00f1eros tenemos el compromiso hist\u00f3rico de escoger 20 compa\u00f1eras que seremos integradas a la Direcci\u00f3n Pol\u00edtica de nuestro partido\u00bb, expres\u00f3.<\/p>\n<p>Finalmente, destac\u00f3 el rol que debe jugar la mujer en el ejercicio de la pol\u00edtica y en la toma de decisiones, ya que esta se ha ganado su espacio en base al trabajo, compromiso y grandes aportes en el ejercicio de la pol\u00edtica y gesti\u00f3n p\u00fablica.<\/p>\n","protected":false},"excerpt":{"rendered":"<p>Santo Domingo. &#8211; La miembro de la Direcci\u00f3n Central de la Fuerza del Pueblo, y aspirante a la Direcci\u00f3n Pol\u00edtica de esa organizaci\u00f3n Lizamavel Collado, afirm\u00f3 que en sus trece a\u00f1os de experiencia en el \u00e1mbito presupuestario es la primera vez que vez que observa que el financiamiento del presupuesto para el a\u00f1o 2023, proyecta una velocidad de crecimiento cerca del 58%, cuando se compara con el del a\u00f1o 2021. \u201cEs importante que la ciudadan\u00eda est\u00e9 enterada y vigilante, en mis m\u00e1s de 13 a\u00f1os de experiencia en el \u00e1mbito presupuestario y financiero es la primera vez que veo un presupuesto con esta necesidad tan amplia de financiamiento, por supuesto descontando el a\u00f1o 2020, por ser at\u00edpico. El financiamiento contempla 363,257.9 millones, esa cifra se acerca al 5.3% del PIB\u201d, enfatiz\u00f3. La dirigente de la Fuerza del Pueblo refiri\u00f3 que si este gobierno no se enfoca en hacer las inversiones necesarias para que el pa\u00eds avance de manera consistente no habr\u00e1 desarrollo ni estabilidad. \u201cLo que se puede visualizar es una falta de planificaci\u00f3n a todos los niveles, en un escenario que eleva su pron\u00f3stico inflacionario a dos d\u00edgitos y a eso se le debe poner mucha atenci\u00f3n\u201d, subray\u00f3. Contin\u00fao diciendo que, \u201cCasi la totalidad de las provincias que fueron afectadas por Fiona les fue recortado su presupuesto, de manera que el gobierno no podr\u00e1 atender oportunamente la reconstrucci\u00f3n de su infraestructura y otros temas elementales, lo que si se puedes se evidenciar es una baja inversi\u00f3n p\u00fablica y sin ella no hay progreso \u201ccit\u00f3 Collado. Filosof\u00eda de vida. Al ser cuestionada sobre su manera de pensar y vivir Collado, sostuvo que ha abrazo la causa de la innovaci\u00f3n pol\u00edtica y se ha propuesto fomentar la cultura de innovaci\u00f3n a lo interno de la organizaci\u00f3n en la que milita, para que la misma pueda ser proyectada hacia la colectividad, \u201cel liderazgo que promovemos es disruptivo, debemos romper viejos patrones y responder a las demandas de la ciudadan\u00eda en estos momentos de constantes cambios en que vivimos, puntualiz\u00f3.\u00bb Aspiraciones La aspirante a la Direcci\u00f3n Pol\u00edtica de la FP exhort\u00f3 a sus compa\u00f1eros de la Direcci\u00f3n Central a apostar por la innovaci\u00f3n pol\u00edtica, y a participar masivamente en el proceso interno que desarrollada el partido moderado por Leonel Fern\u00e1ndez este pr\u00f3ximo 25 de octubre. \u00abLos compa\u00f1eros tenemos el compromiso hist\u00f3rico de escoger 20 compa\u00f1eras que seremos integradas a la Direcci\u00f3n Pol\u00edtica de nuestro partido\u00bb, expres\u00f3. Finalmente, destac\u00f3 el rol que debe jugar la mujer en el ejercicio de la pol\u00edtica y en la toma de decisiones, ya que esta se ha ganado su espacio en base al trabajo, compromiso y grandes aportes en el ejercicio de la pol\u00edtica y gesti\u00f3n p\u00fablica.<\/p>\n","protected":false},"author":3,"featured_media":0,"comment_status":"open","ping_status":"open","sticky":false,"template":"","format":"standard","meta":{"om_disable_all_campaigns":false,"footnotes":""},"categories":[56],"tags":[],"class_list":["post-124788","post","type-post","status-publish","format-standard","hentry","category-economia"],"_links":{"self":[{"href":"https:\/\/conexiondigital.com.do\/index.php\/wp-json\/wp\/v2\/posts\/124788","targetHints":{"allow":["GET"]}}],"collection":[{"href":"https:\/\/conexiondigital.com.do\/index.php\/wp-json\/wp\/v2\/posts"}],"about":[{"href":"https:\/\/conexiondigital.com.do\/index.php\/wp-json\/wp\/v2\/types\/post"}],"author":[{"embeddable":true,"href":"https:\/\/conexiondigital.com.do\/index.php\/wp-json\/wp\/v2\/users\/3"}],"replies":[{"embeddable":true,"href":"https:\/\/conexiondigital.com.do\/index.php\/wp-json\/wp\/v2\/comments?post=124788"}],"version-history":[{"count":2,"href":"https:\/\/conexiondigital.com.do\/index.php\/wp-json\/wp\/v2\/posts\/124788\/revisions"}],"predecessor-version":[{"id":124791,"href":"https:\/\/conexiondigital.com.do\/index.php\/wp-json\/wp\/v2\/posts\/124788\/revisions\/124791"}],"wp:attachment":[{"href":"https:\/\/conexiondigital.com.do\/index.php\/wp-json\/wp\/v2\/media?parent=124788"}],"wp:term":[{"taxonomy":"category","embeddable":true,"href":"https:\/\/conexiondigital.com.do\/index.php\/wp-json\/wp\/v2\/categories?post=124788"},{"taxonomy":"post_tag","embeddable":true,"href":"https:\/\/conexiondigital.com.do\/index.php\/wp-json\/wp\/v2\/tags?post=124788"}],"curies":[{"name":"wp","href":"https:\/\/api.w.org\/{rel}","templated":true}]}}