{"id":124878,"date":"2022-10-25T19:45:06","date_gmt":"2022-10-25T23:45:06","guid":{"rendered":"http:\/\/conexiondigital.com.do\/?p=124878"},"modified":"2022-10-25T19:45:06","modified_gmt":"2022-10-25T23:45:06","slug":"director-de-la-dgcp-pondera-decreto-que-fomenta-las-compras-publicas-sostenibles-e-inclusivas","status":"publish","type":"post","link":"https:\/\/conexiondigital.com.do\/index.php\/2022\/10\/25\/director-de-la-dgcp-pondera-decreto-que-fomenta-las-compras-publicas-sostenibles-e-inclusivas\/","title":{"rendered":"Director de la DGCP pondera decreto que fomenta las compras p\u00fablicas sostenibles e inclusivas"},"content":{"rendered":"<p><strong><img loading=\"lazy\" decoding=\"async\" class=\"size-medium wp-image-124879 aligncenter\" src=\"https:\/\/images.conexiondigital.com.do\/wp-content\/uploads\/wp-content\/uploads\/2022\/10\/download-6-800x532.png\" alt=\"\" width=\"800\" height=\"532\" \/>Carlos Pimentel explic\u00f3 que esta disposici\u00f3n del Poder Ejecutivo orienta a las instituciones p\u00fablicas a comprar bienes, servicios y obras con menor impacto medioambiental y mayor obtenci\u00f3n de valor por dinero.<\/strong><\/p>\n<p>El director general de Contrataciones P\u00fablicas, Carlos Pimentel, salud\u00f3 este martes la emisi\u00f3n del Decreto 617-22 por parte del presidente Luis Abinader que declara de inter\u00e9s nacional la promoci\u00f3n de las compras p\u00fablicas sostenibles e inclusivas.<\/p>\n<p>Pimentel explic\u00f3 que esta disposici\u00f3n orienta a las instituciones gubernamentales a adquirir obras, bienes y servicios de menor impacto medioambiental y mayor obtenci\u00f3n de valor por dinero, lo que, a su juicio, contribuir\u00e1 a fortalecer el Sistema Nacional de Compras y Contrataciones P\u00fablicas (SNCCP).<\/p>\n<p>\u201cSe trata de un hito hist\u00f3rico para nuestro pa\u00eds que, sin lugar a dudas, nos permite tener las herramientas para seguir impulsando la conceptualizaci\u00f3n, la mirada de valor por dinero para que las compras sigan convirti\u00e9ndose en un eje fundamental para el desarrollo y para garantizar derechos a los dominicanos y dominicanas\u201d, subray\u00f3.<\/p>\n<p>La normativa ordena la creaci\u00f3n del\u00a0Gabinete de Compras P\u00fablicas Sostenibles e Inclusivas, bajo la coordinaci\u00f3n de la Direcci\u00f3n General de Contrataciones P\u00fablicas (DGCP) que deber\u00e1 impulsar la incorporaci\u00f3n progresiva de las mejores pr\u00e1cticas para eficientizar el gasto p\u00fablico y maximizar los impactos sociales y medioambientales positivos de las contrataciones.<\/p>\n<p>Dicho gabinete est\u00e1 integrado, adem\u00e1s, por los ministerios de Econom\u00eda, Planificaci\u00f3n y Desarrollo, de Medio Ambiente y de Industria y Comercio y Mipymes, as\u00ed como por la Presidencia de la Rep\u00fablica.<\/p>\n<p>Dentro de las funciones del Gabinete se destacan el dise\u00f1o, aprobaci\u00f3n y fomento de estrategias de compras sostenibles que impacten a personas con discapacidad, mujeres, envejecientes y otros sectores vulnerables a las compras p\u00fablicas, la reducci\u00f3n de los impactos medioambientales en las contrataciones p\u00fablicas y la innovaci\u00f3n de bienes, obras y servicios adquiridos por el Estado.<\/p>\n<p>El decreto tambi\u00e9n instruye a la DGCP a incluir en sus planes de capacitaci\u00f3n presenciales y virtuales m\u00f3dulos para orientar bajo estos criterios la adquisici\u00f3n de sus bienes, obras y servicios y junto al Ministerio de Medio Ambiente elaborar una Pol\u00edtica Nacional sobre Compras Verdes.<\/p>\n<p>Pimentel hizo el anuncio durante el inicio del taller \u201cEl criterio del valor por dinero en las contrataciones p\u00fablicas\u201d en coordinaci\u00f3n con la Universidad Iberoamericana y apoyo de la Uni\u00f3n Europea, mediante para la formaci\u00f3n de servidores p\u00fablicos vinculados a las \u00e1reas de compras y financiero de varias instituciones p\u00fablicas.<\/p>\n","protected":false},"excerpt":{"rendered":"<p>Carlos Pimentel explic\u00f3 que esta disposici\u00f3n del Poder Ejecutivo orienta a las instituciones p\u00fablicas a comprar bienes, servicios y obras con menor impacto medioambiental y mayor obtenci\u00f3n de valor por dinero. El director general de Contrataciones P\u00fablicas, Carlos Pimentel, salud\u00f3 este martes la emisi\u00f3n del Decreto 617-22 por parte del presidente Luis Abinader que declara de inter\u00e9s nacional la promoci\u00f3n de las compras p\u00fablicas sostenibles e inclusivas. Pimentel explic\u00f3 que esta disposici\u00f3n orienta a las instituciones gubernamentales a adquirir obras, bienes y servicios de menor impacto medioambiental y mayor obtenci\u00f3n de valor por dinero, lo que, a su juicio, contribuir\u00e1 a fortalecer el Sistema Nacional de Compras y Contrataciones P\u00fablicas (SNCCP). \u201cSe trata de un hito hist\u00f3rico para nuestro pa\u00eds que, sin lugar a dudas, nos permite tener las herramientas para seguir impulsando la conceptualizaci\u00f3n, la mirada de valor por dinero para que las compras sigan convirti\u00e9ndose en un eje fundamental para el desarrollo y para garantizar derechos a los dominicanos y dominicanas\u201d, subray\u00f3. La normativa ordena la creaci\u00f3n del\u00a0Gabinete de Compras P\u00fablicas Sostenibles e Inclusivas, bajo la coordinaci\u00f3n de la Direcci\u00f3n General de Contrataciones P\u00fablicas (DGCP) que deber\u00e1 impulsar la incorporaci\u00f3n progresiva de las mejores pr\u00e1cticas para eficientizar el gasto p\u00fablico y maximizar los impactos sociales y medioambientales positivos de las contrataciones. Dicho gabinete est\u00e1 integrado, adem\u00e1s, por los ministerios de Econom\u00eda, Planificaci\u00f3n y Desarrollo, de Medio Ambiente y de Industria y Comercio y Mipymes, as\u00ed como por la Presidencia de la Rep\u00fablica. Dentro de las funciones del Gabinete se destacan el dise\u00f1o, aprobaci\u00f3n y fomento de estrategias de compras sostenibles que impacten a personas con discapacidad, mujeres, envejecientes y otros sectores vulnerables a las compras p\u00fablicas, la reducci\u00f3n de los impactos medioambientales en las contrataciones p\u00fablicas y la innovaci\u00f3n de bienes, obras y servicios adquiridos por el Estado. El decreto tambi\u00e9n instruye a la DGCP a incluir en sus planes de capacitaci\u00f3n presenciales y virtuales m\u00f3dulos para orientar bajo estos criterios la adquisici\u00f3n de sus bienes, obras y servicios y junto al Ministerio de Medio Ambiente elaborar una Pol\u00edtica Nacional sobre Compras Verdes. Pimentel hizo el anuncio durante el inicio del taller \u201cEl criterio del valor por dinero en las contrataciones p\u00fablicas\u201d en coordinaci\u00f3n con la Universidad Iberoamericana y apoyo de la Uni\u00f3n Europea, mediante para la formaci\u00f3n de servidores p\u00fablicos vinculados a las \u00e1reas de compras y financiero de varias instituciones p\u00fablicas.<\/p>\n","protected":false},"author":6,"featured_media":0,"comment_status":"open","ping_status":"open","sticky":false,"template":"","format":"standard","meta":{"om_disable_all_campaigns":false,"footnotes":""},"categories":[12],"tags":[],"class_list":["post-124878","post","type-post","status-publish","format-standard","hentry","category-politic"],"_links":{"self":[{"href":"https:\/\/conexiondigital.com.do\/index.php\/wp-json\/wp\/v2\/posts\/124878","targetHints":{"allow":["GET"]}}],"collection":[{"href":"https:\/\/conexiondigital.com.do\/index.php\/wp-json\/wp\/v2\/posts"}],"about":[{"href":"https:\/\/conexiondigital.com.do\/index.php\/wp-json\/wp\/v2\/types\/post"}],"author":[{"embeddable":true,"href":"https:\/\/conexiondigital.com.do\/index.php\/wp-json\/wp\/v2\/users\/6"}],"replies":[{"embeddable":true,"href":"https:\/\/conexiondigital.com.do\/index.php\/wp-json\/wp\/v2\/comments?post=124878"}],"version-history":[{"count":1,"href":"https:\/\/conexiondigital.com.do\/index.php\/wp-json\/wp\/v2\/posts\/124878\/revisions"}],"predecessor-version":[{"id":124880,"href":"https:\/\/conexiondigital.com.do\/index.php\/wp-json\/wp\/v2\/posts\/124878\/revisions\/124880"}],"wp:attachment":[{"href":"https:\/\/conexiondigital.com.do\/index.php\/wp-json\/wp\/v2\/media?parent=124878"}],"wp:term":[{"taxonomy":"category","embeddable":true,"href":"https:\/\/conexiondigital.com.do\/index.php\/wp-json\/wp\/v2\/categories?post=124878"},{"taxonomy":"post_tag","embeddable":true,"href":"https:\/\/conexiondigital.com.do\/index.php\/wp-json\/wp\/v2\/tags?post=124878"}],"curies":[{"name":"wp","href":"https:\/\/api.w.org\/{rel}","templated":true}]}}