{"id":124904,"date":"2022-10-26T16:55:02","date_gmt":"2022-10-26T20:55:02","guid":{"rendered":"http:\/\/conexiondigital.com.do\/?p=124904"},"modified":"2022-10-26T16:55:02","modified_gmt":"2022-10-26T20:55:02","slug":"eted-informa-sobre-trabajos-en-linea-69-kv-spm-i-cementos-nacionales-en-santo-domingo-y-san-pedro-de-macoris","status":"publish","type":"post","link":"https:\/\/conexiondigital.com.do\/index.php\/2022\/10\/26\/eted-informa-sobre-trabajos-en-linea-69-kv-spm-i-cementos-nacionales-en-santo-domingo-y-san-pedro-de-macoris\/","title":{"rendered":"ETED INFORMA SOBRE TRABAJOS EN L\u00cdNEA\u00a069 KV SPM I &#8211; CEMENTOS NACIONALES, EN SANTO DOMINGO Y SAN PEDRO\u00a0DE MACOR\u00cdS\u00a0"},"content":{"rendered":"<p><img loading=\"lazy\" decoding=\"async\" class=\"size-medium wp-image-124905 aligncenter\" src=\"https:\/\/images.conexiondigital.com.do\/wp-content\/uploads\/wp-content\/uploads\/2022\/10\/thumbnail_Manntto-ETED-800x449.jpg\" alt=\"\" width=\"800\" height=\"449\" \/>Para garantizar la calidad en el suministro el\u00e9ctrico,\u00a0la Empresa de Transmisi\u00f3n El\u00e9ctrica Dominicana (ETED), rehabilitar\u00e1 los cables de guarda en la l\u00ednea 69 kV SPM I &#8211; Cementos Nacionales, por lo que el servicio ser\u00e1\u00a0interrumpido en la comunidad de Cayacoa provincia San Pedro de Macor\u00eds, y Catalina, provincia Santo Domingo, de 9:00 a.m. a 1:00 p.m., este jueves 27 de octubre.<\/p>\n<p>Estos trabajos est\u00e1n enmarcados dentro del plan del Gobierno del presidente Luis Abinader, de velar porque las infraestructuras el\u00e9ctricas en el pa\u00eds se encuentren en correcto funcionamiento, de esta forma poder brindar un servicio continuo, estable, eficiente y de calidad a los ciudadanos, como compromiso primordial de la ETED.<\/p>\n<p>Pedimos disculpas por los inconvenientes que esto puede causar y apelamos a la comprensi\u00f3n de los ciudadanos en estas zonas.<\/p>\n<p>&nbsp;<\/p>\n","protected":false},"excerpt":{"rendered":"<p>Para garantizar la calidad en el suministro el\u00e9ctrico,\u00a0la Empresa de Transmisi\u00f3n El\u00e9ctrica Dominicana (ETED), rehabilitar\u00e1 los cables de guarda en la l\u00ednea 69 kV SPM I &#8211; Cementos Nacionales, por lo que el servicio ser\u00e1\u00a0interrumpido en la comunidad de Cayacoa provincia San Pedro de Macor\u00eds, y Catalina, provincia Santo Domingo, de 9:00 a.m. a 1:00 p.m., este jueves 27 de octubre. Estos trabajos est\u00e1n enmarcados dentro del plan del Gobierno del presidente Luis Abinader, de velar porque las infraestructuras el\u00e9ctricas en el pa\u00eds se encuentren en correcto funcionamiento, de esta forma poder brindar un servicio continuo, estable, eficiente y de calidad a los ciudadanos, como compromiso primordial de la ETED. Pedimos disculpas por los inconvenientes que esto puede causar y apelamos a la comprensi\u00f3n de los ciudadanos en estas zonas. &nbsp;<\/p>\n","protected":false},"author":6,"featured_media":0,"comment_status":"open","ping_status":"open","sticky":false,"template":"","format":"standard","meta":{"om_disable_all_campaigns":false,"footnotes":""},"categories":[56],"tags":[],"class_list":["post-124904","post","type-post","status-publish","format-standard","hentry","category-economia"],"_links":{"self":[{"href":"https:\/\/conexiondigital.com.do\/index.php\/wp-json\/wp\/v2\/posts\/124904","targetHints":{"allow":["GET"]}}],"collection":[{"href":"https:\/\/conexiondigital.com.do\/index.php\/wp-json\/wp\/v2\/posts"}],"about":[{"href":"https:\/\/conexiondigital.com.do\/index.php\/wp-json\/wp\/v2\/types\/post"}],"author":[{"embeddable":true,"href":"https:\/\/conexiondigital.com.do\/index.php\/wp-json\/wp\/v2\/users\/6"}],"replies":[{"embeddable":true,"href":"https:\/\/conexiondigital.com.do\/index.php\/wp-json\/wp\/v2\/comments?post=124904"}],"version-history":[{"count":1,"href":"https:\/\/conexiondigital.com.do\/index.php\/wp-json\/wp\/v2\/posts\/124904\/revisions"}],"predecessor-version":[{"id":124906,"href":"https:\/\/conexiondigital.com.do\/index.php\/wp-json\/wp\/v2\/posts\/124904\/revisions\/124906"}],"wp:attachment":[{"href":"https:\/\/conexiondigital.com.do\/index.php\/wp-json\/wp\/v2\/media?parent=124904"}],"wp:term":[{"taxonomy":"category","embeddable":true,"href":"https:\/\/conexiondigital.com.do\/index.php\/wp-json\/wp\/v2\/categories?post=124904"},{"taxonomy":"post_tag","embeddable":true,"href":"https:\/\/conexiondigital.com.do\/index.php\/wp-json\/wp\/v2\/tags?post=124904"}],"curies":[{"name":"wp","href":"https:\/\/api.w.org\/{rel}","templated":true}]}}