{"id":124936,"date":"2022-10-28T05:29:30","date_gmt":"2022-10-28T09:29:30","guid":{"rendered":"http:\/\/conexiondigital.com.do\/?p=124936"},"modified":"2022-10-28T05:29:30","modified_gmt":"2022-10-28T09:29:30","slug":"abel-martinez-sera-el-proximo-presidente-de-la-republica-asegura-robert-de-la-cruz","status":"publish","type":"post","link":"https:\/\/conexiondigital.com.do\/index.php\/2022\/10\/28\/abel-martinez-sera-el-proximo-presidente-de-la-republica-asegura-robert-de-la-cruz\/","title":{"rendered":"Abel Mart\u00ednez ser\u00e1 el pr\u00f3ximo presidente de la Rep\u00fablica, asegura Robert de la Cruz"},"content":{"rendered":"<p><img loading=\"lazy\" decoding=\"async\" class=\"size-medium wp-image-124937 aligncenter\" src=\"https:\/\/images.conexiondigital.com.do\/wp-content\/uploads\/wp-content\/uploads\/2022\/10\/5879663b-f12a-49be-adab-66eab7655dde-800x713.jpg\" alt=\"\" width=\"800\" height=\"713\" \/>Santo Domingo.- El miembro del Comite Comit\u00e9 y del Comit\u00e9 Consultivo del Partido de la Liberaci\u00f3n Dominicana, Robert de la Cruz, manifest\u00f3 este jueves que la organizaci\u00f3n de la forma parte trabaja enfocada en cada d\u00eda renovar su fuerza pol\u00edtica dando oportunidades de crecimiento a los viejos y nuevos miembros.<\/p>\n<p>De la Cruz agreg\u00f3, que la madurez y que se vive dentro del PLD, no es m\u00e1s, que una radiograf\u00eda del respeto a la democracia y esto qued\u00f3 evidenciado el pasado domingo 16, cuando se abocaron a la realizaci\u00f3n de su Consulta Ciudadana.<\/p>\n<p>En este proceso donde Robert de la Cruz, como Titular de la Secretaria de Tecnolog\u00eda, tuvo a su cargo lo relacionado con el voto electr\u00f3nico y digitalizaci\u00f3n, asegur\u00f3 que la transparencia de los resultados nunca fue cuestionada y por esto todos incluyendo los dem\u00e1s aspirantes, valoraron c\u00f3mo positiva la escogencia de Abel Mart\u00ednez Dur\u00e1n, quien ser\u00e1 el precandidato presidencial del partido morado.<\/p>\n<p>En ese sentido, expres\u00f3 que desde ya trabajan con Mart\u00ednez Dur\u00e1n en busca devolverle al pa\u00eds las pol\u00edticas p\u00fablicas y garantistas de los derechos de los cu\u00eddanos que fueron creadas en los gobiernos del presidente Danilo Medina y que hoy en d\u00eda, han desaparecido.<\/p>\n<p>Robert de la Cruz, indic\u00f3<br \/>\nque no solo los peledeistas votaron por Abel, sino tambi\u00e9n, los dominicanos que quieren que esta organizaci\u00f3n retorne al poder en el 2024 para volver a mejorar su calidad de vida.<\/p>\n<p>\u00c9l tambi\u00e9n miembro del Comite Central, expres\u00f3 que debes el presidente del partido y dem\u00e1s integrantes trabajan en UNIDAD, porque lo m\u00e1s importante es el triunfo de esta fuerza pol\u00edtica en las pr\u00f3ximas elecciones.<\/p>\n","protected":false},"excerpt":{"rendered":"<p>Santo Domingo.- El miembro del Comite Comit\u00e9 y del Comit\u00e9 Consultivo del Partido de la Liberaci\u00f3n Dominicana, Robert de la Cruz, manifest\u00f3 este jueves que la organizaci\u00f3n de la forma parte trabaja enfocada en cada d\u00eda renovar su fuerza pol\u00edtica dando oportunidades de crecimiento a los viejos y nuevos miembros. De la Cruz agreg\u00f3, que la madurez y que se vive dentro del PLD, no es m\u00e1s, que una radiograf\u00eda del respeto a la democracia y esto qued\u00f3 evidenciado el pasado domingo 16, cuando se abocaron a la realizaci\u00f3n de su Consulta Ciudadana. En este proceso donde Robert de la Cruz, como Titular de la Secretaria de Tecnolog\u00eda, tuvo a su cargo lo relacionado con el voto electr\u00f3nico y digitalizaci\u00f3n, asegur\u00f3 que la transparencia de los resultados nunca fue cuestionada y por esto todos incluyendo los dem\u00e1s aspirantes, valoraron c\u00f3mo positiva la escogencia de Abel Mart\u00ednez Dur\u00e1n, quien ser\u00e1 el precandidato presidencial del partido morado. En ese sentido, expres\u00f3 que desde ya trabajan con Mart\u00ednez Dur\u00e1n en busca devolverle al pa\u00eds las pol\u00edticas p\u00fablicas y garantistas de los derechos de los cu\u00eddanos que fueron creadas en los gobiernos del presidente Danilo Medina y que hoy en d\u00eda, han desaparecido. Robert de la Cruz, indic\u00f3 que no solo los peledeistas votaron por Abel, sino tambi\u00e9n, los dominicanos que quieren que esta organizaci\u00f3n retorne al poder en el 2024 para volver a mejorar su calidad de vida. \u00c9l tambi\u00e9n miembro del Comite Central, expres\u00f3 que debes el presidente del partido y dem\u00e1s integrantes trabajan en UNIDAD, porque lo m\u00e1s importante es el triunfo de esta fuerza pol\u00edtica en las pr\u00f3ximas elecciones.<\/p>\n","protected":false},"author":3,"featured_media":0,"comment_status":"open","ping_status":"open","sticky":false,"template":"","format":"standard","meta":{"om_disable_all_campaigns":false,"footnotes":""},"categories":[12],"tags":[],"class_list":["post-124936","post","type-post","status-publish","format-standard","hentry","category-politic"],"_links":{"self":[{"href":"https:\/\/conexiondigital.com.do\/index.php\/wp-json\/wp\/v2\/posts\/124936","targetHints":{"allow":["GET"]}}],"collection":[{"href":"https:\/\/conexiondigital.com.do\/index.php\/wp-json\/wp\/v2\/posts"}],"about":[{"href":"https:\/\/conexiondigital.com.do\/index.php\/wp-json\/wp\/v2\/types\/post"}],"author":[{"embeddable":true,"href":"https:\/\/conexiondigital.com.do\/index.php\/wp-json\/wp\/v2\/users\/3"}],"replies":[{"embeddable":true,"href":"https:\/\/conexiondigital.com.do\/index.php\/wp-json\/wp\/v2\/comments?post=124936"}],"version-history":[{"count":1,"href":"https:\/\/conexiondigital.com.do\/index.php\/wp-json\/wp\/v2\/posts\/124936\/revisions"}],"predecessor-version":[{"id":124938,"href":"https:\/\/conexiondigital.com.do\/index.php\/wp-json\/wp\/v2\/posts\/124936\/revisions\/124938"}],"wp:attachment":[{"href":"https:\/\/conexiondigital.com.do\/index.php\/wp-json\/wp\/v2\/media?parent=124936"}],"wp:term":[{"taxonomy":"category","embeddable":true,"href":"https:\/\/conexiondigital.com.do\/index.php\/wp-json\/wp\/v2\/categories?post=124936"},{"taxonomy":"post_tag","embeddable":true,"href":"https:\/\/conexiondigital.com.do\/index.php\/wp-json\/wp\/v2\/tags?post=124936"}],"curies":[{"name":"wp","href":"https:\/\/api.w.org\/{rel}","templated":true}]}}