{"id":126481,"date":"2023-03-11T17:10:20","date_gmt":"2023-03-11T21:10:20","guid":{"rendered":"http:\/\/conexiondigital.com.do\/?p=126481"},"modified":"2023-03-11T17:10:20","modified_gmt":"2023-03-11T21:10:20","slug":"wellington-arnaud-supervisa-obras-en-el-este","status":"publish","type":"post","link":"https:\/\/conexiondigital.com.do\/index.php\/2023\/03\/11\/wellington-arnaud-supervisa-obras-en-el-este\/","title":{"rendered":"Wellington Arnaud supervisa obras en el este"},"content":{"rendered":"<p><img loading=\"lazy\" decoding=\"async\" class=\"size-medium wp-image-126482 alignnone\" src=\"https:\/\/images.conexiondigital.com.do\/wp-content\/uploads\/wp-content\/uploads\/2023\/03\/WhatsApp-Image-2023-03-09-at-6.22.49-PM-800x533.jpg\" alt=\"\" width=\"800\" height=\"533\" \/>El director ejecutivo del Instituto Nacional de Aguas Potables y Alcantarillados (INAPA), Wellington Arnaud, constat\u00f3 que el nuevo acueducto que se construye en el municipio de Miches, en la provincia El Seibo, marcha conforme al cronograma y muy pronto suplir\u00e1 agua, en cantidad, calidad y presi\u00f3n, a toda la demarcaci\u00f3n.<\/p>\n<p>El funcionario destac\u00f3 que la obra cuenta con tuber\u00edas totalmente nuevas e incluye una l\u00ednea directa hacia la zona tur\u00edstica.<\/p>\n<p>Inform\u00f3 que la infraestructura posee un dep\u00f3sito regulador, con capacidad de m\u00e1s de 2 millones de galones, que asegurar\u00e1 un suministro de calidad tanto para las comunidades de Miches como para la zona hotelera, con la instalaci\u00f3n de 10 kil\u00f3metros de nuevas redes.<\/p>\n<p>\u00abDe esta manera, no solo se beneficiar\u00e1n las comunidades, sino tambi\u00e9n se garantizar\u00e1 el desarrollo tur\u00edstico de este importante polo\u00bb, asegur\u00f3.<\/p>\n<p>Arnaud tambi\u00e9n se traslad\u00f3 hacia la provincia Hato Mayor, donde se est\u00e1n construyendo, de manera simult\u00e1nea, las plantas de tratamiento de aguas residuales de los municipios Sabana de la Mar, El Valle y Hato Mayor.<\/p>\n<p>\u00abEsta \u00faltima est\u00e1 en su etapa final y ser\u00e1 inaugurada pr\u00f3ximamente\u00bb, adelant\u00f3.<\/p>\n<p>Destac\u00f3 que estas obras son de gran importancia porque en esa zona nunca se hab\u00edan tratado las aguas residuales, lo que significaba un atentado a la salud de los residentes.<\/p>\n<p>\u00abEsto evidencia el compromiso del presidente Luis Abinader de invertir los recursos necesarios para llevar agua potable a cada hogar dominicano; pero tambi\u00e9n para dar el tratamiento adecuado a las aguas residuales, que era una deuda social de muchos a\u00f1os\u00bb, indic\u00f3.<\/p>\n<p>El titular del INAPA recalc\u00f3 que en gobiernos pasados no se hac\u00edan estas inversiones \u00abporque las tuber\u00edas no se ven, ya que van por debajo de la tierra, pero se sienten en la salud de la gente\u00bb.<\/p>\n<p>&nbsp;<\/p>\n","protected":false},"excerpt":{"rendered":"<p>El director ejecutivo del Instituto Nacional de Aguas Potables y Alcantarillados (INAPA), Wellington Arnaud, constat\u00f3 que el nuevo acueducto que se construye en el municipio de Miches, en la provincia El Seibo, marcha conforme al cronograma y muy pronto suplir\u00e1 agua, en cantidad, calidad y presi\u00f3n, a toda la demarcaci\u00f3n. El funcionario destac\u00f3 que la obra cuenta con tuber\u00edas totalmente nuevas e incluye una l\u00ednea directa hacia la zona tur\u00edstica. Inform\u00f3 que la infraestructura posee un dep\u00f3sito regulador, con capacidad de m\u00e1s de 2 millones de galones, que asegurar\u00e1 un suministro de calidad tanto para las comunidades de Miches como para la zona hotelera, con la instalaci\u00f3n de 10 kil\u00f3metros de nuevas redes. \u00abDe esta manera, no solo se beneficiar\u00e1n las comunidades, sino tambi\u00e9n se garantizar\u00e1 el desarrollo tur\u00edstico de este importante polo\u00bb, asegur\u00f3. Arnaud tambi\u00e9n se traslad\u00f3 hacia la provincia Hato Mayor, donde se est\u00e1n construyendo, de manera simult\u00e1nea, las plantas de tratamiento de aguas residuales de los municipios Sabana de la Mar, El Valle y Hato Mayor. \u00abEsta \u00faltima est\u00e1 en su etapa final y ser\u00e1 inaugurada pr\u00f3ximamente\u00bb, adelant\u00f3. Destac\u00f3 que estas obras son de gran importancia porque en esa zona nunca se hab\u00edan tratado las aguas residuales, lo que significaba un atentado a la salud de los residentes. \u00abEsto evidencia el compromiso del presidente Luis Abinader de invertir los recursos necesarios para llevar agua potable a cada hogar dominicano; pero tambi\u00e9n para dar el tratamiento adecuado a las aguas residuales, que era una deuda social de muchos a\u00f1os\u00bb, indic\u00f3. El titular del INAPA recalc\u00f3 que en gobiernos pasados no se hac\u00edan estas inversiones \u00abporque las tuber\u00edas no se ven, ya que van por debajo de la tierra, pero se sienten en la salud de la gente\u00bb. &nbsp;<\/p>\n","protected":false},"author":3,"featured_media":0,"comment_status":"open","ping_status":"open","sticky":false,"template":"","format":"standard","meta":{"om_disable_all_campaigns":false,"footnotes":""},"categories":[15],"tags":[],"class_list":["post-126481","post","type-post","status-publish","format-standard","hentry","category-nacionales"],"_links":{"self":[{"href":"https:\/\/conexiondigital.com.do\/index.php\/wp-json\/wp\/v2\/posts\/126481","targetHints":{"allow":["GET"]}}],"collection":[{"href":"https:\/\/conexiondigital.com.do\/index.php\/wp-json\/wp\/v2\/posts"}],"about":[{"href":"https:\/\/conexiondigital.com.do\/index.php\/wp-json\/wp\/v2\/types\/post"}],"author":[{"embeddable":true,"href":"https:\/\/conexiondigital.com.do\/index.php\/wp-json\/wp\/v2\/users\/3"}],"replies":[{"embeddable":true,"href":"https:\/\/conexiondigital.com.do\/index.php\/wp-json\/wp\/v2\/comments?post=126481"}],"version-history":[{"count":1,"href":"https:\/\/conexiondigital.com.do\/index.php\/wp-json\/wp\/v2\/posts\/126481\/revisions"}],"predecessor-version":[{"id":126483,"href":"https:\/\/conexiondigital.com.do\/index.php\/wp-json\/wp\/v2\/posts\/126481\/revisions\/126483"}],"wp:attachment":[{"href":"https:\/\/conexiondigital.com.do\/index.php\/wp-json\/wp\/v2\/media?parent=126481"}],"wp:term":[{"taxonomy":"category","embeddable":true,"href":"https:\/\/conexiondigital.com.do\/index.php\/wp-json\/wp\/v2\/categories?post=126481"},{"taxonomy":"post_tag","embeddable":true,"href":"https:\/\/conexiondigital.com.do\/index.php\/wp-json\/wp\/v2\/tags?post=126481"}],"curies":[{"name":"wp","href":"https:\/\/api.w.org\/{rel}","templated":true}]}}