{"id":126570,"date":"2023-03-19T10:18:49","date_gmt":"2023-03-19T14:18:49","guid":{"rendered":"http:\/\/conexiondigital.com.do\/?p=126570"},"modified":"2023-03-19T10:18:49","modified_gmt":"2023-03-19T14:18:49","slug":"diputada-juliana-asegura-hay-mucho-entusiasmo-con-marcha-de-mujeres-de-este-domingo-19-en-la-capital","status":"publish","type":"post","link":"https:\/\/conexiondigital.com.do\/index.php\/2023\/03\/19\/diputada-juliana-asegura-hay-mucho-entusiasmo-con-marcha-de-mujeres-de-este-domingo-19-en-la-capital\/","title":{"rendered":"Diputada Juliana asegura \u201chay mucho entusiasmo con marcha de mujeres de este domingo 19 en la Capital\u201d"},"content":{"rendered":"<p><strong><img loading=\"lazy\" decoding=\"async\" class=\"size-medium wp-image-126571 aligncenter\" src=\"https:\/\/images.conexiondigital.com.do\/wp-content\/uploads\/wp-content\/uploads\/2023\/03\/thumbnail_Juliana-O\u00b4Neal-1-800x533.jpg\" alt=\"\" width=\"800\" height=\"533\" \/>La legisladora explica marcha consiste en manifestaci\u00f3n c\u00edvica<\/strong><\/p>\n<p>Santo Domingo.- La diputada del partido Fuerza del Pueblo Juliana O&#8217;neal asegur\u00f3 este viernes que hay mucho entusiasmo con la marcha en contra del alto costo de la vida, que ha convocado la Secretar\u00eda de la Mujer del partido presidido por el l\u00edder de la oposici\u00f3n, Leonel Fern\u00e1ndez.<\/p>\n<p>La marcha que se iniciar\u00e1 a las 10 de la ma\u00f1ana de este domingo 19, desde el Parque Enriquillo hasta el Parque Independencia, tiene como objetivo alzar la voz ante los altos precios de la Canasta B\u00e1sica Familiar.<\/p>\n<p>Con la convocatoria de las mujeres de la Fuerza del Pueblo la organizaci\u00f3n pol\u00edtica cierra el calendario de actividades del mes de marzo, declarado por el partido opositor, como el mes de la mujer. Se trata de una gran marcha en protesta contra el alto costo de la vida, ya que las mujeres son las m\u00e1s afectadas ante este y otras problem\u00e1ticas.<\/p>\n<p>Seg\u00fan lo explicado por la legisladora Juliana, esta ser\u00e1 una manifestaci\u00f3n c\u00edvica, en reclamo a las acciones negativas del gobierno en detrimento de la estabilidad econ\u00f3mica de las familias dominicanas<\/p>\n<p><strong>Otras actividades:<\/strong><\/p>\n<p>El partido Fuerza del Pueblo continuar\u00e1 los talleres de capacitaci\u00f3n con aspirantes a ocupar posiciones electivas municipales.<\/p>\n<p>El s\u00e1bado 18 \u00a0la regi\u00f3n Cibao-Sur, compuesta por las provincias La Vega, Monse\u00f1or Nouel y S\u00e1nchez Ram\u00edrez se reunir\u00e1n en el Municipio de Bonao, calle profesor Juan Bosch, antigua avenida Libertad, en el Sal\u00f3n multiuso de la Cooperativa San Antonio (Antigua Coofalcondo), donde a las 10 de la ma\u00f1ana se realizar\u00e1 el taller para l\u00edderes municipales.<\/p>\n<p>El mismo s\u00e1bado 18, pero a 3 de la tarde, se desarrollar\u00e1 el referido taller con aspiraciones municipales de la Regi\u00f3n Cibao-Nordeste, compuesta por las provincias Duarte, Mar\u00eda Trinidad S\u00e1nchez, Saman\u00e1 y Hermanas Mirabal. La importante actividad se realizar\u00e1 en la calle Padre Brea, esquina Salom\u00e9 Ure\u00f1a, de San Francisco de Macor\u00eds.<\/p>\n<p>El mismo d\u00eda el economista e integrante de la Direcci\u00f3n Central de la Fuerza del Pueblo, Haivanjoe NG Corti\u00f1as, dictar\u00e1 la conferencia \u201cCon Leonel se Vive Mejor\u201d en Barahona.<\/p>\n<p>En la tarde del domingo, despu\u00e9s de la actividad de Santo Domingo, el presidente de la Fuerza del Pueblo, Leonel Fern\u00e1ndez, ir\u00e1 al municipio de Bonao, provincia Monse\u00f1or Nouel, donde encabezar\u00e1 un importante acto de juramentaci\u00f3n de dirigentes de otras organizaciones que pasan a la FP.<\/p>\n","protected":false},"excerpt":{"rendered":"<p>La legisladora explica marcha consiste en manifestaci\u00f3n c\u00edvica Santo Domingo.- La diputada del partido Fuerza del Pueblo Juliana O&#8217;neal asegur\u00f3 este viernes que hay mucho entusiasmo con la marcha en contra del alto costo de la vida, que ha convocado la Secretar\u00eda de la Mujer del partido presidido por el l\u00edder de la oposici\u00f3n, Leonel Fern\u00e1ndez. La marcha que se iniciar\u00e1 a las 10 de la ma\u00f1ana de este domingo 19, desde el Parque Enriquillo hasta el Parque Independencia, tiene como objetivo alzar la voz ante los altos precios de la Canasta B\u00e1sica Familiar. Con la convocatoria de las mujeres de la Fuerza del Pueblo la organizaci\u00f3n pol\u00edtica cierra el calendario de actividades del mes de marzo, declarado por el partido opositor, como el mes de la mujer. Se trata de una gran marcha en protesta contra el alto costo de la vida, ya que las mujeres son las m\u00e1s afectadas ante este y otras problem\u00e1ticas. Seg\u00fan lo explicado por la legisladora Juliana, esta ser\u00e1 una manifestaci\u00f3n c\u00edvica, en reclamo a las acciones negativas del gobierno en detrimento de la estabilidad econ\u00f3mica de las familias dominicanas Otras actividades: El partido Fuerza del Pueblo continuar\u00e1 los talleres de capacitaci\u00f3n con aspirantes a ocupar posiciones electivas municipales. El s\u00e1bado 18 \u00a0la regi\u00f3n Cibao-Sur, compuesta por las provincias La Vega, Monse\u00f1or Nouel y S\u00e1nchez Ram\u00edrez se reunir\u00e1n en el Municipio de Bonao, calle profesor Juan Bosch, antigua avenida Libertad, en el Sal\u00f3n multiuso de la Cooperativa San Antonio (Antigua Coofalcondo), donde a las 10 de la ma\u00f1ana se realizar\u00e1 el taller para l\u00edderes municipales. El mismo s\u00e1bado 18, pero a 3 de la tarde, se desarrollar\u00e1 el referido taller con aspiraciones municipales de la Regi\u00f3n Cibao-Nordeste, compuesta por las provincias Duarte, Mar\u00eda Trinidad S\u00e1nchez, Saman\u00e1 y Hermanas Mirabal. La importante actividad se realizar\u00e1 en la calle Padre Brea, esquina Salom\u00e9 Ure\u00f1a, de San Francisco de Macor\u00eds. El mismo d\u00eda el economista e integrante de la Direcci\u00f3n Central de la Fuerza del Pueblo, Haivanjoe NG Corti\u00f1as, dictar\u00e1 la conferencia \u201cCon Leonel se Vive Mejor\u201d en Barahona. En la tarde del domingo, despu\u00e9s de la actividad de Santo Domingo, el presidente de la Fuerza del Pueblo, Leonel Fern\u00e1ndez, ir\u00e1 al municipio de Bonao, provincia Monse\u00f1or Nouel, donde encabezar\u00e1 un importante acto de juramentaci\u00f3n de dirigentes de otras organizaciones que pasan a la FP.<\/p>\n","protected":false},"author":3,"featured_media":0,"comment_status":"open","ping_status":"open","sticky":false,"template":"","format":"standard","meta":{"om_disable_all_campaigns":false,"footnotes":""},"categories":[12],"tags":[],"class_list":["post-126570","post","type-post","status-publish","format-standard","hentry","category-politic"],"_links":{"self":[{"href":"https:\/\/conexiondigital.com.do\/index.php\/wp-json\/wp\/v2\/posts\/126570","targetHints":{"allow":["GET"]}}],"collection":[{"href":"https:\/\/conexiondigital.com.do\/index.php\/wp-json\/wp\/v2\/posts"}],"about":[{"href":"https:\/\/conexiondigital.com.do\/index.php\/wp-json\/wp\/v2\/types\/post"}],"author":[{"embeddable":true,"href":"https:\/\/conexiondigital.com.do\/index.php\/wp-json\/wp\/v2\/users\/3"}],"replies":[{"embeddable":true,"href":"https:\/\/conexiondigital.com.do\/index.php\/wp-json\/wp\/v2\/comments?post=126570"}],"version-history":[{"count":1,"href":"https:\/\/conexiondigital.com.do\/index.php\/wp-json\/wp\/v2\/posts\/126570\/revisions"}],"predecessor-version":[{"id":126572,"href":"https:\/\/conexiondigital.com.do\/index.php\/wp-json\/wp\/v2\/posts\/126570\/revisions\/126572"}],"wp:attachment":[{"href":"https:\/\/conexiondigital.com.do\/index.php\/wp-json\/wp\/v2\/media?parent=126570"}],"wp:term":[{"taxonomy":"category","embeddable":true,"href":"https:\/\/conexiondigital.com.do\/index.php\/wp-json\/wp\/v2\/categories?post=126570"},{"taxonomy":"post_tag","embeddable":true,"href":"https:\/\/conexiondigital.com.do\/index.php\/wp-json\/wp\/v2\/tags?post=126570"}],"curies":[{"name":"wp","href":"https:\/\/api.w.org\/{rel}","templated":true}]}}