{"id":132226,"date":"2024-06-28T18:37:08","date_gmt":"2024-06-28T22:37:08","guid":{"rendered":"http:\/\/conexiondigital.com.do\/?p=132226"},"modified":"2024-06-28T18:37:08","modified_gmt":"2024-06-28T22:37:08","slug":"justicia-social-inicia-formacion-politica-e-ideologica-con-conferencia-en-azua","status":"publish","type":"post","link":"https:\/\/conexiondigital.com.do\/index.php\/2024\/06\/28\/justicia-social-inicia-formacion-politica-e-ideologica-con-conferencia-en-azua\/","title":{"rendered":"Justicia Social inicia formaci\u00f3n pol\u00edtica e ideol\u00f3gica con conferencia en Azua"},"content":{"rendered":"<p><img loading=\"lazy\" decoding=\"async\" class=\"size-medium wp-image-132227 aligncenter\" src=\"https:\/\/images.conexiondigital.com.do\/wp-content\/uploads\/wp-content\/uploads\/2024\/06\/3eea9692-117a-400b-86ad-2f5a20be3c2d-800x450.jpg\" alt=\"\" width=\"800\" height=\"450\" \/>Azua. &#8211; A fin de brindar un espacio para la formaci\u00f3n, la reflexi\u00f3n y la comprensi\u00f3n pol\u00edtica, el presidente del partido Justicia Social, Julio C\u00e9sar Valent\u00edn, ofreci\u00f3 en Azua una conferencia titulada \u201cValores Fundamentales de un Partido Progresista\u201d, en la que realiz\u00f3 un recorrido hist\u00f3rico sobre el progresismo, sus principios esenciales, valores, sujetos sociales que defiende, y retos a futuro.<\/p>\n<p>El ex senador, intelectual y reconocido luchador social, dio inicio a la ponencia describiendo el sinificado, los or\u00edgenes y alcances del progresismo como corriente ideol\u00f3gica y pragm\u00e1tica, basada en la igualdad, la no discriminaci\u00f3n y la defensa de los sectores vulnerables.<\/p>\n<p>\u201cLa palabra progresista est\u00e1 asociada al progreso, a los cambios constantes, al desaf\u00edo de las tradiciones en procura de propiciar cambios en la sociedad. Cambios que tiendan a generar y ampliar derechos, as\u00ed como plantear la redenci\u00f3n de los sectores m\u00e1s sometidos, excluidos y olvidados en la sociedad\u201d, indic\u00f3.<\/p>\n<p>Luego, de manera magistral, detall\u00f3 la evoluci\u00f3n hist\u00f3rica del progresismo desde el siglo XIX hasta la actualidad, destacando la corriente liberalista en contra del aboslutismo, el movimiento obrero del siglo XX; las luchas armadas en contra del colonialismo, el imperialismo y a favor de la autodeterminaci\u00f3n de los pueblos; y el renacer de la izquierda en Am\u00e9rica Latina, entre otros hitos.<\/p>\n<p>\u201cSon muchos los logros del progresismo. Han sido muchas las conquistas de la humanidad a costa de millones de vidas, de luchas, de prisiones y de sangre, para alcanzar y ampliar los derechos que hoy disfrutamos\u201d, se\u00f1al\u00f3 Valent\u00edn.<\/p>\n<p>Entre los logros alcanzados, enfatiz\u00f3 la democratizaci\u00f3n del mundo, la universalizaci\u00f3n de la educaci\u00f3n, la abolici\u00f3n de la esclavitud y el combate al racismo, los diferentes logros en materia laboral y sindical, la seguridad social, la igualdad entre mujeres y hombres y la defensa global del medio ambiente.<\/p>\n<p>Igualdad, inclusi\u00f3n y la no discriminaci\u00f3n<\/p>\n<p>De acuerdo a Valent\u00edn, luego del extenso recorrido de las diferentes tendencias que han nacido y evolucionado a trav\u00e9s de los a\u00f1os, se puede decir que hay una visi\u00f3n contempor\u00e1nea que propugna el progresismo como bandera de lucha para -en democracia- lograr m\u00e1s inclusi\u00f3n y ampliar los derechos de todos los sujetos sociales, especialmente los excluidos.<\/p>\n<p>\u201c\u00bfQu\u00e9 es ser progresista? Luchar por la inclusi\u00f3n social, la no discriminaci\u00f3n, la igualdad, para que no existan barreras que nos limiten. Defender la transparencia, el respeto (&#8230;) Si usted se indigna por un acto de discriminaci\u00f3n, usted puede estar en la ruta hist\u00f3rica de los progresistas. Si usted siente una atenci\u00f3n preferencial por los excluidos, por la justicia social, por la igualdad de derechos entre mujeres y hombres, usted es progresista\u201d.<\/p>\n<p>En este sentido, se\u00f1al\u00f3 que hay retos importantes que deben plantearse a futuro, tales como la formaci\u00f3n de la militancia, el asumir la tolerancia y una visi\u00f3n plural para unir voluntades con otras fuerzas a favor de los sectores m\u00e1s vulnerables, alcanzar mayor articulaci\u00f3n social, distanciarse de dogmatismos y sectarismos que impidan coaliciones futuras, entre otros.<\/p>\n<p>\u201cQuiero que sepan que debemos estar claros que los valores y la identidad son importantes. Los partidos politicos que se llaman progresistas, que se han apartado de sus valores, terminan maltrat\u00e1ndolo todo, incluso a su militancia, y eso es muy grave porque algo que nos debe caracterizar como partido es que seamos hermanos\u201d, alert\u00f3.<\/p>\n<p>Finalmente, expres\u00f3 la voluntad del partido que preside, Justicia Social, de continuar trabajando para \u201cser un proyecto de naci\u00f3n, un proyecto alternativo que aboga por m\u00e1s derechos, inclusi\u00f3n, igualdad, equidad y cero tolerania a la discriminaci\u00f3n\u201d.<\/p>\n<p>\u201cLos progresistas defienden la justicia social. Debemos sentirnos orgullosos y orgullosas de ser ciudadanos progresistas\u201d, concluy\u00f3.<\/p>\n","protected":false},"excerpt":{"rendered":"<p>Azua. &#8211; A fin de brindar un espacio para la formaci\u00f3n, la reflexi\u00f3n y la comprensi\u00f3n pol\u00edtica, el presidente del partido Justicia Social, Julio C\u00e9sar Valent\u00edn, ofreci\u00f3 en Azua una conferencia titulada \u201cValores Fundamentales de un Partido Progresista\u201d, en la que realiz\u00f3 un recorrido hist\u00f3rico sobre el progresismo, sus principios esenciales, valores, sujetos sociales que defiende, y retos a futuro. El ex senador, intelectual y reconocido luchador social, dio inicio a la ponencia describiendo el sinificado, los or\u00edgenes y alcances del progresismo como corriente ideol\u00f3gica y pragm\u00e1tica, basada en la igualdad, la no discriminaci\u00f3n y la defensa de los sectores vulnerables. \u201cLa palabra progresista est\u00e1 asociada al progreso, a los cambios constantes, al desaf\u00edo de las tradiciones en procura de propiciar cambios en la sociedad. Cambios que tiendan a generar y ampliar derechos, as\u00ed como plantear la redenci\u00f3n de los sectores m\u00e1s sometidos, excluidos y olvidados en la sociedad\u201d, indic\u00f3. Luego, de manera magistral, detall\u00f3 la evoluci\u00f3n hist\u00f3rica del progresismo desde el siglo XIX hasta la actualidad, destacando la corriente liberalista en contra del aboslutismo, el movimiento obrero del siglo XX; las luchas armadas en contra del colonialismo, el imperialismo y a favor de la autodeterminaci\u00f3n de los pueblos; y el renacer de la izquierda en Am\u00e9rica Latina, entre otros hitos. \u201cSon muchos los logros del progresismo. Han sido muchas las conquistas de la humanidad a costa de millones de vidas, de luchas, de prisiones y de sangre, para alcanzar y ampliar los derechos que hoy disfrutamos\u201d, se\u00f1al\u00f3 Valent\u00edn. Entre los logros alcanzados, enfatiz\u00f3 la democratizaci\u00f3n del mundo, la universalizaci\u00f3n de la educaci\u00f3n, la abolici\u00f3n de la esclavitud y el combate al racismo, los diferentes logros en materia laboral y sindical, la seguridad social, la igualdad entre mujeres y hombres y la defensa global del medio ambiente. Igualdad, inclusi\u00f3n y la no discriminaci\u00f3n De acuerdo a Valent\u00edn, luego del extenso recorrido de las diferentes tendencias que han nacido y evolucionado a trav\u00e9s de los a\u00f1os, se puede decir que hay una visi\u00f3n contempor\u00e1nea que propugna el progresismo como bandera de lucha para -en democracia- lograr m\u00e1s inclusi\u00f3n y ampliar los derechos de todos los sujetos sociales, especialmente los excluidos. \u201c\u00bfQu\u00e9 es ser progresista? Luchar por la inclusi\u00f3n social, la no discriminaci\u00f3n, la igualdad, para que no existan barreras que nos limiten. Defender la transparencia, el respeto (&#8230;) Si usted se indigna por un acto de discriminaci\u00f3n, usted puede estar en la ruta hist\u00f3rica de los progresistas. Si usted siente una atenci\u00f3n preferencial por los excluidos, por la justicia social, por la igualdad de derechos entre mujeres y hombres, usted es progresista\u201d. En este sentido, se\u00f1al\u00f3 que hay retos importantes que deben plantearse a futuro, tales como la formaci\u00f3n de la militancia, el asumir la tolerancia y una visi\u00f3n plural para unir voluntades con otras fuerzas a favor de los sectores m\u00e1s vulnerables, alcanzar mayor articulaci\u00f3n social, distanciarse de dogmatismos y sectarismos que impidan coaliciones futuras, entre otros. \u201cQuiero que sepan que debemos estar claros que los valores y la identidad son importantes. Los partidos politicos que se llaman progresistas, que se han apartado de sus valores, terminan maltrat\u00e1ndolo todo, incluso a su militancia, y eso es muy grave porque algo que nos debe caracterizar como partido es que seamos hermanos\u201d, alert\u00f3. Finalmente, expres\u00f3 la voluntad del partido que preside, Justicia Social, de continuar trabajando para \u201cser un proyecto de naci\u00f3n, un proyecto alternativo que aboga por m\u00e1s derechos, inclusi\u00f3n, igualdad, equidad y cero tolerania a la discriminaci\u00f3n\u201d. \u201cLos progresistas defienden la justicia social. Debemos sentirnos orgullosos y orgullosas de ser ciudadanos progresistas\u201d, concluy\u00f3.<\/p>\n","protected":false},"author":3,"featured_media":0,"comment_status":"open","ping_status":"open","sticky":false,"template":"","format":"standard","meta":{"om_disable_all_campaigns":false,"footnotes":""},"categories":[12],"tags":[],"class_list":["post-132226","post","type-post","status-publish","format-standard","hentry","category-politic"],"_links":{"self":[{"href":"https:\/\/conexiondigital.com.do\/index.php\/wp-json\/wp\/v2\/posts\/132226","targetHints":{"allow":["GET"]}}],"collection":[{"href":"https:\/\/conexiondigital.com.do\/index.php\/wp-json\/wp\/v2\/posts"}],"about":[{"href":"https:\/\/conexiondigital.com.do\/index.php\/wp-json\/wp\/v2\/types\/post"}],"author":[{"embeddable":true,"href":"https:\/\/conexiondigital.com.do\/index.php\/wp-json\/wp\/v2\/users\/3"}],"replies":[{"embeddable":true,"href":"https:\/\/conexiondigital.com.do\/index.php\/wp-json\/wp\/v2\/comments?post=132226"}],"version-history":[{"count":1,"href":"https:\/\/conexiondigital.com.do\/index.php\/wp-json\/wp\/v2\/posts\/132226\/revisions"}],"predecessor-version":[{"id":132228,"href":"https:\/\/conexiondigital.com.do\/index.php\/wp-json\/wp\/v2\/posts\/132226\/revisions\/132228"}],"wp:attachment":[{"href":"https:\/\/conexiondigital.com.do\/index.php\/wp-json\/wp\/v2\/media?parent=132226"}],"wp:term":[{"taxonomy":"category","embeddable":true,"href":"https:\/\/conexiondigital.com.do\/index.php\/wp-json\/wp\/v2\/categories?post=132226"},{"taxonomy":"post_tag","embeddable":true,"href":"https:\/\/conexiondigital.com.do\/index.php\/wp-json\/wp\/v2\/tags?post=132226"}],"curies":[{"name":"wp","href":"https:\/\/api.w.org\/{rel}","templated":true}]}}