{"id":132400,"date":"2024-07-11T10:59:54","date_gmt":"2024-07-11T14:59:54","guid":{"rendered":"http:\/\/conexiondigital.com.do\/?p=132400"},"modified":"2024-07-11T10:59:54","modified_gmt":"2024-07-11T14:59:54","slug":"ministro-pavel-isa-contreras-explica-vinculos-entre-la-planificacion-economica-energetica-y-ambiental-de-republica-dominicana","status":"publish","type":"post","link":"https:\/\/conexiondigital.com.do\/index.php\/2024\/07\/11\/ministro-pavel-isa-contreras-explica-vinculos-entre-la-planificacion-economica-energetica-y-ambiental-de-republica-dominicana\/","title":{"rendered":"Ministro P\u00e1vel Isa Contreras explica v\u00ednculos entre la planificaci\u00f3n econ\u00f3mica, energ\u00e9tica y ambiental de Rep\u00fablica Dominicana"},"content":{"rendered":"<p><strong><img loading=\"lazy\" decoding=\"async\" class=\"size-medium wp-image-132401 aligncenter\" src=\"https:\/\/images.conexiondigital.com.do\/wp-content\/uploads\/wp-content\/uploads\/2024\/07\/thumbnail_Energia-1-800x534.jpg\" alt=\"\" width=\"800\" height=\"534\" \/>En el \u201cCongreso de econom\u00eda y energ\u00eda\u201d que organiza la UASD, el ministro de Econom\u00eda destaca que, entre 1990 y 2020, la Rep\u00fablica Dominicana duplic\u00f3 su eficiencia energ\u00e9tica, lo que significa que el pa\u00eds emplea un 50% menos de energ\u00eda para generar un d\u00f3lar de PIB<\/strong><br \/>\nSanto Domingo, Rep\u00fablica Dominicana (Julio de 2024).\u00a0El ministro de Econom\u00eda, Planificaci\u00f3n y Desarrollo, P\u00e1vel Isa Contreras, expuso sobre los v\u00ednculos y avances que se han producido en la planificaci\u00f3n de la Rep\u00fablica Dominicana referente a la econom\u00eda, el uso de la energ\u00eda y las metas ambientales.<br \/>\nEn el \u201cCongreso de econom\u00eda y energ\u00eda\u201d, organizado por la Universidad Aut\u00f3noma de Santo Domingo (UASD), el economista e investigador acad\u00e9mico disert\u00f3 sobre la visi\u00f3n a futuro del sector energ\u00e9tico, avances en el Objetivo de Desarrollo Sostenible (ODS) sobre energ\u00eda asequible y no contaminante, el plan de acci\u00f3n para avances en Contribuciones Nacionalmente Determinadas (NDC, por sus siglas en ingl\u00e9s) y la conexi\u00f3n entre crecimiento econ\u00f3mico y planificaci\u00f3n energ\u00e9tica de largo plazo, as\u00ed como el papel que jugar\u00e1 en este aspecto la reci\u00e9n creada Comisi\u00f3n Meta RD 2036.<br \/>\nSobre el tema de la eficiencia energ\u00e9tica, el ministro explic\u00f3 que la tendencia mundial es una intensidad energ\u00e9tica decreciente, lo que se traduce en una mayor eficiencia, y que existen diferencias en los ritmos de decrecimiento de la intensidad energ\u00e9tica entre los pa\u00edses.<br \/>\nResalt\u00f3 que, entre 1990 y 2020, la Rep\u00fablica Dominicana duplic\u00f3 su eficiencia energ\u00e9tica, lo que significa que el pa\u00eds emplea un 50% menos de energ\u00eda para generar un d\u00f3lar de producto interno bruto (PIB). Tambi\u00e9n destac\u00f3 que, en ese lapso de tiempo, la Rep\u00fablica Dominicana fue la econom\u00eda latinoamericana de mayor avance relativo, al pasar del puesto 9 al 1.<br \/>\n\u201cLas estad\u00edsticas indican que el sector energ\u00e9tico dominicano avanza hacia la visi\u00f3n de largo plazo planteada\u201d, expres\u00f3 el ministro de Econom\u00eda en su ponencia.<\/p>\n","protected":false},"excerpt":{"rendered":"<p>En el \u201cCongreso de econom\u00eda y energ\u00eda\u201d que organiza la UASD, el ministro de Econom\u00eda destaca que, entre 1990 y 2020, la Rep\u00fablica Dominicana duplic\u00f3 su eficiencia energ\u00e9tica, lo que significa que el pa\u00eds emplea un 50% menos de energ\u00eda para generar un d\u00f3lar de PIB Santo Domingo, Rep\u00fablica Dominicana (Julio de 2024).\u00a0El ministro de Econom\u00eda, Planificaci\u00f3n y Desarrollo, P\u00e1vel Isa Contreras, expuso sobre los v\u00ednculos y avances que se han producido en la planificaci\u00f3n de la Rep\u00fablica Dominicana referente a la econom\u00eda, el uso de la energ\u00eda y las metas ambientales. En el \u201cCongreso de econom\u00eda y energ\u00eda\u201d, organizado por la Universidad Aut\u00f3noma de Santo Domingo (UASD), el economista e investigador acad\u00e9mico disert\u00f3 sobre la visi\u00f3n a futuro del sector energ\u00e9tico, avances en el Objetivo de Desarrollo Sostenible (ODS) sobre energ\u00eda asequible y no contaminante, el plan de acci\u00f3n para avances en Contribuciones Nacionalmente Determinadas (NDC, por sus siglas en ingl\u00e9s) y la conexi\u00f3n entre crecimiento econ\u00f3mico y planificaci\u00f3n energ\u00e9tica de largo plazo, as\u00ed como el papel que jugar\u00e1 en este aspecto la reci\u00e9n creada Comisi\u00f3n Meta RD 2036. Sobre el tema de la eficiencia energ\u00e9tica, el ministro explic\u00f3 que la tendencia mundial es una intensidad energ\u00e9tica decreciente, lo que se traduce en una mayor eficiencia, y que existen diferencias en los ritmos de decrecimiento de la intensidad energ\u00e9tica entre los pa\u00edses. Resalt\u00f3 que, entre 1990 y 2020, la Rep\u00fablica Dominicana duplic\u00f3 su eficiencia energ\u00e9tica, lo que significa que el pa\u00eds emplea un 50% menos de energ\u00eda para generar un d\u00f3lar de producto interno bruto (PIB). Tambi\u00e9n destac\u00f3 que, en ese lapso de tiempo, la Rep\u00fablica Dominicana fue la econom\u00eda latinoamericana de mayor avance relativo, al pasar del puesto 9 al 1. \u201cLas estad\u00edsticas indican que el sector energ\u00e9tico dominicano avanza hacia la visi\u00f3n de largo plazo planteada\u201d, expres\u00f3 el ministro de Econom\u00eda en su ponencia.<\/p>\n","protected":false},"author":3,"featured_media":0,"comment_status":"open","ping_status":"open","sticky":false,"template":"","format":"standard","meta":{"om_disable_all_campaigns":false,"footnotes":""},"categories":[56],"tags":[],"class_list":["post-132400","post","type-post","status-publish","format-standard","hentry","category-economia"],"_links":{"self":[{"href":"https:\/\/conexiondigital.com.do\/index.php\/wp-json\/wp\/v2\/posts\/132400","targetHints":{"allow":["GET"]}}],"collection":[{"href":"https:\/\/conexiondigital.com.do\/index.php\/wp-json\/wp\/v2\/posts"}],"about":[{"href":"https:\/\/conexiondigital.com.do\/index.php\/wp-json\/wp\/v2\/types\/post"}],"author":[{"embeddable":true,"href":"https:\/\/conexiondigital.com.do\/index.php\/wp-json\/wp\/v2\/users\/3"}],"replies":[{"embeddable":true,"href":"https:\/\/conexiondigital.com.do\/index.php\/wp-json\/wp\/v2\/comments?post=132400"}],"version-history":[{"count":1,"href":"https:\/\/conexiondigital.com.do\/index.php\/wp-json\/wp\/v2\/posts\/132400\/revisions"}],"predecessor-version":[{"id":132402,"href":"https:\/\/conexiondigital.com.do\/index.php\/wp-json\/wp\/v2\/posts\/132400\/revisions\/132402"}],"wp:attachment":[{"href":"https:\/\/conexiondigital.com.do\/index.php\/wp-json\/wp\/v2\/media?parent=132400"}],"wp:term":[{"taxonomy":"category","embeddable":true,"href":"https:\/\/conexiondigital.com.do\/index.php\/wp-json\/wp\/v2\/categories?post=132400"},{"taxonomy":"post_tag","embeddable":true,"href":"https:\/\/conexiondigital.com.do\/index.php\/wp-json\/wp\/v2\/tags?post=132400"}],"curies":[{"name":"wp","href":"https:\/\/api.w.org\/{rel}","templated":true}]}}