{"id":133535,"date":"2024-11-24T11:47:44","date_gmt":"2024-11-24T15:47:44","guid":{"rendered":"https:\/\/conexiondigital.com.do\/?p=133535"},"modified":"2024-11-24T11:47:45","modified_gmt":"2024-11-24T15:47:45","slug":"gobierno-invierte-mas-de-rd1200-mm-en-obras-en-higuey","status":"publish","type":"post","link":"https:\/\/conexiondigital.com.do\/index.php\/2024\/11\/24\/gobierno-invierte-mas-de-rd1200-mm-en-obras-en-higuey\/","title":{"rendered":"Gobierno invierte m\u00e1s de RD$1,200 MM en obras en Higuey"},"content":{"rendered":"\n<figure class=\"wp-block-image size-large\"><img decoding=\"async\" src=\"https:\/\/images.conexiondigital.com.do\/wp-content\/uploads\/2024\/11\/283579fc-0100-402e-a84d-dd8a41577a52-1024x682.jpg\" alt=\"\" class=\"wp-image-133536\" \/><\/figure>\n\n\n\n<p><strong>Los muros de gaviones sobre el r\u00edo Duey han propiciado un antes y un despu\u00e9s en el municipio por ser la obra m\u00e1s significativa que se ha ejecutado en d\u00e9cadas y que beneficia a m\u00e1s de 120,000 personas en distintas comunidades.<\/strong><\/p>\n\n\n\n<p>Hig\u00fcey, La Altagracia, 11 de noviembre de 2024.- El ministro de la Presidencia, Jos\u00e9 Ignacio Paliza, realiz\u00f3 una visita al municipio de Higuey, provincia La Altagracia, donde recorri\u00f3 las zonas afectadas por el fen\u00f3meno atmosf\u00e9rico que incide sobre el territorio nacional y, adem\u00e1s, supervis\u00f3 la primera fase concluida de los muros de gaviones construida en los m\u00e1rgenes de aguas arribas y aguas abajo del r\u00edo Duey, con una extensi\u00f3n de ocho kil\u00f3metros y que cuenta con una inversi\u00f3n de m\u00e1s de 1,200 millones de pesos, beneficiando a 20 sectores y a m\u00e1s de 120,000 personas.<\/p>\n\n\n\n<p>\u00a8El Gobierno dominicano, luego del paso de la tormenta Fiona ha iniciado un sinn\u00famero de inversiones importantes y que ha ayudado a atenuar gran parte de las afectaciones ocasionadas por la crecida de los r\u00edos, en este caso, el r\u00edo Duey, cuyas obras est\u00e1n en proceso de desarrollo; sin embargo, en las \u00e1reas finalizadas el impacto negativo de estos eventos ha sido casi nulo\u00a8, enfatiz\u00f3 Paliza.<\/p>\n\n\n\n<p>El ministro explic\u00f3 que la ejecuci\u00f3n de este proyecto tiene gran preminencia en esta demarcaci\u00f3n, por lo que el Gobierno destinar\u00e1 los recursos necesarios para seguir su curso y mitigar los estragos causados por la crecida de r\u00edos ante la ocurrencia de fen\u00f3menos propios del cambio clim\u00e1tico. Adem\u00e1s, aprovech\u00f3 la ocasi\u00f3n para hacer un llamado a la ciudadan\u00eda para que se mantenga alerta y seguir las instrucciones del COE ante las precipitaciones.<\/p>\n\n\n\n<p>Asimismo, Paliza inform\u00f3 que en el pa\u00eds hay un total de 483 residencias afectadas, de las cuales 289 est\u00e1n en La Altagracia, traduci\u00e9ndose en la poblaci\u00f3n con mayor nivel de afectaci\u00f3n por las lluvias. En ese orden, manifest\u00f3 que producto de la crecida de r\u00edos por las lluvias escenificadas un nacional haitiano perdi\u00f3 la vida cuando se dispon\u00eda a cruzar un afluente.<\/p>\n\n\n\n<p>Por otro lado, el director del COE, el Gral. Juan Manuel M\u00e9ndez, indic\u00f3 que en el pa\u00eds se mantienen 18 provincias en alerta amarilla y ocho en verde por la incidencia de una vaguada en combinaci\u00f3n de una onda tropical que continuar\u00e1 generando precipitaciones de variada intensidad en la provincia La Altagracia en el resto del d\u00eda. Igualmente, la directora del Plan de Asistencia Social, Yadira Henr\u00edquez, anunci\u00f3 la entrega de raciones alimenticias crudas y enseres del hogar para las personas afectadas que residen en las zonas m\u00e1s vulnerables del municipio; mientras que el director de Comedores Econ\u00f3micos Edgar Feliz, anunci\u00f3 que dispuso dos cocinas m\u00f3viles para la entrega de comidas a los lugare\u00f1os para mitigar los efectos ocasionados por las lluvias estos \u00faltimos d\u00edas.<\/p>\n\n\n\n<p>Estas declaraciones fueron ofrecidas durante un encuentro sostenido en la Gobernaci\u00f3n Provincial de La Altagracia, en la que participaron: la gobernadora Martina Pep\u00e9n, el viceministro de Obras P\u00fablicas, Luis Germ\u00e1n Bastardo; el senador de la provincia, Rafael Bar\u00f3n Duluc; el alcalde del municipio, Francisco Rodr\u00edguez; el vicealcalde, Pablo \u00c1vila; el director del COE, Gral. Juan Manuel M\u00e9ndez; Yadira Henr\u00edquez, directora del Plan de Asistencia Social; el director de Comedores Econ\u00f3micos, Edgar Feliz M\u00e9ndez; el diputado, Francisco Villegas; el director provincial de la Defensa Civil, Fernando Castillo; el presidente de la filial de la Cruz Roja, Luis Felipe, entre otras autoridades.<\/p>\n","protected":false},"excerpt":{"rendered":"<p>Los muros de gaviones sobre el r\u00edo Duey han propiciado un antes y un despu\u00e9s en el municipio por ser la obra m\u00e1s significativa que se ha ejecutado en d\u00e9cadas y que beneficia a m\u00e1s de 120,000 personas en distintas comunidades. Hig\u00fcey, La Altagracia, 11 de noviembre de 2024.- El ministro de la Presidencia, Jos\u00e9 Ignacio Paliza, realiz\u00f3 una visita al municipio de Higuey, provincia La Altagracia, donde recorri\u00f3 las zonas afectadas por el fen\u00f3meno atmosf\u00e9rico que incide sobre el territorio nacional y, adem\u00e1s, supervis\u00f3 la primera fase concluida de los muros de gaviones construida en los m\u00e1rgenes de aguas arribas y aguas abajo del r\u00edo Duey, con una extensi\u00f3n de ocho kil\u00f3metros y que cuenta con una inversi\u00f3n de m\u00e1s de 1,200 millones de pesos, beneficiando a 20 sectores y a m\u00e1s de 120,000 personas. \u00a8El Gobierno dominicano, luego del paso de la tormenta Fiona ha iniciado un sinn\u00famero de inversiones importantes y que ha ayudado a atenuar gran parte de las afectaciones ocasionadas por la crecida de los r\u00edos, en este caso, el r\u00edo Duey, cuyas obras est\u00e1n en proceso de desarrollo; sin embargo, en las \u00e1reas finalizadas el impacto negativo de estos eventos ha sido casi nulo\u00a8, enfatiz\u00f3 Paliza. El ministro explic\u00f3 que la ejecuci\u00f3n de este proyecto tiene gran preminencia en esta demarcaci\u00f3n, por lo que el Gobierno destinar\u00e1 los recursos necesarios para seguir su curso y mitigar los estragos causados por la crecida de r\u00edos ante la ocurrencia de fen\u00f3menos propios del cambio clim\u00e1tico. Adem\u00e1s, aprovech\u00f3 la ocasi\u00f3n para hacer un llamado a la ciudadan\u00eda para que se mantenga alerta y seguir las instrucciones del COE ante las precipitaciones. Asimismo, Paliza inform\u00f3 que en el pa\u00eds hay un total de 483 residencias afectadas, de las cuales 289 est\u00e1n en La Altagracia, traduci\u00e9ndose en la poblaci\u00f3n con mayor nivel de afectaci\u00f3n por las lluvias. En ese orden, manifest\u00f3 que producto de la crecida de r\u00edos por las lluvias escenificadas un nacional haitiano perdi\u00f3 la vida cuando se dispon\u00eda a cruzar un afluente. Por otro lado, el director del COE, el Gral. Juan Manuel M\u00e9ndez, indic\u00f3 que en el pa\u00eds se mantienen 18 provincias en alerta amarilla y ocho en verde por la incidencia de una vaguada en combinaci\u00f3n de una onda tropical que continuar\u00e1 generando precipitaciones de variada intensidad en la provincia La Altagracia en el resto del d\u00eda. Igualmente, la directora del Plan de Asistencia Social, Yadira Henr\u00edquez, anunci\u00f3 la entrega de raciones alimenticias crudas y enseres del hogar para las personas afectadas que residen en las zonas m\u00e1s vulnerables del municipio; mientras que el director de Comedores Econ\u00f3micos Edgar Feliz, anunci\u00f3 que dispuso dos cocinas m\u00f3viles para la entrega de comidas a los lugare\u00f1os para mitigar los efectos ocasionados por las lluvias estos \u00faltimos d\u00edas. Estas declaraciones fueron ofrecidas durante un encuentro sostenido en la Gobernaci\u00f3n Provincial de La Altagracia, en la que participaron: la gobernadora Martina Pep\u00e9n, el viceministro de Obras P\u00fablicas, Luis Germ\u00e1n Bastardo; el senador de la provincia, Rafael Bar\u00f3n Duluc; el alcalde del municipio, Francisco Rodr\u00edguez; el vicealcalde, Pablo \u00c1vila; el director del COE, Gral. Juan Manuel M\u00e9ndez; Yadira Henr\u00edquez, directora del Plan de Asistencia Social; el director de Comedores Econ\u00f3micos, Edgar Feliz M\u00e9ndez; el diputado, Francisco Villegas; el director provincial de la Defensa Civil, Fernando Castillo; el presidente de la filial de la Cruz Roja, Luis Felipe, entre otras autoridades.<\/p>\n","protected":false},"author":3,"featured_media":0,"comment_status":"open","ping_status":"open","sticky":false,"template":"","format":"standard","meta":{"om_disable_all_campaigns":false,"footnotes":""},"categories":[56],"tags":[],"class_list":["post-133535","post","type-post","status-publish","format-standard","hentry","category-economia"],"_links":{"self":[{"href":"https:\/\/conexiondigital.com.do\/index.php\/wp-json\/wp\/v2\/posts\/133535","targetHints":{"allow":["GET"]}}],"collection":[{"href":"https:\/\/conexiondigital.com.do\/index.php\/wp-json\/wp\/v2\/posts"}],"about":[{"href":"https:\/\/conexiondigital.com.do\/index.php\/wp-json\/wp\/v2\/types\/post"}],"author":[{"embeddable":true,"href":"https:\/\/conexiondigital.com.do\/index.php\/wp-json\/wp\/v2\/users\/3"}],"replies":[{"embeddable":true,"href":"https:\/\/conexiondigital.com.do\/index.php\/wp-json\/wp\/v2\/comments?post=133535"}],"version-history":[{"count":1,"href":"https:\/\/conexiondigital.com.do\/index.php\/wp-json\/wp\/v2\/posts\/133535\/revisions"}],"predecessor-version":[{"id":133537,"href":"https:\/\/conexiondigital.com.do\/index.php\/wp-json\/wp\/v2\/posts\/133535\/revisions\/133537"}],"wp:attachment":[{"href":"https:\/\/conexiondigital.com.do\/index.php\/wp-json\/wp\/v2\/media?parent=133535"}],"wp:term":[{"taxonomy":"category","embeddable":true,"href":"https:\/\/conexiondigital.com.do\/index.php\/wp-json\/wp\/v2\/categories?post=133535"},{"taxonomy":"post_tag","embeddable":true,"href":"https:\/\/conexiondigital.com.do\/index.php\/wp-json\/wp\/v2\/tags?post=133535"}],"curies":[{"name":"wp","href":"https:\/\/api.w.org\/{rel}","templated":true}]}}