{"id":133687,"date":"2024-12-15T10:44:19","date_gmt":"2024-12-15T14:44:19","guid":{"rendered":"https:\/\/conexiondigital.com.do\/?p=133687"},"modified":"2024-12-15T10:44:21","modified_gmt":"2024-12-15T14:44:21","slug":"propeep-impacta-mas-de-100-mil-familias-en-2024-con-acciones-sociales-en-todo-el-pais","status":"publish","type":"post","link":"https:\/\/conexiondigital.com.do\/index.php\/2024\/12\/15\/propeep-impacta-mas-de-100-mil-familias-en-2024-con-acciones-sociales-en-todo-el-pais\/","title":{"rendered":"Propeep impacta m\u00e1s de 100 mil familias en 2024 con acciones sociales en todo el pa\u00eds"},"content":{"rendered":"\n<figure class=\"wp-block-image size-large\"><img decoding=\"async\" src=\"https:\/\/images.conexiondigital.com.do\/wp-content\/uploads\/2024\/12\/eac4a2b9-217e-4c4f-9b56-bb2c17aa1b7a-1024x685.jpg\" alt=\"\" class=\"wp-image-133688\" \/><\/figure>\n\n\n\n<p><strong>Roberto \u00c1ngel resalta entrega de tres Centros Habitacionales Comunitarios de 150 viviendas<\/strong><\/p>\n\n\n\n<p>Ocoa, RD &#8211; La Direcci\u00f3n de Proyectos Estrat\u00e9gicos y Especiales de la Presidencia (Propeep) cerr\u00f3 el 2024 impactando a m\u00e1s de 100 mil familias de comunidades vulnerables, con un amplio programa de acciones sociales, incluida la entrega de viviendas, jornadas de inclusi\u00f3n y proyectos culturales, en comunidades de escasos recursos en todo el territorio nacional.<\/p>\n\n\n\n<p>Roberto \u00c1ngel Salcedo, director de Propeep, encabez\u00f3 este jueves en San Jos\u00e9 de Ocoa, una jornada de inclusi\u00f3n social \u00abPrimero T\u00fa\u201d y dos \u00abCerca de Ti\u00bb, los \u00faltimos del a\u00f1o, donde resalt\u00f3 adem\u00e1s, que durante el 2024 la instituci\u00f3n entreg\u00f3 tres centro habitacionales comunitarios de 150 viviendas, construidos con materiales amigables al medioambiente; en San Crist\u00f3bal, Montecristi y Barahona.<\/p>\n\n\n\n<p>Cada centro incluye viviendas de 44 metros cuadrados, completamente amuebladas, con techos termoaislantes, sistema de energ\u00eda dual (paneles solares y red el\u00e9ctrica convencional), agua potable, sistema de tratamiento de aguas residuales, \u00e1reas verdes, juegos infantiles y espacios comunes.<\/p>\n\n\n\n<p>\u00abHemos terminado un a\u00f1o junto a los m\u00e1s vulnerables del pa\u00eds, llevando atenci\u00f3n a adultos mayores, asistencias m\u00e9dicas y entrega de medicamentos, ayudas a embarazadas y charlas a j\u00f3venes y adolescentes, entre otros servicios\u00bb, expres\u00f3.<\/p>\n\n\n\n<p>Apoyo del presidente Abinader<\/p>\n\n\n\n<p>Roberto \u00c1ngel destac\u00f3 el apoyo recibido por el presidente Luis Abinader, del que asegur\u00f3 que tiene a la gente en el centro de sus pol\u00edticas p\u00fablicas.<\/p>\n\n\n\n<p>Jornadas de inclusi\u00f3n \u201cPrimero T\u00fa\u201d<\/p>\n\n\n\n<p>Este a\u00f1o fueron realizadas 94 jornadas de inclusi\u00f3n social \u00abPrimero T\u00fa\u00bb, en las que fueron entregados 99,712 servicios, impactando a 83,710 personas.<\/p>\n\n\n\n<p>Durante esas jornadas fueron atendidas 4,537 embarazadas, 29,370 adultos mayores; se entregaron 10, 527 medicamentos a personas necesitadas y se dieron charlas de temas diversos a 10, 716 j\u00f3venes y adolescentes.<\/p>\n\n\n\n<p>Construcci\u00f3n y reparaci\u00f3n de viviendas<\/p>\n\n\n\n<p>Los Proyectos Estrat\u00e9gicos y Especiales tambi\u00e9n construyeron cinco viviendas y repararon otras 191, beneficiando a 504 personas.<\/p>\n\n\n\n<p>Pero adem\u00e1s de eso, se avanz\u00f3 en el remozamiento, la transformaci\u00f3n f\u00edsica y social de la emblem\u00e1tica Calle la 42, del sector Capotillo, en la capital, con la construcci\u00f3n de aceras, contenes, instalaci\u00f3n de alumbrado y plantaci\u00f3n de \u00e1rboles. Adem\u00e1s, Paseo de los Colores, y se impulsaron a 112 ni\u00f1os y adolescentes y la donaci\u00f3n de instrumentos musicales para la formaci\u00f3n cultural.<\/p>\n\n\n\n<p>Rehabilitaci\u00f3n urbana: Paseos de los Colores<\/p>\n\n\n\n<p>Con los Paseos de los Colores, Propeep totaliz\u00f3 m\u00e1s de 47,000 metros cuadrados de arte p\u00fablico urbano en comunidades de municipios de todo el territorio nacional, obras que integran la cultura dominicana y revitalizan los espacios p\u00fablicos.<\/p>\n\n\n\n<p>En paralelo, con la iniciativa Parques de Navidad, se beneficiaron m\u00e1s de 2 millones de personas en municipios como Santo Domingo Norte, San Crist\u00f3bal, Hig\u00fcey, La Romana, Cotu\u00ed, Moca y Puerto Plata, entre otras iniciativas sociales.<\/p>\n","protected":false},"excerpt":{"rendered":"<p>Roberto \u00c1ngel resalta entrega de tres Centros Habitacionales Comunitarios de 150 viviendas Ocoa, RD &#8211; La Direcci\u00f3n de Proyectos Estrat\u00e9gicos y Especiales de la Presidencia (Propeep) cerr\u00f3 el 2024 impactando a m\u00e1s de 100 mil familias de comunidades vulnerables, con un amplio programa de acciones sociales, incluida la entrega de viviendas, jornadas de inclusi\u00f3n y proyectos culturales, en comunidades de escasos recursos en todo el territorio nacional. Roberto \u00c1ngel Salcedo, director de Propeep, encabez\u00f3 este jueves en San Jos\u00e9 de Ocoa, una jornada de inclusi\u00f3n social \u00abPrimero T\u00fa\u201d y dos \u00abCerca de Ti\u00bb, los \u00faltimos del a\u00f1o, donde resalt\u00f3 adem\u00e1s, que durante el 2024 la instituci\u00f3n entreg\u00f3 tres centro habitacionales comunitarios de 150 viviendas, construidos con materiales amigables al medioambiente; en San Crist\u00f3bal, Montecristi y Barahona. Cada centro incluye viviendas de 44 metros cuadrados, completamente amuebladas, con techos termoaislantes, sistema de energ\u00eda dual (paneles solares y red el\u00e9ctrica convencional), agua potable, sistema de tratamiento de aguas residuales, \u00e1reas verdes, juegos infantiles y espacios comunes. \u00abHemos terminado un a\u00f1o junto a los m\u00e1s vulnerables del pa\u00eds, llevando atenci\u00f3n a adultos mayores, asistencias m\u00e9dicas y entrega de medicamentos, ayudas a embarazadas y charlas a j\u00f3venes y adolescentes, entre otros servicios\u00bb, expres\u00f3. Apoyo del presidente Abinader Roberto \u00c1ngel destac\u00f3 el apoyo recibido por el presidente Luis Abinader, del que asegur\u00f3 que tiene a la gente en el centro de sus pol\u00edticas p\u00fablicas. Jornadas de inclusi\u00f3n \u201cPrimero T\u00fa\u201d Este a\u00f1o fueron realizadas 94 jornadas de inclusi\u00f3n social \u00abPrimero T\u00fa\u00bb, en las que fueron entregados 99,712 servicios, impactando a 83,710 personas. Durante esas jornadas fueron atendidas 4,537 embarazadas, 29,370 adultos mayores; se entregaron 10, 527 medicamentos a personas necesitadas y se dieron charlas de temas diversos a 10, 716 j\u00f3venes y adolescentes. Construcci\u00f3n y reparaci\u00f3n de viviendas Los Proyectos Estrat\u00e9gicos y Especiales tambi\u00e9n construyeron cinco viviendas y repararon otras 191, beneficiando a 504 personas. Pero adem\u00e1s de eso, se avanz\u00f3 en el remozamiento, la transformaci\u00f3n f\u00edsica y social de la emblem\u00e1tica Calle la 42, del sector Capotillo, en la capital, con la construcci\u00f3n de aceras, contenes, instalaci\u00f3n de alumbrado y plantaci\u00f3n de \u00e1rboles. Adem\u00e1s, Paseo de los Colores, y se impulsaron a 112 ni\u00f1os y adolescentes y la donaci\u00f3n de instrumentos musicales para la formaci\u00f3n cultural. Rehabilitaci\u00f3n urbana: Paseos de los Colores Con los Paseos de los Colores, Propeep totaliz\u00f3 m\u00e1s de 47,000 metros cuadrados de arte p\u00fablico urbano en comunidades de municipios de todo el territorio nacional, obras que integran la cultura dominicana y revitalizan los espacios p\u00fablicos. En paralelo, con la iniciativa Parques de Navidad, se beneficiaron m\u00e1s de 2 millones de personas en municipios como Santo Domingo Norte, San Crist\u00f3bal, Hig\u00fcey, La Romana, Cotu\u00ed, Moca y Puerto Plata, entre otras iniciativas sociales.<\/p>\n","protected":false},"author":3,"featured_media":0,"comment_status":"open","ping_status":"open","sticky":false,"template":"","format":"standard","meta":{"om_disable_all_campaigns":false,"footnotes":""},"categories":[56],"tags":[],"class_list":["post-133687","post","type-post","status-publish","format-standard","hentry","category-economia"],"_links":{"self":[{"href":"https:\/\/conexiondigital.com.do\/index.php\/wp-json\/wp\/v2\/posts\/133687","targetHints":{"allow":["GET"]}}],"collection":[{"href":"https:\/\/conexiondigital.com.do\/index.php\/wp-json\/wp\/v2\/posts"}],"about":[{"href":"https:\/\/conexiondigital.com.do\/index.php\/wp-json\/wp\/v2\/types\/post"}],"author":[{"embeddable":true,"href":"https:\/\/conexiondigital.com.do\/index.php\/wp-json\/wp\/v2\/users\/3"}],"replies":[{"embeddable":true,"href":"https:\/\/conexiondigital.com.do\/index.php\/wp-json\/wp\/v2\/comments?post=133687"}],"version-history":[{"count":1,"href":"https:\/\/conexiondigital.com.do\/index.php\/wp-json\/wp\/v2\/posts\/133687\/revisions"}],"predecessor-version":[{"id":133689,"href":"https:\/\/conexiondigital.com.do\/index.php\/wp-json\/wp\/v2\/posts\/133687\/revisions\/133689"}],"wp:attachment":[{"href":"https:\/\/conexiondigital.com.do\/index.php\/wp-json\/wp\/v2\/media?parent=133687"}],"wp:term":[{"taxonomy":"category","embeddable":true,"href":"https:\/\/conexiondigital.com.do\/index.php\/wp-json\/wp\/v2\/categories?post=133687"},{"taxonomy":"post_tag","embeddable":true,"href":"https:\/\/conexiondigital.com.do\/index.php\/wp-json\/wp\/v2\/tags?post=133687"}],"curies":[{"name":"wp","href":"https:\/\/api.w.org\/{rel}","templated":true}]}}