{"id":133693,"date":"2024-12-15T10:49:22","date_gmt":"2024-12-15T14:49:22","guid":{"rendered":"https:\/\/conexiondigital.com.do\/?p=133693"},"modified":"2024-12-15T10:50:51","modified_gmt":"2024-12-15T14:50:51","slug":"infotep-y-observatorio-de-medios-digitales-ofrecen-curso-de-periodismo-digital-e-inteligencia-artificial-a-mas-de-54-comunicadores","status":"publish","type":"post","link":"https:\/\/conexiondigital.com.do\/index.php\/2024\/12\/15\/infotep-y-observatorio-de-medios-digitales-ofrecen-curso-de-periodismo-digital-e-inteligencia-artificial-a-mas-de-54-comunicadores\/","title":{"rendered":"INFOTEP y Observatorio de Medios Digitales ofrecen curso de periodismo digital e inteligencia artificial a m\u00e1s de 54 comunicadores"},"content":{"rendered":"\n<blockquote class=\"wp-block-quote is-layout-flow wp-block-quote-is-layout-flow\">\n<figure class=\"wp-block-image size-large\"><img decoding=\"async\" src=\"https:\/\/images.conexiondigital.com.do\/wp-content\/uploads\/wp-content\/uploads\/2024\/12\/f111f792-140f-46ea-a3bc-4b1ecf8640fb-1024x682.jpg\" alt=\"\" class=\"wp-image-133694\" \/><\/figure>\n\n\n\n<p><strong>Diecom coordin\u00f3 la capacitaci\u00f3n<\/strong><\/p>\n<\/blockquote>\n\n\n\n<p>Santo Domingo. \u2013 Cincuenta y cuatro comunicadores fueron formados en periodismo digital, wordpress e inteligencia artificial por el Instituto Nacional de Formaci\u00f3n T\u00e9cnico Profesional (INFOTEP), en coordinaci\u00f3n con la Direcci\u00f3n de Estrategia y Comunicaci\u00f3n Gubernamental (DIECOM) y el Observatorio de Medios Digitales.<\/p>\n\n\n\n<p>El director general del INFOTEP, Rafael Santos Bad\u00eda, destac\u00f3 que con estas capacitaciones los egresados estar\u00e1n en condiciones de gestionar herramientas tecnol\u00f3gicas de alto alcance para un mejor manejo de la comunicaci\u00f3n oral y escrita.<\/p>\n\n\n\n<p>\u201cNunca como ahora la comunicaci\u00f3n efectiva, oportuna y veraz ha sido tan importante y crucial para el mantenimiento de una sociedad sanamente enterada, en una era de desinformaci\u00f3n y posverdad\u201d, expres\u00f3<\/p>\n\n\n\n<p>Santos Bad\u00eda exhort\u00f3 a los graduandos a seguir adelante realizando nuevas capacitaciones que les permitan cada d\u00eda ser personas m\u00e1s preparadas en las diferentes localidades del pa\u00eds, emitiendo opiniones con una comunicaci\u00f3n m\u00e1s asertiva y en consonancia con las pol\u00edticas del Gobierno\u201d, dijo.<\/p>\n\n\n\n<p>El director de Medios de la Presidencia, Federico Reynoso, destac\u00f3 el apoyo que el INFOTEP le ha dado al DIECOM y dijo que con este plan formativo se est\u00e1 preparando lo que es el ej\u00e9rcito de la Direcci\u00f3n de Medios, para seguir avanzando en la promoci\u00f3n de las ejecutorias del gobierno del presidente Luis Abinader.<\/p>\n\n\n\n<p>\u201cEn cada provincia de la Rep\u00fablica Dominicana se est\u00e1n proyectando las ejecutorias de este gobierno del presidente Luis Abinader y ustedes han sido part\u00edcipes de llevar ese mensaje, porque la idea principal de la Direcci\u00f3n de Medios es que los mun\u00edcipes conozcan lo que est\u00e1 haciendo el gobierno y d\u00f3nde est\u00e1 invirtiendo los recursos del Estado\u201d, expuso Reynoso.<\/p>\n\n\n\n<p>Pidi\u00f3 a los graduandos que pongan en pr\u00e1ctica lo aprendido, en bien el pa\u00eds, de la democracia dominicana y en defensa del gobierno del presidente Luis Abinader.<\/p>\n\n\n\n<p>Anaida Polanco, quien habl\u00f3 a nombre de los egresados manifest\u00f3 su agradecimiento por la oportunidad que tuvieron los participantes de desarrollar sus habilidades. Destac\u00f3 que en este proceso obtuvieron una formaci\u00f3n de calidad que los prepara para enfrentar los retos del periodismo digital.<\/p>\n\n\n\n<p>\u201cGracias por proporcionarnos las herramientas, el conocimiento y la visi\u00f3n de los medios de comunicaci\u00f3n desde una perspectiva institucional. La experiencia que nos han brindado son, sin dudas, un valor agregado que llevamos con nosotros a lo largo de nuestras carreras\u201d, indic\u00f3 Polanco.<\/p>\n\n\n\n<p>Sobre los participantes<\/p>\n\n\n\n<p>Los graduandos son parte del amplio programa que se ha ejecutado junto a DIECOM, y del que ya han egresado personas que realizaron cursos en liderazgo transformador.<\/p>\n\n\n\n<p>Los participantes, a los que se les entreg\u00f3 certificados en esta ocasi\u00f3n pertenecen a las regiones: Cibao-Norcentral, Este, Nordeste, Enriquillo, Noroeste, El Valle, Cibao Central, Valdesia y Santo Domingo-Monte Plata.<\/p>\n\n\n\n<p>El a\u00f1o pasado se realizaron dos talleres junto DIECOM a 55 comunicadores.<\/p>\n\n\n\n<p>En mayo de 2023, recibieron certificados unos 29 participantes tras haber concluido el Taller de Vocer\u00eda Empresarial y Gubernamental, realizado con el prop\u00f3sito de que las personas a cargo puedan comunicar correctamente las acciones de las instituciones en las que prestan servicio.<\/p>\n\n\n\n<p>En el primero participaron 26 portavoces diseminados en la regi\u00f3n de Valdesia, que comprende las provincias de San Crist\u00f3bal, Peravia y San Jos\u00e9 de Ocoa, y la regi\u00f3n Independencia, compuesta por Bahoruco, Pedernales, Enriquillo y Barahona.<\/p>\n\n\n\n<p>Asimismo, en el segundo taller fueron formados participantes de la regi\u00f3n Norte y del Distrito Nacional en t\u00e9cnicas sobre redacci\u00f3n de textos, manejo del miedo esc\u00e9nico, dicci\u00f3n y fluidez verbal.<\/p>\n","protected":false},"excerpt":{"rendered":"<p>Santo Domingo. \u2013 Cincuenta y cuatro comunicadores fueron formados en periodismo digital, wordpress e inteligencia artificial por el Instituto Nacional de Formaci\u00f3n T\u00e9cnico Profesional (INFOTEP), en coordinaci\u00f3n con la Direcci\u00f3n de Estrategia y Comunicaci\u00f3n Gubernamental (DIECOM) y el Observatorio de Medios Digitales. El director general del INFOTEP, Rafael Santos Bad\u00eda, destac\u00f3 que con estas capacitaciones los egresados estar\u00e1n en condiciones de gestionar herramientas tecnol\u00f3gicas de alto alcance para un mejor manejo de la comunicaci\u00f3n oral y escrita. \u201cNunca como ahora la comunicaci\u00f3n efectiva, oportuna y veraz ha sido tan importante y crucial para el mantenimiento de una sociedad sanamente enterada, en una era de desinformaci\u00f3n y posverdad\u201d, expres\u00f3 Santos Bad\u00eda exhort\u00f3 a los graduandos a seguir adelante realizando nuevas capacitaciones que les permitan cada d\u00eda ser personas m\u00e1s preparadas en las diferentes localidades del pa\u00eds, emitiendo opiniones con una comunicaci\u00f3n m\u00e1s asertiva y en consonancia con las pol\u00edticas del Gobierno\u201d, dijo. El director de Medios de la Presidencia, Federico Reynoso, destac\u00f3 el apoyo que el INFOTEP le ha dado al DIECOM y dijo que con este plan formativo se est\u00e1 preparando lo que es el ej\u00e9rcito de la Direcci\u00f3n de Medios, para seguir avanzando en la promoci\u00f3n de las ejecutorias del gobierno del presidente Luis Abinader. \u201cEn cada provincia de la Rep\u00fablica Dominicana se est\u00e1n proyectando las ejecutorias de este gobierno del presidente Luis Abinader y ustedes han sido part\u00edcipes de llevar ese mensaje, porque la idea principal de la Direcci\u00f3n de Medios es que los mun\u00edcipes conozcan lo que est\u00e1 haciendo el gobierno y d\u00f3nde est\u00e1 invirtiendo los recursos del Estado\u201d, expuso Reynoso. Pidi\u00f3 a los graduandos que pongan en pr\u00e1ctica lo aprendido, en bien el pa\u00eds, de la democracia dominicana y en defensa del gobierno del presidente Luis Abinader. Anaida Polanco, quien habl\u00f3 a nombre de los egresados manifest\u00f3 su agradecimiento por la oportunidad que tuvieron los participantes de desarrollar sus habilidades. Destac\u00f3 que en este proceso obtuvieron una formaci\u00f3n de calidad que los prepara para enfrentar los retos del periodismo digital. \u201cGracias por proporcionarnos las herramientas, el conocimiento y la visi\u00f3n de los medios de comunicaci\u00f3n desde una perspectiva institucional. La experiencia que nos han brindado son, sin dudas, un valor agregado que llevamos con nosotros a lo largo de nuestras carreras\u201d, indic\u00f3 Polanco. Sobre los participantes Los graduandos son parte del amplio programa que se ha ejecutado junto a DIECOM, y del que ya han egresado personas que realizaron cursos en liderazgo transformador. Los participantes, a los que se les entreg\u00f3 certificados en esta ocasi\u00f3n pertenecen a las regiones: Cibao-Norcentral, Este, Nordeste, Enriquillo, Noroeste, El Valle, Cibao Central, Valdesia y Santo Domingo-Monte Plata. El a\u00f1o pasado se realizaron dos talleres junto DIECOM a 55 comunicadores. En mayo de 2023, recibieron certificados unos 29 participantes tras haber concluido el Taller de Vocer\u00eda Empresarial y Gubernamental, realizado con el prop\u00f3sito de que las personas a cargo puedan comunicar correctamente las acciones de las instituciones en las que prestan servicio. En el primero participaron 26 portavoces diseminados en la regi\u00f3n de Valdesia, que comprende las provincias de San Crist\u00f3bal, Peravia y San Jos\u00e9 de Ocoa, y la regi\u00f3n Independencia, compuesta por Bahoruco, Pedernales, Enriquillo y Barahona. Asimismo, en el segundo taller fueron formados participantes de la regi\u00f3n Norte y del Distrito Nacional en t\u00e9cnicas sobre redacci\u00f3n de textos, manejo del miedo esc\u00e9nico, dicci\u00f3n y fluidez verbal.<\/p>\n","protected":false},"author":3,"featured_media":0,"comment_status":"open","ping_status":"open","sticky":false,"template":"","format":"standard","meta":{"om_disable_all_campaigns":false,"footnotes":""},"categories":[15],"tags":[],"class_list":["post-133693","post","type-post","status-publish","format-standard","hentry","category-nacionales"],"_links":{"self":[{"href":"https:\/\/conexiondigital.com.do\/index.php\/wp-json\/wp\/v2\/posts\/133693","targetHints":{"allow":["GET"]}}],"collection":[{"href":"https:\/\/conexiondigital.com.do\/index.php\/wp-json\/wp\/v2\/posts"}],"about":[{"href":"https:\/\/conexiondigital.com.do\/index.php\/wp-json\/wp\/v2\/types\/post"}],"author":[{"embeddable":true,"href":"https:\/\/conexiondigital.com.do\/index.php\/wp-json\/wp\/v2\/users\/3"}],"replies":[{"embeddable":true,"href":"https:\/\/conexiondigital.com.do\/index.php\/wp-json\/wp\/v2\/comments?post=133693"}],"version-history":[{"count":1,"href":"https:\/\/conexiondigital.com.do\/index.php\/wp-json\/wp\/v2\/posts\/133693\/revisions"}],"predecessor-version":[{"id":133695,"href":"https:\/\/conexiondigital.com.do\/index.php\/wp-json\/wp\/v2\/posts\/133693\/revisions\/133695"}],"wp:attachment":[{"href":"https:\/\/conexiondigital.com.do\/index.php\/wp-json\/wp\/v2\/media?parent=133693"}],"wp:term":[{"taxonomy":"category","embeddable":true,"href":"https:\/\/conexiondigital.com.do\/index.php\/wp-json\/wp\/v2\/categories?post=133693"},{"taxonomy":"post_tag","embeddable":true,"href":"https:\/\/conexiondigital.com.do\/index.php\/wp-json\/wp\/v2\/tags?post=133693"}],"curies":[{"name":"wp","href":"https:\/\/api.w.org\/{rel}","templated":true}]}}