{"id":133714,"date":"2024-12-15T11:11:38","date_gmt":"2024-12-15T15:11:38","guid":{"rendered":"https:\/\/conexiondigital.com.do\/?p=133714"},"modified":"2024-12-15T11:11:39","modified_gmt":"2024-12-15T15:11:39","slug":"la-direccion-penitenciaria-y-miderec-haran-evento-exhibicion-boxeo-en-najayo","status":"publish","type":"post","link":"https:\/\/conexiondigital.com.do\/index.php\/2024\/12\/15\/la-direccion-penitenciaria-y-miderec-haran-evento-exhibicion-boxeo-en-najayo\/","title":{"rendered":"La Direcci\u00f3n Penitenciar\u00eda y Miderec har\u00e1n evento exhibici\u00f3n boxeo en Najayo"},"content":{"rendered":"\n<figure class=\"wp-block-image size-large\"><img decoding=\"async\" src=\"https:\/\/images.conexiondigital.com.do\/wp-content\/uploads\/2024\/12\/69f5ee4a-e4de-4ec6-8f03-b59993320709-1024x958.jpg\" alt=\"\" class=\"wp-image-133715\" \/><\/figure>\n\n\n\n<p>Santo Domingo. La Direcci\u00f3n General de Servicios Penitenciarios y Correccionales en coordinaci\u00f3n con el Ministerio de Deportes celebrar\u00e1n este viernes desde las 10 de la ma\u00f1ana una exhibici\u00f3n de boxeo en el centro de Correcci\u00f3n y Rehabilitaci\u00f3n Najayo Hombres.<br>El anuncio fue realizado este martes en conferencia de prensa realizada en el Sal\u00f3n James Rodr\u00edguez, del Ministerio de Deportes, acto que estuvo encabezado por el Ministro Kelvin Cruz, quien resalt\u00f3 la realizaci\u00f3n de esta actividad para las personas que en la actualidad se encuentran privados de libertad.<br>\u201cEstas personas representan un sector al que todos debemos brindarle el soporte necesario y nosotros desde el Ministerio de Deportes lo hacemos de manera frecuente\u201d, expres\u00f3 el Ministro Cruz.<br>Valor\u00f3 los derechos que tienen estas personas, los cuales deben ser preservados y garantizados. \u201cdebemos contribuir para que ocurra de esta manera y ellos en alg\u00fan momento puedan ser reinsertados en la sociedad\u201d, sostuvo.<br>Es por esto que abog\u00f3 para que eventos de esta magnitud se realicen con mas frecuencia y tenemos lo principal y es la voluntad para materializarlo, a fin de que ellos puedan reincorporar sus vidas.<br>Agreg\u00f3 que la idea de Miderec es continuar con el apoyo, ya sea con las reparaciones de canchas, con utiler\u00edas deportivas, llevar deportistas de alto nivel entre otros.<br>El evento<br>La exhibici\u00f3n de boxeo consistir\u00e1 en un certamen demostrativo en el que participar\u00e1n boxeadores profesionales y capacitados en dos categor\u00edas (juveniles de 18 a\u00f1os en adelante y \u00e9lites de 22 a 35 a\u00f1os). Los boxeadores que participaran en esta muestra no son personas privadas de libertad.<br>A trav\u00e9s de este deporte, se busca transmitir valores de disciplina, autocontrol y perseverancia, adem\u00e1s de motivar a los privados de libertad a mejorar su salud f\u00edsica y mental.<br>La idea de la exhibici\u00f3n es presentar esta disciplina donde los atletas del nivel superior y amateur, mostrar\u00e1n las variadas t\u00e9cnicas que utilizan a la hora de desarrollar los movimientos de brazos y piernas, pero sobre todo la concentraci\u00f3n que se necesita para desarrollar esta disciplina.<\/p>\n\n\n\n<p>Habla coronel Roberto Hern\u00e1ndez<br>Mientras que el coronel Roberto Hern\u00e1ndez Basilio, director de DGSPC, agradeci\u00f3 el soporte que le ha brindado el Ministerio de Deportes en los pasados 4 a\u00f1os y el mismo ha sido de gran beneficio para la entidad que preside.<br>Expres\u00f3 que el Presidente de la Rep\u00fablica, Luis Abinader ha impulsado durante su gesti\u00f3n el apoyo para el sistema penitenciario y cubrir sus necesidades.<br>Mientras que Evaristo P\u00e9rez, Director de Recreaci\u00f3n de Miderec, extern\u00f3 que la direcci\u00f3n que comanda viene trabajando en diferentes aspectos que van en beneficios de las personas privadas de libertad en variados recintos.<br>Entre los eventos que se han efectuados en las c\u00e1rceles figuran baloncesto, voleibol, ajedrez, boxeo, taekwondo, softbol, as\u00ed como Zumbaton, bellydance entre otros.<br>En la actividad estuvieron presentes adem\u00e1s, Franklin de la Mota, viceministro de Deportes, Frania Navarro, subdirectora de tratamiento DGSPC, Am\u00e9rica P\u00e9rez, encargada de la Divisi\u00f3n de Actividades Recreativas Penitenciarias, Julio Garc\u00eda, coordinador, Anyelo Frias , consultor entre otros.<\/p>\n","protected":false},"excerpt":{"rendered":"<p>Santo Domingo. La Direcci\u00f3n General de Servicios Penitenciarios y Correccionales en coordinaci\u00f3n con el Ministerio de Deportes celebrar\u00e1n este viernes desde las 10 de la ma\u00f1ana una exhibici\u00f3n de boxeo en el centro de Correcci\u00f3n y Rehabilitaci\u00f3n Najayo Hombres.El anuncio fue realizado este martes en conferencia de prensa realizada en el Sal\u00f3n James Rodr\u00edguez, del Ministerio de Deportes, acto que estuvo encabezado por el Ministro Kelvin Cruz, quien resalt\u00f3 la realizaci\u00f3n de esta actividad para las personas que en la actualidad se encuentran privados de libertad.\u201cEstas personas representan un sector al que todos debemos brindarle el soporte necesario y nosotros desde el Ministerio de Deportes lo hacemos de manera frecuente\u201d, expres\u00f3 el Ministro Cruz.Valor\u00f3 los derechos que tienen estas personas, los cuales deben ser preservados y garantizados. \u201cdebemos contribuir para que ocurra de esta manera y ellos en alg\u00fan momento puedan ser reinsertados en la sociedad\u201d, sostuvo.Es por esto que abog\u00f3 para que eventos de esta magnitud se realicen con mas frecuencia y tenemos lo principal y es la voluntad para materializarlo, a fin de que ellos puedan reincorporar sus vidas.Agreg\u00f3 que la idea de Miderec es continuar con el apoyo, ya sea con las reparaciones de canchas, con utiler\u00edas deportivas, llevar deportistas de alto nivel entre otros.El eventoLa exhibici\u00f3n de boxeo consistir\u00e1 en un certamen demostrativo en el que participar\u00e1n boxeadores profesionales y capacitados en dos categor\u00edas (juveniles de 18 a\u00f1os en adelante y \u00e9lites de 22 a 35 a\u00f1os). Los boxeadores que participaran en esta muestra no son personas privadas de libertad.A trav\u00e9s de este deporte, se busca transmitir valores de disciplina, autocontrol y perseverancia, adem\u00e1s de motivar a los privados de libertad a mejorar su salud f\u00edsica y mental.La idea de la exhibici\u00f3n es presentar esta disciplina donde los atletas del nivel superior y amateur, mostrar\u00e1n las variadas t\u00e9cnicas que utilizan a la hora de desarrollar los movimientos de brazos y piernas, pero sobre todo la concentraci\u00f3n que se necesita para desarrollar esta disciplina. Habla coronel Roberto Hern\u00e1ndezMientras que el coronel Roberto Hern\u00e1ndez Basilio, director de DGSPC, agradeci\u00f3 el soporte que le ha brindado el Ministerio de Deportes en los pasados 4 a\u00f1os y el mismo ha sido de gran beneficio para la entidad que preside.Expres\u00f3 que el Presidente de la Rep\u00fablica, Luis Abinader ha impulsado durante su gesti\u00f3n el apoyo para el sistema penitenciario y cubrir sus necesidades.Mientras que Evaristo P\u00e9rez, Director de Recreaci\u00f3n de Miderec, extern\u00f3 que la direcci\u00f3n que comanda viene trabajando en diferentes aspectos que van en beneficios de las personas privadas de libertad en variados recintos.Entre los eventos que se han efectuados en las c\u00e1rceles figuran baloncesto, voleibol, ajedrez, boxeo, taekwondo, softbol, as\u00ed como Zumbaton, bellydance entre otros.En la actividad estuvieron presentes adem\u00e1s, Franklin de la Mota, viceministro de Deportes, Frania Navarro, subdirectora de tratamiento DGSPC, Am\u00e9rica P\u00e9rez, encargada de la Divisi\u00f3n de Actividades Recreativas Penitenciarias, Julio Garc\u00eda, coordinador, Anyelo Frias , consultor entre otros.<\/p>\n","protected":false},"author":3,"featured_media":0,"comment_status":"open","ping_status":"open","sticky":false,"template":"","format":"standard","meta":{"om_disable_all_campaigns":false,"footnotes":""},"categories":[21],"tags":[],"class_list":["post-133714","post","type-post","status-publish","format-standard","hentry","category-sport"],"_links":{"self":[{"href":"https:\/\/conexiondigital.com.do\/index.php\/wp-json\/wp\/v2\/posts\/133714","targetHints":{"allow":["GET"]}}],"collection":[{"href":"https:\/\/conexiondigital.com.do\/index.php\/wp-json\/wp\/v2\/posts"}],"about":[{"href":"https:\/\/conexiondigital.com.do\/index.php\/wp-json\/wp\/v2\/types\/post"}],"author":[{"embeddable":true,"href":"https:\/\/conexiondigital.com.do\/index.php\/wp-json\/wp\/v2\/users\/3"}],"replies":[{"embeddable":true,"href":"https:\/\/conexiondigital.com.do\/index.php\/wp-json\/wp\/v2\/comments?post=133714"}],"version-history":[{"count":1,"href":"https:\/\/conexiondigital.com.do\/index.php\/wp-json\/wp\/v2\/posts\/133714\/revisions"}],"predecessor-version":[{"id":133716,"href":"https:\/\/conexiondigital.com.do\/index.php\/wp-json\/wp\/v2\/posts\/133714\/revisions\/133716"}],"wp:attachment":[{"href":"https:\/\/conexiondigital.com.do\/index.php\/wp-json\/wp\/v2\/media?parent=133714"}],"wp:term":[{"taxonomy":"category","embeddable":true,"href":"https:\/\/conexiondigital.com.do\/index.php\/wp-json\/wp\/v2\/categories?post=133714"},{"taxonomy":"post_tag","embeddable":true,"href":"https:\/\/conexiondigital.com.do\/index.php\/wp-json\/wp\/v2\/tags?post=133714"}],"curies":[{"name":"wp","href":"https:\/\/api.w.org\/{rel}","templated":true}]}}