{"id":133794,"date":"2024-12-18T20:57:02","date_gmt":"2024-12-19T00:57:02","guid":{"rendered":"https:\/\/conexiondigital.com.do\/?p=133794"},"modified":"2024-12-18T20:57:30","modified_gmt":"2024-12-19T00:57:30","slug":"gobierno-dominicano-convierte-caso-drogas-en-escandalo-internacional-y-provoca-trato-con-cierta-sorna","status":"publish","type":"post","link":"https:\/\/conexiondigital.com.do\/index.php\/2024\/12\/18\/gobierno-dominicano-convierte-caso-drogas-en-escandalo-internacional-y-provoca-trato-con-cierta-sorna\/","title":{"rendered":"Gobierno dominicano convierte caso drogas en esc\u00e1ndalo internacional, y provoca \u00abtrato con cierta sorna\u00bb"},"content":{"rendered":"\n<figure class=\"wp-block-image size-full is-resized\"><img decoding=\"async\" src=\"https:\/\/images.conexiondigital.com.do\/wp-content\/uploads\/2024\/12\/thumbnail_Rafael-Mendez.jpg\" alt=\"\" class=\"wp-image-133795\" style=\"width:840px;height:auto\" \/><\/figure>\n\n\n\n<p><strong>\u201cEs preocupante ver c\u00f3mo medios extranjeros tratan este tema con cierta sorna\u201d<\/strong><\/p>\n\n\n\n<p>NEYBA: El exdiputado Rafael M\u00e9ndez consider\u00f3 que el gobierno dominicano ha convertido en un \u00abbochornoso espect\u00e1culo internacional\u00bb el caso de los 9,989 kilos de drogas incautados, al tiempo de se\u00f1alar que ha habido \u201cfalta de transparencia, contradicciones en las declaraciones oficiales y las respuestas ambiguas, lo que han alimentado la desconfianza de la ciudadan\u00eda y han dado pie a especulaciones de todo tipo\u201d.<\/p>\n\n\n\n<p>\u201cEs preocupante ver c\u00f3mo medios extranjeros nos tratan este tema con cierta sorna, por lo que se cuestionada la imagen del pa\u00eds que, en lugar de proyectar una imagen de firmeza en la lucha contra el narcotr\u00e1fico, estamos dando la impresi\u00f3n de ser un pa\u00eds vulnerable ante el crimen organizado.<\/p>\n\n\n\n<p>\u00abLo que debi\u00f3 ser un golpe contundente al narcotr\u00e1fico se ha convertido en una verg\u00fcenza para el pa\u00eds, y en lugar de actuar con diligencia y claridad, lo que ha hecho el gobierno parece estar jugando al escondidas con la verdad, ocultando informaci\u00f3n crucial y contradiciendo sus propias versiones\u00bb, apunt\u00f3.<\/p>\n\n\n\n<p>El exdiputado enfatiz\u00f3 la ausencia de respuestas claras sobre puntos clave de la investigaci\u00f3n. \u00ab\u00bfC\u00f3mo es posible que a\u00fan no sepamos el origen exacto de la droga ni qui\u00e9nes son los verdaderos responsables? Esta opacidad solo genera m\u00e1s dudas y alimenta la percepci\u00f3n de que se est\u00e1 encubriendo algo. La ciudadan\u00eda merece una explicaci\u00f3n clara y convincente\u00bb, sentenci\u00f3. \u00abEste no es un simple error, es un asunto de seguridad nacional que exige la m\u00e1xima responsabilidad por parte de las autoridades\u00bb, subray\u00f3.<\/p>\n","protected":false},"excerpt":{"rendered":"<p>\u201cEs preocupante ver c\u00f3mo medios extranjeros tratan este tema con cierta sorna\u201d NEYBA: El exdiputado Rafael M\u00e9ndez consider\u00f3 que el gobierno dominicano ha convertido en un \u00abbochornoso espect\u00e1culo internacional\u00bb el caso de los 9,989 kilos de drogas incautados, al tiempo de se\u00f1alar que ha habido \u201cfalta de transparencia, contradicciones en las declaraciones oficiales y las respuestas ambiguas, lo que han alimentado la desconfianza de la ciudadan\u00eda y han dado pie a especulaciones de todo tipo\u201d. \u201cEs preocupante ver c\u00f3mo medios extranjeros nos tratan este tema con cierta sorna, por lo que se cuestionada la imagen del pa\u00eds que, en lugar de proyectar una imagen de firmeza en la lucha contra el narcotr\u00e1fico, estamos dando la impresi\u00f3n de ser un pa\u00eds vulnerable ante el crimen organizado. \u00abLo que debi\u00f3 ser un golpe contundente al narcotr\u00e1fico se ha convertido en una verg\u00fcenza para el pa\u00eds, y en lugar de actuar con diligencia y claridad, lo que ha hecho el gobierno parece estar jugando al escondidas con la verdad, ocultando informaci\u00f3n crucial y contradiciendo sus propias versiones\u00bb, apunt\u00f3. El exdiputado enfatiz\u00f3 la ausencia de respuestas claras sobre puntos clave de la investigaci\u00f3n. \u00ab\u00bfC\u00f3mo es posible que a\u00fan no sepamos el origen exacto de la droga ni qui\u00e9nes son los verdaderos responsables? Esta opacidad solo genera m\u00e1s dudas y alimenta la percepci\u00f3n de que se est\u00e1 encubriendo algo. La ciudadan\u00eda merece una explicaci\u00f3n clara y convincente\u00bb, sentenci\u00f3. \u00abEste no es un simple error, es un asunto de seguridad nacional que exige la m\u00e1xima responsabilidad por parte de las autoridades\u00bb, subray\u00f3.<\/p>\n","protected":false},"author":3,"featured_media":0,"comment_status":"open","ping_status":"open","sticky":false,"template":"","format":"standard","meta":{"om_disable_all_campaigns":false,"footnotes":""},"categories":[12],"tags":[],"class_list":["post-133794","post","type-post","status-publish","format-standard","hentry","category-politic"],"_links":{"self":[{"href":"https:\/\/conexiondigital.com.do\/index.php\/wp-json\/wp\/v2\/posts\/133794","targetHints":{"allow":["GET"]}}],"collection":[{"href":"https:\/\/conexiondigital.com.do\/index.php\/wp-json\/wp\/v2\/posts"}],"about":[{"href":"https:\/\/conexiondigital.com.do\/index.php\/wp-json\/wp\/v2\/types\/post"}],"author":[{"embeddable":true,"href":"https:\/\/conexiondigital.com.do\/index.php\/wp-json\/wp\/v2\/users\/3"}],"replies":[{"embeddable":true,"href":"https:\/\/conexiondigital.com.do\/index.php\/wp-json\/wp\/v2\/comments?post=133794"}],"version-history":[{"count":2,"href":"https:\/\/conexiondigital.com.do\/index.php\/wp-json\/wp\/v2\/posts\/133794\/revisions"}],"predecessor-version":[{"id":133797,"href":"https:\/\/conexiondigital.com.do\/index.php\/wp-json\/wp\/v2\/posts\/133794\/revisions\/133797"}],"wp:attachment":[{"href":"https:\/\/conexiondigital.com.do\/index.php\/wp-json\/wp\/v2\/media?parent=133794"}],"wp:term":[{"taxonomy":"category","embeddable":true,"href":"https:\/\/conexiondigital.com.do\/index.php\/wp-json\/wp\/v2\/categories?post=133794"},{"taxonomy":"post_tag","embeddable":true,"href":"https:\/\/conexiondigital.com.do\/index.php\/wp-json\/wp\/v2\/tags?post=133794"}],"curies":[{"name":"wp","href":"https:\/\/api.w.org\/{rel}","templated":true}]}}