{"id":134494,"date":"2025-01-31T19:30:16","date_gmt":"2025-01-31T23:30:16","guid":{"rendered":"https:\/\/conexiondigital.com.do\/?p=134494"},"modified":"2025-01-31T19:30:17","modified_gmt":"2025-01-31T23:30:17","slug":"luis-miguel-de-camps-empleabilidad-juvenil-es-una-apuesta-por-el-futuro-laboral-de-la-juventud-dominicana","status":"publish","type":"post","link":"https:\/\/conexiondigital.com.do\/index.php\/2025\/01\/31\/luis-miguel-de-camps-empleabilidad-juvenil-es-una-apuesta-por-el-futuro-laboral-de-la-juventud-dominicana\/","title":{"rendered":"Luis Miguel De Camps: \u00abEmpleabilidad Juvenil es una apuesta por el futuro laboral de la juventud dominicana\u00bb"},"content":{"rendered":"\n<figure class=\"wp-block-image size-large is-resized\"><img decoding=\"async\" src=\"https:\/\/images.conexiondigital.com.do\/wp-content\/uploads\/wp-content\/uploads\/2025\/01\/Luis-Miguel-De-Camps-conversa-con-uno-de-los-jovenes-681x1024.jpg\" alt=\"\" class=\"wp-image-134495\" style=\"width:840px;height:auto\" \/><\/figure>\n\n\n\n<p><em><strong>El ministro de Trabajo realiz\u00f3 un encuentro con j\u00f3venes que han ingresado al mercado laboral a trav\u00e9s de Rep\u00fablica Dominicana Trabaja.<\/strong><\/em><\/p>\n\n\n\n<p><strong>Santiago, R.D.<\/strong>&nbsp;\u2013 Luis Miguel De Camps Garc\u00eda, ministro de Trabajo, destac\u00f3 que el Programa de Empleabilidad Juvenil (Entrenamiento para la Inserci\u00f3n Laboral-EIL), impulsado por la instituci\u00f3n, representa una apuesta por el futuro laboral de la juventud dominicana.<\/p>\n\n\n\n<p>Durante un encuentro con j\u00f3venes beneficiarios de este programa que trabajan en la empresa Support Service Group (SSG), el ministro expres\u00f3 que el Gobierno de Luis Abinader apuesta por una generaci\u00f3n de j\u00f3venes cada vez m\u00e1s capacitada y que, al mismo tiempo, adquiera habilidades t\u00e9cnicas que le permitan acceder a un empleo y garantizar su crecimiento personal.<\/p>\n\n\n\n<p>En ese sentido, manifest\u00f3 que el mismo est\u00e1 orientado a la inserci\u00f3n de j\u00f3venes de 18 a 35 a\u00f1os a los cuales el Ministerio de Trabajo cubre el equivalente de tres meses de salario, requiriendo que la empresa mantenga al 50 % de los trabajadores por tres meses adicionales garantizando la transici\u00f3n a un trabajo permanente.<\/p>\n\n\n\n<p>\u201cMe llena de satisfacci\u00f3n que esta iniciativa ap\u00e9ndice de Rep\u00fablica Dominicana Trabaja, sea parte de este proceso en el que miles de j\u00f3venes encuentran no solo una oportunidad de empleo, sino tambi\u00e9n de capacitarse\u201d, a\u00f1adi\u00f3 De Camps.<\/p>\n\n\n\n<p>Indic\u00f3, que es motivo de celebraci\u00f3n especialmente en el D\u00eda Nacional de la Juventud, saber que m\u00e1s de 30 empresas del sector privado est\u00e1n comprometidas con la iniciativa de insertar a j\u00f3venes sin importar su procedencia, si tienen o no alguna discapacidad o condici\u00f3n, y que desean sentirse \u00fatiles a la sociedad a trav\u00e9s de un empleo decente.<\/p>\n\n\n\n<p>De Camps comparti\u00f3 con los j\u00f3venes de SSG, quienes hablaron de su experiencia, algunos de su primera oportunidad de empleo y otros, que, a pesar de su corta edad, ya ocupan puestos de direcci\u00f3n y alta responsabilidad.<\/p>\n\n\n\n<p>Reiter\u00f3 que, desde el Gobierno, continuar\u00e1n acompa\u00f1ando a los j\u00f3venes y garantizando que, con el fortalecimiento de Empleabilidad Juvenil, puedan crecer no solo profesionalmente, sino tambi\u00e9n mejorar su calidad de vida y asegurar su futuro.<\/p>\n\n\n\n<p>Durante el encuentro, De Camps recorri\u00f3 las diferentes \u00e1reas de la empresa, acompa\u00f1ado por Akos Horvath, Global Chief Legal Officer de SSG; V\u00edctor Alvarado, Country Manager; Giselle Trigo, Human Resources Manager; y Justin Horn, Executive VP-Global Operations.<\/p>\n","protected":false},"excerpt":{"rendered":"<p>El ministro de Trabajo realiz\u00f3 un encuentro con j\u00f3venes que han ingresado al mercado laboral a trav\u00e9s de Rep\u00fablica Dominicana Trabaja. Santiago, R.D.&nbsp;\u2013 Luis Miguel De Camps Garc\u00eda, ministro de Trabajo, destac\u00f3 que el Programa de Empleabilidad Juvenil (Entrenamiento para la Inserci\u00f3n Laboral-EIL), impulsado por la instituci\u00f3n, representa una apuesta por el futuro laboral de la juventud dominicana. Durante un encuentro con j\u00f3venes beneficiarios de este programa que trabajan en la empresa Support Service Group (SSG), el ministro expres\u00f3 que el Gobierno de Luis Abinader apuesta por una generaci\u00f3n de j\u00f3venes cada vez m\u00e1s capacitada y que, al mismo tiempo, adquiera habilidades t\u00e9cnicas que le permitan acceder a un empleo y garantizar su crecimiento personal. En ese sentido, manifest\u00f3 que el mismo est\u00e1 orientado a la inserci\u00f3n de j\u00f3venes de 18 a 35 a\u00f1os a los cuales el Ministerio de Trabajo cubre el equivalente de tres meses de salario, requiriendo que la empresa mantenga al 50 % de los trabajadores por tres meses adicionales garantizando la transici\u00f3n a un trabajo permanente. \u201cMe llena de satisfacci\u00f3n que esta iniciativa ap\u00e9ndice de Rep\u00fablica Dominicana Trabaja, sea parte de este proceso en el que miles de j\u00f3venes encuentran no solo una oportunidad de empleo, sino tambi\u00e9n de capacitarse\u201d, a\u00f1adi\u00f3 De Camps. Indic\u00f3, que es motivo de celebraci\u00f3n especialmente en el D\u00eda Nacional de la Juventud, saber que m\u00e1s de 30 empresas del sector privado est\u00e1n comprometidas con la iniciativa de insertar a j\u00f3venes sin importar su procedencia, si tienen o no alguna discapacidad o condici\u00f3n, y que desean sentirse \u00fatiles a la sociedad a trav\u00e9s de un empleo decente. De Camps comparti\u00f3 con los j\u00f3venes de SSG, quienes hablaron de su experiencia, algunos de su primera oportunidad de empleo y otros, que, a pesar de su corta edad, ya ocupan puestos de direcci\u00f3n y alta responsabilidad. Reiter\u00f3 que, desde el Gobierno, continuar\u00e1n acompa\u00f1ando a los j\u00f3venes y garantizando que, con el fortalecimiento de Empleabilidad Juvenil, puedan crecer no solo profesionalmente, sino tambi\u00e9n mejorar su calidad de vida y asegurar su futuro. Durante el encuentro, De Camps recorri\u00f3 las diferentes \u00e1reas de la empresa, acompa\u00f1ado por Akos Horvath, Global Chief Legal Officer de SSG; V\u00edctor Alvarado, Country Manager; Giselle Trigo, Human Resources Manager; y Justin Horn, Executive VP-Global Operations.<\/p>\n","protected":false},"author":3,"featured_media":0,"comment_status":"open","ping_status":"open","sticky":false,"template":"","format":"standard","meta":{"om_disable_all_campaigns":false,"footnotes":""},"categories":[56],"tags":[],"class_list":["post-134494","post","type-post","status-publish","format-standard","hentry","category-economia"],"_links":{"self":[{"href":"https:\/\/conexiondigital.com.do\/index.php\/wp-json\/wp\/v2\/posts\/134494","targetHints":{"allow":["GET"]}}],"collection":[{"href":"https:\/\/conexiondigital.com.do\/index.php\/wp-json\/wp\/v2\/posts"}],"about":[{"href":"https:\/\/conexiondigital.com.do\/index.php\/wp-json\/wp\/v2\/types\/post"}],"author":[{"embeddable":true,"href":"https:\/\/conexiondigital.com.do\/index.php\/wp-json\/wp\/v2\/users\/3"}],"replies":[{"embeddable":true,"href":"https:\/\/conexiondigital.com.do\/index.php\/wp-json\/wp\/v2\/comments?post=134494"}],"version-history":[{"count":1,"href":"https:\/\/conexiondigital.com.do\/index.php\/wp-json\/wp\/v2\/posts\/134494\/revisions"}],"predecessor-version":[{"id":134496,"href":"https:\/\/conexiondigital.com.do\/index.php\/wp-json\/wp\/v2\/posts\/134494\/revisions\/134496"}],"wp:attachment":[{"href":"https:\/\/conexiondigital.com.do\/index.php\/wp-json\/wp\/v2\/media?parent=134494"}],"wp:term":[{"taxonomy":"category","embeddable":true,"href":"https:\/\/conexiondigital.com.do\/index.php\/wp-json\/wp\/v2\/categories?post=134494"},{"taxonomy":"post_tag","embeddable":true,"href":"https:\/\/conexiondigital.com.do\/index.php\/wp-json\/wp\/v2\/tags?post=134494"}],"curies":[{"name":"wp","href":"https:\/\/api.w.org\/{rel}","templated":true}]}}