{"id":134497,"date":"2025-01-31T19:32:00","date_gmt":"2025-01-31T23:32:00","guid":{"rendered":"https:\/\/conexiondigital.com.do\/?p=134497"},"modified":"2025-01-31T19:32:01","modified_gmt":"2025-01-31T23:32:01","slug":"prd-valora-potencial-de-la-juventud-y-su-capacidad-transformadora","status":"publish","type":"post","link":"https:\/\/conexiondigital.com.do\/index.php\/2025\/01\/31\/prd-valora-potencial-de-la-juventud-y-su-capacidad-transformadora\/","title":{"rendered":"PRD valora potencial de la juventud y su capacidad transformadora"},"content":{"rendered":"\n<figure class=\"wp-block-image size-large\"><img decoding=\"async\" src=\"https:\/\/images.conexiondigital.com.do\/wp-content\/uploads\/2025\/01\/thumbnail_foto-juventud-1-1024x689.jpg\" alt=\"\" class=\"wp-image-134498\" \/><\/figure>\n\n\n\n<p>Santo Domingo. El presidente del Partido Revolucionario Dominicano, Miguel Vargas Maldonado, asegur\u00f3 que la juventud tiene el talento, la creatividad y la energ\u00eda para superar los obst\u00e1culos que afectan a ese vital sector y para generar las transformaciones que necesita el pa\u00eds.<\/p>\n\n\n\n<p>Durante su discurso ante m\u00e1s 80 l\u00edderes, en el marco del D\u00eda Nacional de la Juventud, con el que se inici\u00f3 el programa de crecimiento y capacitaci\u00f3n de j\u00f3venes del PRD, el l\u00edder de la organizaci\u00f3n pol\u00edtica destac\u00f3 que el entorno econ\u00f3mico y social muchas veces hostil, la escasa oportunidad de empleo y los limitados recursos para emprender se constituyen en barreras que parecen insuperables para la juventud.<\/p>\n\n\n\n<p>Sin embargo, sostuvo que esas dificultades no definen el destino de la juventud y que el talento, la energ\u00eda y la creatividad de los j\u00f3venes est\u00e1n llamados a recibir de la sociedad las condiciones que hacen posible desplegar todo ese potencial.<\/p>\n\n\n\n<p>El tambi\u00e9n vicepresidente de la Internacional Socialista para Am\u00e9rica Latina y el Caribe, asegur\u00f3 que, aunque el empleo es fundamental, se trata de un trampol\u00edn hacia metas m\u00e1s altas. Llam\u00f3 la atenci\u00f3n a los j\u00f3venes a no conformarse con ser empleados para siempre.<\/p>\n\n\n\n<p>&nbsp;\u00abSu objetivo debe ser convertirse en emprendedores, en creadores de proyectos innovadores, en desarrolladores de soluciones que generen riqueza para ustedes y el pa\u00eds\u00bb, sostuvo.&nbsp; &nbsp;<\/p>\n\n\n\n<p>Urgi\u00f3 a la juventud dominicana a ser agentes de cambio que impulsen un nuevo modelo de desarrollo, basado en la creatividad, la innovaci\u00f3n y el trabajo colaborativo.<\/p>\n\n\n\n<p>Dijo que la Rep\u00fablica Dominicana necesita una juventud que se involucre, que participe y que haga sentir su voz para convertirla en un pa\u00eds diferente, m\u00e1s justo, m\u00e1s inclusivo, para lo que deben estar dispuestos a asumir el desaf\u00edo de transformar la pol\u00edtica desde dentro.<\/p>\n\n\n\n<p>Valor\u00f3 que la juventud ha sido la protagonista de las grandes transformaciones en la historia de la humanidad.<\/p>\n\n\n\n<p>Asegur\u00f3 que la democracia dominicana necesita la energ\u00eda, valent\u00eda y el compromiso de su juventud.<\/p>\n\n\n\n<p>Cit\u00f3 que, a lo largo de la historia, el Partido Revolucionario Dominicano ha sido el hogar pol\u00edtico de los j\u00f3venes y puso de ejemplo al doctor Jos\u00e9 Francisco Pe\u00f1a G\u00f3mez, qui\u00e9n inici\u00f3 su carrera pol\u00edtica con apenas 25 a\u00f1os, asumiendo a los 28 el liderazgo de la revoluci\u00f3n de abril de 1965.<\/p>\n\n\n\n<p>Dijo que el equipo de j\u00f3venes presentes en el acto tiene el deber y el honor de trabajar con la dedicaci\u00f3n, entrega y apertura necesarias para lograr el objetivo de que el PRD crezca y se desarrolle.<\/p>\n\n\n\n<p>\u00abAqu\u00ed sus ideas ser\u00e1n escuchadas, sus talentos ser\u00e1n valorados y su compromiso ser\u00e1 recompensado con oportunidades reales para impactar en la sociedad\u00bb, garantiz\u00f3. Vargas Maldonado cerr\u00f3 su discurso reafirmando que los all\u00ed presentes representan a la generaci\u00f3n que tiene en sus manos el futuro del PRD y de la Rep\u00fablica Dominicana.<\/p>\n\n\n\n<p>La actividad estuvo encabezada por Vargas Maldonado, y el presidente de la Juventud Revolucionaria Dominicana (JRD), Yeury Garc\u00eda.&nbsp;<\/p>\n\n\n\n<p>Estuvieron presentes Peggy Cabral, secretaria general; Janet Camilo, presidenta en funciones; H\u00e9ctor Guzm\u00e1n, vicepresidente; Amancia de la Cruz, presidenta de FEDOMUSDE; Israel Abreu, secretario de pol\u00edticas p\u00fablicas, entre otros l\u00edderes partidarios.<\/p>\n","protected":false},"excerpt":{"rendered":"<p>Santo Domingo. El presidente del Partido Revolucionario Dominicano, Miguel Vargas Maldonado, asegur\u00f3 que la juventud tiene el talento, la creatividad y la energ\u00eda para superar los obst\u00e1culos que afectan a ese vital sector y para generar las transformaciones que necesita el pa\u00eds. Durante su discurso ante m\u00e1s 80 l\u00edderes, en el marco del D\u00eda Nacional de la Juventud, con el que se inici\u00f3 el programa de crecimiento y capacitaci\u00f3n de j\u00f3venes del PRD, el l\u00edder de la organizaci\u00f3n pol\u00edtica destac\u00f3 que el entorno econ\u00f3mico y social muchas veces hostil, la escasa oportunidad de empleo y los limitados recursos para emprender se constituyen en barreras que parecen insuperables para la juventud. Sin embargo, sostuvo que esas dificultades no definen el destino de la juventud y que el talento, la energ\u00eda y la creatividad de los j\u00f3venes est\u00e1n llamados a recibir de la sociedad las condiciones que hacen posible desplegar todo ese potencial. El tambi\u00e9n vicepresidente de la Internacional Socialista para Am\u00e9rica Latina y el Caribe, asegur\u00f3 que, aunque el empleo es fundamental, se trata de un trampol\u00edn hacia metas m\u00e1s altas. Llam\u00f3 la atenci\u00f3n a los j\u00f3venes a no conformarse con ser empleados para siempre. &nbsp;\u00abSu objetivo debe ser convertirse en emprendedores, en creadores de proyectos innovadores, en desarrolladores de soluciones que generen riqueza para ustedes y el pa\u00eds\u00bb, sostuvo.&nbsp; &nbsp; Urgi\u00f3 a la juventud dominicana a ser agentes de cambio que impulsen un nuevo modelo de desarrollo, basado en la creatividad, la innovaci\u00f3n y el trabajo colaborativo. Dijo que la Rep\u00fablica Dominicana necesita una juventud que se involucre, que participe y que haga sentir su voz para convertirla en un pa\u00eds diferente, m\u00e1s justo, m\u00e1s inclusivo, para lo que deben estar dispuestos a asumir el desaf\u00edo de transformar la pol\u00edtica desde dentro. Valor\u00f3 que la juventud ha sido la protagonista de las grandes transformaciones en la historia de la humanidad. Asegur\u00f3 que la democracia dominicana necesita la energ\u00eda, valent\u00eda y el compromiso de su juventud. Cit\u00f3 que, a lo largo de la historia, el Partido Revolucionario Dominicano ha sido el hogar pol\u00edtico de los j\u00f3venes y puso de ejemplo al doctor Jos\u00e9 Francisco Pe\u00f1a G\u00f3mez, qui\u00e9n inici\u00f3 su carrera pol\u00edtica con apenas 25 a\u00f1os, asumiendo a los 28 el liderazgo de la revoluci\u00f3n de abril de 1965. Dijo que el equipo de j\u00f3venes presentes en el acto tiene el deber y el honor de trabajar con la dedicaci\u00f3n, entrega y apertura necesarias para lograr el objetivo de que el PRD crezca y se desarrolle. \u00abAqu\u00ed sus ideas ser\u00e1n escuchadas, sus talentos ser\u00e1n valorados y su compromiso ser\u00e1 recompensado con oportunidades reales para impactar en la sociedad\u00bb, garantiz\u00f3. Vargas Maldonado cerr\u00f3 su discurso reafirmando que los all\u00ed presentes representan a la generaci\u00f3n que tiene en sus manos el futuro del PRD y de la Rep\u00fablica Dominicana. La actividad estuvo encabezada por Vargas Maldonado, y el presidente de la Juventud Revolucionaria Dominicana (JRD), Yeury Garc\u00eda.&nbsp; Estuvieron presentes Peggy Cabral, secretaria general; Janet Camilo, presidenta en funciones; H\u00e9ctor Guzm\u00e1n, vicepresidente; Amancia de la Cruz, presidenta de FEDOMUSDE; Israel Abreu, secretario de pol\u00edticas p\u00fablicas, entre otros l\u00edderes partidarios.<\/p>\n","protected":false},"author":3,"featured_media":0,"comment_status":"open","ping_status":"open","sticky":false,"template":"","format":"standard","meta":{"om_disable_all_campaigns":false,"footnotes":""},"categories":[12],"tags":[],"class_list":["post-134497","post","type-post","status-publish","format-standard","hentry","category-politic"],"_links":{"self":[{"href":"https:\/\/conexiondigital.com.do\/index.php\/wp-json\/wp\/v2\/posts\/134497","targetHints":{"allow":["GET"]}}],"collection":[{"href":"https:\/\/conexiondigital.com.do\/index.php\/wp-json\/wp\/v2\/posts"}],"about":[{"href":"https:\/\/conexiondigital.com.do\/index.php\/wp-json\/wp\/v2\/types\/post"}],"author":[{"embeddable":true,"href":"https:\/\/conexiondigital.com.do\/index.php\/wp-json\/wp\/v2\/users\/3"}],"replies":[{"embeddable":true,"href":"https:\/\/conexiondigital.com.do\/index.php\/wp-json\/wp\/v2\/comments?post=134497"}],"version-history":[{"count":1,"href":"https:\/\/conexiondigital.com.do\/index.php\/wp-json\/wp\/v2\/posts\/134497\/revisions"}],"predecessor-version":[{"id":134499,"href":"https:\/\/conexiondigital.com.do\/index.php\/wp-json\/wp\/v2\/posts\/134497\/revisions\/134499"}],"wp:attachment":[{"href":"https:\/\/conexiondigital.com.do\/index.php\/wp-json\/wp\/v2\/media?parent=134497"}],"wp:term":[{"taxonomy":"category","embeddable":true,"href":"https:\/\/conexiondigital.com.do\/index.php\/wp-json\/wp\/v2\/categories?post=134497"},{"taxonomy":"post_tag","embeddable":true,"href":"https:\/\/conexiondigital.com.do\/index.php\/wp-json\/wp\/v2\/tags?post=134497"}],"curies":[{"name":"wp","href":"https:\/\/api.w.org\/{rel}","templated":true}]}}