{"id":135014,"date":"2025-02-20T21:41:46","date_gmt":"2025-02-21T01:41:46","guid":{"rendered":"https:\/\/conexiondigital.com.do\/?p=135014"},"modified":"2025-02-20T21:41:48","modified_gmt":"2025-02-21T01:41:48","slug":"leonel-fernandez-asiste-a-conferencia-en-ny-la-evolucion-de-la-democracia-en-la-republica-dominicana","status":"publish","type":"post","link":"https:\/\/conexiondigital.com.do\/index.php\/2025\/02\/20\/leonel-fernandez-asiste-a-conferencia-en-ny-la-evolucion-de-la-democracia-en-la-republica-dominicana\/","title":{"rendered":"Leonel Fern\u00e1ndez asiste a conferencia en NY: \u201cLa Evoluci\u00f3n de la Democracia en la Rep\u00fablica Dominicana\u201d"},"content":{"rendered":"\n<figure class=\"wp-block-image size-large\"><img decoding=\"async\" src=\"https:\/\/images.conexiondigital.com.do\/wp-content\/uploads\/wp-content\/uploads\/2025\/02\/14576cce-6657-4490-8a27-93f266a173b8-1024x768.jpg\" alt=\"\" class=\"wp-image-135015\"\/><\/figure>\n\n\n\n<p>New York, EE.UU.- El expresidente de la Rep\u00fablica Dominicana, Leonel Fern\u00e1ndez, particip\u00f3 en la conferencia \u201cLa Evoluci\u00f3n de la Democracia en la Rep\u00fablica Dominicana\u201d, organizada por la iniciativa Juventud Hablemos y la Global Foundation for Democracy and Development (GFDD) en Estados Unidos, en colaboraci\u00f3n con la Asociaci\u00f3n de Estudiantes Latinoamericanos (LASA) y el Programa de Estudios del Gran Caribe del Instituto de Estudios Latinoamericanos (ILAS) de la Universidad de Columbia.<\/p>\n\n\n\n<p>La disertaci\u00f3n estuvo a cargo de Nathanael Concepci\u00f3n, abogado y consultor, director del Observatorio Pol\u00edtico Dominicano (OPD-FUNGLODE), y cont\u00f3 con la moderaci\u00f3n de Natalie Madera.<\/p>\n\n\n\n<p>En su exposici\u00f3n, Concepci\u00f3n analiz\u00f3 la evoluci\u00f3n de la democracia dominicana desde el surgimiento del Estado en 1844 hasta la actualidad.<\/p>\n\n\n\n<p>Destac\u00f3 que la tercera ola democr\u00e1tica en la regi\u00f3n inici\u00f3 en Rep\u00fablica Dominicana en 1978, con el traspaso de mando del Dr. Joaqu\u00edn Balaguer a Antonio Guzm\u00e1n. Este hecho marc\u00f3 la primera vez que un gobierno elegido en las urnas entreg\u00f3 el poder a otro partido mediante elecciones democr\u00e1ticas. Tambi\u00e9n mencion\u00f3 la primera elecci\u00f3n con voto universal masculino en 1866, en la que result\u00f3 ganador Jos\u00e9 Mar\u00eda Cabral y Luna, as\u00ed como la primera elecci\u00f3n organizada por la Junta Central Electoral en 1942, donde fue elegido presidente Horacio V\u00e1squez.<\/p>\n\n\n\n<p>Asimismo, hizo referencia a figuras clave de la historia pol\u00edtica del pa\u00eds, como Ulises Francisco Espaillat, primer presidente que no fue general en 1876, y Fernando Arturo de Meri\u00f1o, primer mandatario en completar su per\u00edodo constitucional entre 1880 y 1882.<\/p>\n\n\n\n<p>Concepci\u00f3n tambi\u00e9n abord\u00f3 los desaf\u00edos actuales de la democracia, como el auge del populismo, la calidad democr\u00e1tica, las \u00abfake news\u00bb y redes sociales, la inteligencia artificial, los conflictos e inestabilidad global, la migraci\u00f3n y el surgimiento de modelos autoritarios con capitalismo de Estado, como en China y Rusia.<\/p>\n\n\n\n<p>La directora de Juventud Hablemos, \u00c1mbar Pag\u00e1n, tuvo a su cargo las palabras de bienvenida.<\/p>\n\n\n\n<p>Al cierre del evento, Leonel Fern\u00e1ndez salud\u00f3 a los asistentes, felicit\u00f3 a los estudiantes por la iniciativa y resalt\u00f3 la importancia de que la juventud se involucre en el pensamiento cr\u00edtico, la participaci\u00f3n pol\u00edtica y la formaci\u00f3n acad\u00e9mica desde temprana edad para contribuir al desarrollo del pa\u00eds.<\/p>\n\n\n\n<p>Sobre la iniciativa<br>Juventud Hablemos es un proyecto que conecta a acad\u00e9micos de la Rep\u00fablica Dominicana con estudiantes universitarios, creando un espacio de intercambio de conocimientos y habilidades que contribuyen al desarrollo positivo del pa\u00eds.<\/p>\n","protected":false},"excerpt":{"rendered":"<p>New York, EE.UU.- El expresidente de la Rep\u00fablica Dominicana, Leonel Fern\u00e1ndez, particip\u00f3 en la conferencia \u201cLa Evoluci\u00f3n de la Democracia en la Rep\u00fablica Dominicana\u201d, organizada por la iniciativa Juventud Hablemos y la Global Foundation for Democracy and Development (GFDD) en Estados Unidos, en colaboraci\u00f3n con la Asociaci\u00f3n de Estudiantes Latinoamericanos (LASA) y el Programa de Estudios del Gran Caribe del Instituto de Estudios Latinoamericanos (ILAS) de la Universidad de Columbia. La disertaci\u00f3n estuvo a cargo de Nathanael Concepci\u00f3n, abogado y consultor, director del Observatorio Pol\u00edtico Dominicano (OPD-FUNGLODE), y cont\u00f3 con la moderaci\u00f3n de Natalie Madera. En su exposici\u00f3n, Concepci\u00f3n analiz\u00f3 la evoluci\u00f3n de la democracia dominicana desde el surgimiento del Estado en 1844 hasta la actualidad. Destac\u00f3 que la tercera ola democr\u00e1tica en la regi\u00f3n inici\u00f3 en Rep\u00fablica Dominicana en 1978, con el traspaso de mando del Dr. Joaqu\u00edn Balaguer a Antonio Guzm\u00e1n. Este hecho marc\u00f3 la primera vez que un gobierno elegido en las urnas entreg\u00f3 el poder a otro partido mediante elecciones democr\u00e1ticas. Tambi\u00e9n mencion\u00f3 la primera elecci\u00f3n con voto universal masculino en 1866, en la que result\u00f3 ganador Jos\u00e9 Mar\u00eda Cabral y Luna, as\u00ed como la primera elecci\u00f3n organizada por la Junta Central Electoral en 1942, donde fue elegido presidente Horacio V\u00e1squez. Asimismo, hizo referencia a figuras clave de la historia pol\u00edtica del pa\u00eds, como Ulises Francisco Espaillat, primer presidente que no fue general en 1876, y Fernando Arturo de Meri\u00f1o, primer mandatario en completar su per\u00edodo constitucional entre 1880 y 1882. Concepci\u00f3n tambi\u00e9n abord\u00f3 los desaf\u00edos actuales de la democracia, como el auge del populismo, la calidad democr\u00e1tica, las \u00abfake news\u00bb y redes sociales, la inteligencia artificial, los conflictos e inestabilidad global, la migraci\u00f3n y el surgimiento de modelos autoritarios con capitalismo de Estado, como en China y Rusia. La directora de Juventud Hablemos, \u00c1mbar Pag\u00e1n, tuvo a su cargo las palabras de bienvenida. Al cierre del evento, Leonel Fern\u00e1ndez salud\u00f3 a los asistentes, felicit\u00f3 a los estudiantes por la iniciativa y resalt\u00f3 la importancia de que la juventud se involucre en el pensamiento cr\u00edtico, la participaci\u00f3n pol\u00edtica y la formaci\u00f3n acad\u00e9mica desde temprana edad para contribuir al desarrollo del pa\u00eds. Sobre la iniciativaJuventud Hablemos es un proyecto que conecta a acad\u00e9micos de la Rep\u00fablica Dominicana con estudiantes universitarios, creando un espacio de intercambio de conocimientos y habilidades que contribuyen al desarrollo positivo del pa\u00eds.<\/p>\n","protected":false},"author":6,"featured_media":0,"comment_status":"open","ping_status":"open","sticky":false,"template":"","format":"standard","meta":{"om_disable_all_campaigns":false,"footnotes":""},"categories":[12],"tags":[],"class_list":["post-135014","post","type-post","status-publish","format-standard","hentry","category-politic"],"_links":{"self":[{"href":"https:\/\/conexiondigital.com.do\/index.php\/wp-json\/wp\/v2\/posts\/135014","targetHints":{"allow":["GET"]}}],"collection":[{"href":"https:\/\/conexiondigital.com.do\/index.php\/wp-json\/wp\/v2\/posts"}],"about":[{"href":"https:\/\/conexiondigital.com.do\/index.php\/wp-json\/wp\/v2\/types\/post"}],"author":[{"embeddable":true,"href":"https:\/\/conexiondigital.com.do\/index.php\/wp-json\/wp\/v2\/users\/6"}],"replies":[{"embeddable":true,"href":"https:\/\/conexiondigital.com.do\/index.php\/wp-json\/wp\/v2\/comments?post=135014"}],"version-history":[{"count":1,"href":"https:\/\/conexiondigital.com.do\/index.php\/wp-json\/wp\/v2\/posts\/135014\/revisions"}],"predecessor-version":[{"id":135016,"href":"https:\/\/conexiondigital.com.do\/index.php\/wp-json\/wp\/v2\/posts\/135014\/revisions\/135016"}],"wp:attachment":[{"href":"https:\/\/conexiondigital.com.do\/index.php\/wp-json\/wp\/v2\/media?parent=135014"}],"wp:term":[{"taxonomy":"category","embeddable":true,"href":"https:\/\/conexiondigital.com.do\/index.php\/wp-json\/wp\/v2\/categories?post=135014"},{"taxonomy":"post_tag","embeddable":true,"href":"https:\/\/conexiondigital.com.do\/index.php\/wp-json\/wp\/v2\/tags?post=135014"}],"curies":[{"name":"wp","href":"https:\/\/api.w.org\/{rel}","templated":true}]}}