{"id":135020,"date":"2025-02-23T07:46:19","date_gmt":"2025-02-23T11:46:19","guid":{"rendered":"https:\/\/conexiondigital.com.do\/?p=135020"},"modified":"2025-02-23T07:46:20","modified_gmt":"2025-02-23T11:46:20","slug":"el-presidente-abinader-inaugura-una-escuela-de-formacion-tecnico-profesional-villa-suiza-un-techado-y-un-puente-sobre-el-rio-pana-pana","status":"publish","type":"post","link":"https:\/\/conexiondigital.com.do\/index.php\/2025\/02\/23\/el-presidente-abinader-inaugura-una-escuela-de-formacion-tecnico-profesional-villa-suiza-un-techado-y-un-puente-sobre-el-rio-pana-pana\/","title":{"rendered":"El presidente Abinader inaugura una Escuela de Formaci\u00f3n T\u00e9cnico Profesional Villa Suiza, un techado y un puente sobre el r\u00edo Pa\u00f1a Pa\u00f1a"},"content":{"rendered":"\n<figure class=\"wp-block-image size-full\"><img decoding=\"async\" src=\"https:\/\/images.conexiondigital.com.do\/wp-content\/uploads\/wp-content\/uploads\/2025\/02\/ca3dcba2-36a0-43c0-8e96-76eddb0a30cd.jpg\" alt=\"\" class=\"wp-image-135021\" \/><\/figure>\n\n\n\n<p>La Escuela de Formaci\u00f3n T\u00e9cnico Profesional Villa Suiza del INFOTEP en Sabana de la Mar formar\u00e1 personal para la creciente industria tur\u00edstica de la zona. El mandatario tambi\u00e9n inaugur\u00f3 el Techado Miguel \u00c1ngel Garrido y un puente sobre el r\u00edo Pa\u00f1a Pa\u00f1a en Sabana de la Mar que beneficiar\u00e1 unos 40 mil habitantes<\/p>\n\n\n\n<p>Sabana de la Mar, Hato Mayor \u2013 El presidente Luis Abinader, encabez\u00f3 este s\u00e1bado en horas de la tarde la inauguraci\u00f3n de tres importantes obras en la provincia de Hato Mayor que incluyen la Escuela de Formaci\u00f3n T\u00e9cnico Profesional Villa Suiza, un techado deportivo y un puente sobre el r\u00edo Pa\u00f1a Pa\u00f1a que beneficiar\u00e1 a 40 mil habitantes.<\/p>\n\n\n\n<p>Todas estas obras fueron concebidas por el presidente Abinader con el objetivo de impulsar el desarrollo tur\u00edstico, deportivo y vial de la regi\u00f3n.<\/p>\n\n\n\n<p>Entrega Hotel-Escuela Hotel Villa Suiza<\/p>\n\n\n\n<p>En horas de la tarde, el presidente Abinader inici\u00f3 con su agenda en Sabana de la Mar con la entrega del Hotel-Escuela Hotel Villa Suiza que ser\u00e1 un centro de capacitaci\u00f3n del Instituto Nacional de Formaci\u00f3n T\u00e9cnico Profesional (Infotep), el cual tuvo una inversi\u00f3n de 79 millones 230 mil pesos.<\/p>\n\n\n\n<p>El centro cuenta con un \u00e1rea total de 18,442 metros cuadrados, de los cuales 2,814.70 metros cuadrados est\u00e1n destinados a la construcci\u00f3n y en los mismos hay 16 unidades modelo para la ense\u00f1anza de servicios de habitaciones y siete talleres especializados en: recepci\u00f3n hotelera, gastronom\u00eda, bar y restaurante, inform\u00e1tica, idiomas, bienestar y salud, y servicio de habitaci\u00f3n.<\/p>\n\n\n\n<p>El presidente Luis Abinader expres\u00f3 que \u00abSabana de la Mar hab\u00eda sido un lugar especialmente olvidado en lo que ten\u00eda que ver con obras, no solo necesarias sino fundamentales para un m\u00ednimo de calidad de vida\u00bb.<\/p>\n\n\n\n<p>Al dirigirse a los presentes en el acto de inauguraci\u00f3n del Hotel-Escuela Hotel Villa Suiza, el mandatario indic\u00f3 que en esa localidad carec\u00edan de aceras y contenes, sistema de agua potable y carreteras.<\/p>\n\n\n\n<p>Manifest\u00f3 que se empez\u00f3 a trabajar en diferentes obras y que el muelle de pescadores estar\u00eda listo en 90 d\u00edas y la emergencia del hospital estar\u00eda para el 31 de marzo y el resto para el 30 de junio.<\/p>\n\n\n\n<p>El recinto para capacitaci\u00f3n responder\u00e1 a los requerimientos de personal calificado surgidos del crecimiento de la industria tur\u00edstica en Sabana de la Mar, Miches y zonas aleda\u00f1as.<\/p>\n\n\n\n<p>\u00abEsta escuela de formaci\u00f3n es un paso fundamental para fortalecer la formaci\u00f3n t\u00e9cnica y profesional en una de las regiones con mayor potencial tur\u00edstico del pa\u00eds. Con esta iniciativa, estamos contribuyendo a la creaci\u00f3n de empleos dignos, reduciendo el desempleo y mejorando la econom\u00eda local\u201d, afirm\u00f3 el director general de INFOTEP, Rafael Santos.<\/p>\n\n\n\n<p>Explic\u00f3 que la obra es resultado de la cesi\u00f3n por parte del gobierno del Hotel Villa Suiza al Infotep, recuperando la infraestructura luego de muchos a\u00f1os de abandono y lo adecu\u00f3 para ser una escuela de formaci\u00f3n, gracias a la iniciativa y especial inter\u00e9s del presidente Luis Abinader para beneficiar a los trabajadores del sector tur\u00edstico e impactar positivamente a los sectores econ\u00f3micos, promoviendo un desarrollo m\u00e1s integral de la comunidad.<\/p>\n\n\n\n<p>Dijo que gracias a las instalaciones los residentes del municipio y zonas aleda\u00f1as ya no tendr\u00e1n que trasladarse a otros lugares para recibir formaci\u00f3n t\u00e9cnica en el sector de la hospitalidad, reduciendo los costos de formaci\u00f3n y aumentando las oportunidades de empleo local.<\/p>\n\n\n\n<p>Techado Miguel \u00c1ngel Garrido<\/p>\n\n\n\n<p>M\u00e1s tarde, el jefe de Estado encabez\u00f3 la inauguraci\u00f3n del techado de la Escuela Miguel \u00c1ngel Garrido en Hato Mayor, una infraestructura moderna que beneficiar\u00e1 a cientos de j\u00f3venes y deportistas de la provincia.<\/p>\n\n\n\n<p>La nueva instalaci\u00f3n que tuvo un costo de RD$30,500.000 fue construida con est\u00e1ndares de calidad y equipada para diversas disciplinas deportivas, forma parte de los esfuerzos del Gobierno por fortalecer el deporte y fomentar un estilo de vida saludable en las comunidades.<\/p>\n\n\n\n<p>Durante el acto de inauguraci\u00f3n, el mandatario destac\u00f3 la importancia de la obra como un espacio de integraci\u00f3n para la juventud y reafirm\u00f3 su compromiso con el impulso del deporte a nivel nacional.<\/p>\n\n\n\n<p>\u00abCreemos firmemente en el poder del deporte para transformar vidas y comunidades, por eso seguiremos invirtiendo en instalaciones dignas para nuestros atletas\u00bb, expres\u00f3 Abinader.<\/p>\n\n\n\n<p>El techado Miguel \u00c1ngel Garrido ser\u00e1 sede de torneos locales y regionales, promoviendo el desarrollo deportivo y la recreaci\u00f3n en Hato Mayor. Autoridades locales, dirigentes deportivos y comunitarios celebraron la entrega de esta importante obra, que responde a una demanda hist\u00f3rica de la comunidad.<\/p>\n\n\n\n<p>Puente sobre el r\u00edo Pa\u00f1a Pa\u00f1a, Sabana de la Mar<\/p>\n\n\n\n<p>El mandatario concluy\u00f3 su agenda de trabajo de este s\u00e1bado con la inauguraci\u00f3n del puente sobre el rio Pa\u00f1a Pa\u00f1a, en el barrio Puerto Rico, Sabana de la Mar, Hato Mayor.<\/p>\n\n\n\n<p>La obra, en la cual se invirtieron 44 millones de pesos, beneficiar\u00e1 a casi la totalidad de los 40 mil habitantes del barrio Puerto Rico que ten\u00edan que atravesar la calle 30 de marzo y en lo adelante no confrontar\u00e1n dificultades por las crecidas del arroyo.<\/p>\n\n\n\n<p>\u00abEsta nueva estructura deber\u00e1 garantizar que las familias de Hato Mayor, en el sector de Puerto Rico, puedan trasladarse sin dificultad, conectando con los dem\u00e1s barrios en Villa Ortega, Barrio Lindo, en los otros sectores urbanos o al trasladarse al recinto universitario de la UASD\u00bb, dijo el ministro de Obras P\u00fablicas, Designe Ascensi\u00f3n en la entrega de la infraestructura.<\/p>\n\n\n\n<p>El funcionario destac\u00f3 que en la provincia Hato Mayor el Gobierno invierte casi RD$ 3 mil millones en otras obras esenciales para la conectividad de la provincia, como es el caso de la carretera Hato Mayor-El Puerto, considerada un eslab\u00f3n clave en el enlace regional con la autov\u00eda del Nordeste o Juan Pablo II, que conduce a Santo Domingo y a la regi\u00f3n Nordeste.<\/p>\n\n\n\n<p>Con la inauguraci\u00f3n de estas obras el jefe Estado reafirm\u00f3 su compromiso con el desarrollo de la regi\u00f3n y la importancia de estas infraestructuras para el crecimiento econ\u00f3mico y social de la provincia.<\/p>\n","protected":false},"excerpt":{"rendered":"<p>La Escuela de Formaci\u00f3n T\u00e9cnico Profesional Villa Suiza del INFOTEP en Sabana de la Mar formar\u00e1 personal para la creciente industria tur\u00edstica de la zona. El mandatario tambi\u00e9n inaugur\u00f3 el Techado Miguel \u00c1ngel Garrido y un puente sobre el r\u00edo Pa\u00f1a Pa\u00f1a en Sabana de la Mar que beneficiar\u00e1 unos 40 mil habitantes Sabana de la Mar, Hato Mayor \u2013 El presidente Luis Abinader, encabez\u00f3 este s\u00e1bado en horas de la tarde la inauguraci\u00f3n de tres importantes obras en la provincia de Hato Mayor que incluyen la Escuela de Formaci\u00f3n T\u00e9cnico Profesional Villa Suiza, un techado deportivo y un puente sobre el r\u00edo Pa\u00f1a Pa\u00f1a que beneficiar\u00e1 a 40 mil habitantes. Todas estas obras fueron concebidas por el presidente Abinader con el objetivo de impulsar el desarrollo tur\u00edstico, deportivo y vial de la regi\u00f3n. Entrega Hotel-Escuela Hotel Villa Suiza En horas de la tarde, el presidente Abinader inici\u00f3 con su agenda en Sabana de la Mar con la entrega del Hotel-Escuela Hotel Villa Suiza que ser\u00e1 un centro de capacitaci\u00f3n del Instituto Nacional de Formaci\u00f3n T\u00e9cnico Profesional (Infotep), el cual tuvo una inversi\u00f3n de 79 millones 230 mil pesos. El centro cuenta con un \u00e1rea total de 18,442 metros cuadrados, de los cuales 2,814.70 metros cuadrados est\u00e1n destinados a la construcci\u00f3n y en los mismos hay 16 unidades modelo para la ense\u00f1anza de servicios de habitaciones y siete talleres especializados en: recepci\u00f3n hotelera, gastronom\u00eda, bar y restaurante, inform\u00e1tica, idiomas, bienestar y salud, y servicio de habitaci\u00f3n. El presidente Luis Abinader expres\u00f3 que \u00abSabana de la Mar hab\u00eda sido un lugar especialmente olvidado en lo que ten\u00eda que ver con obras, no solo necesarias sino fundamentales para un m\u00ednimo de calidad de vida\u00bb. Al dirigirse a los presentes en el acto de inauguraci\u00f3n del Hotel-Escuela Hotel Villa Suiza, el mandatario indic\u00f3 que en esa localidad carec\u00edan de aceras y contenes, sistema de agua potable y carreteras. Manifest\u00f3 que se empez\u00f3 a trabajar en diferentes obras y que el muelle de pescadores estar\u00eda listo en 90 d\u00edas y la emergencia del hospital estar\u00eda para el 31 de marzo y el resto para el 30 de junio. El recinto para capacitaci\u00f3n responder\u00e1 a los requerimientos de personal calificado surgidos del crecimiento de la industria tur\u00edstica en Sabana de la Mar, Miches y zonas aleda\u00f1as. \u00abEsta escuela de formaci\u00f3n es un paso fundamental para fortalecer la formaci\u00f3n t\u00e9cnica y profesional en una de las regiones con mayor potencial tur\u00edstico del pa\u00eds. Con esta iniciativa, estamos contribuyendo a la creaci\u00f3n de empleos dignos, reduciendo el desempleo y mejorando la econom\u00eda local\u201d, afirm\u00f3 el director general de INFOTEP, Rafael Santos. Explic\u00f3 que la obra es resultado de la cesi\u00f3n por parte del gobierno del Hotel Villa Suiza al Infotep, recuperando la infraestructura luego de muchos a\u00f1os de abandono y lo adecu\u00f3 para ser una escuela de formaci\u00f3n, gracias a la iniciativa y especial inter\u00e9s del presidente Luis Abinader para beneficiar a los trabajadores del sector tur\u00edstico e impactar positivamente a los sectores econ\u00f3micos, promoviendo un desarrollo m\u00e1s integral de la comunidad. Dijo que gracias a las instalaciones los residentes del municipio y zonas aleda\u00f1as ya no tendr\u00e1n que trasladarse a otros lugares para recibir formaci\u00f3n t\u00e9cnica en el sector de la hospitalidad, reduciendo los costos de formaci\u00f3n y aumentando las oportunidades de empleo local. Techado Miguel \u00c1ngel Garrido M\u00e1s tarde, el jefe de Estado encabez\u00f3 la inauguraci\u00f3n del techado de la Escuela Miguel \u00c1ngel Garrido en Hato Mayor, una infraestructura moderna que beneficiar\u00e1 a cientos de j\u00f3venes y deportistas de la provincia. La nueva instalaci\u00f3n que tuvo un costo de RD$30,500.000 fue construida con est\u00e1ndares de calidad y equipada para diversas disciplinas deportivas, forma parte de los esfuerzos del Gobierno por fortalecer el deporte y fomentar un estilo de vida saludable en las comunidades. Durante el acto de inauguraci\u00f3n, el mandatario destac\u00f3 la importancia de la obra como un espacio de integraci\u00f3n para la juventud y reafirm\u00f3 su compromiso con el impulso del deporte a nivel nacional. \u00abCreemos firmemente en el poder del deporte para transformar vidas y comunidades, por eso seguiremos invirtiendo en instalaciones dignas para nuestros atletas\u00bb, expres\u00f3 Abinader. El techado Miguel \u00c1ngel Garrido ser\u00e1 sede de torneos locales y regionales, promoviendo el desarrollo deportivo y la recreaci\u00f3n en Hato Mayor. Autoridades locales, dirigentes deportivos y comunitarios celebraron la entrega de esta importante obra, que responde a una demanda hist\u00f3rica de la comunidad. Puente sobre el r\u00edo Pa\u00f1a Pa\u00f1a, Sabana de la Mar El mandatario concluy\u00f3 su agenda de trabajo de este s\u00e1bado con la inauguraci\u00f3n del puente sobre el rio Pa\u00f1a Pa\u00f1a, en el barrio Puerto Rico, Sabana de la Mar, Hato Mayor. La obra, en la cual se invirtieron 44 millones de pesos, beneficiar\u00e1 a casi la totalidad de los 40 mil habitantes del barrio Puerto Rico que ten\u00edan que atravesar la calle 30 de marzo y en lo adelante no confrontar\u00e1n dificultades por las crecidas del arroyo. \u00abEsta nueva estructura deber\u00e1 garantizar que las familias de Hato Mayor, en el sector de Puerto Rico, puedan trasladarse sin dificultad, conectando con los dem\u00e1s barrios en Villa Ortega, Barrio Lindo, en los otros sectores urbanos o al trasladarse al recinto universitario de la UASD\u00bb, dijo el ministro de Obras P\u00fablicas, Designe Ascensi\u00f3n en la entrega de la infraestructura. El funcionario destac\u00f3 que en la provincia Hato Mayor el Gobierno invierte casi RD$ 3 mil millones en otras obras esenciales para la conectividad de la provincia, como es el caso de la carretera Hato Mayor-El Puerto, considerada un eslab\u00f3n clave en el enlace regional con la autov\u00eda del Nordeste o Juan Pablo II, que conduce a Santo Domingo y a la regi\u00f3n Nordeste. Con la inauguraci\u00f3n de estas obras el jefe Estado reafirm\u00f3 su compromiso con el desarrollo de la regi\u00f3n y la importancia de estas infraestructuras para el crecimiento econ\u00f3mico y social de la provincia.<\/p>\n","protected":false},"author":3,"featured_media":0,"comment_status":"open","ping_status":"open","sticky":false,"template":"","format":"standard","meta":{"om_disable_all_campaigns":false,"footnotes":""},"categories":[15],"tags":[],"class_list":["post-135020","post","type-post","status-publish","format-standard","hentry","category-nacionales"],"_links":{"self":[{"href":"https:\/\/conexiondigital.com.do\/index.php\/wp-json\/wp\/v2\/posts\/135020","targetHints":{"allow":["GET"]}}],"collection":[{"href":"https:\/\/conexiondigital.com.do\/index.php\/wp-json\/wp\/v2\/posts"}],"about":[{"href":"https:\/\/conexiondigital.com.do\/index.php\/wp-json\/wp\/v2\/types\/post"}],"author":[{"embeddable":true,"href":"https:\/\/conexiondigital.com.do\/index.php\/wp-json\/wp\/v2\/users\/3"}],"replies":[{"embeddable":true,"href":"https:\/\/conexiondigital.com.do\/index.php\/wp-json\/wp\/v2\/comments?post=135020"}],"version-history":[{"count":1,"href":"https:\/\/conexiondigital.com.do\/index.php\/wp-json\/wp\/v2\/posts\/135020\/revisions"}],"predecessor-version":[{"id":135022,"href":"https:\/\/conexiondigital.com.do\/index.php\/wp-json\/wp\/v2\/posts\/135020\/revisions\/135022"}],"wp:attachment":[{"href":"https:\/\/conexiondigital.com.do\/index.php\/wp-json\/wp\/v2\/media?parent=135020"}],"wp:term":[{"taxonomy":"category","embeddable":true,"href":"https:\/\/conexiondigital.com.do\/index.php\/wp-json\/wp\/v2\/categories?post=135020"},{"taxonomy":"post_tag","embeddable":true,"href":"https:\/\/conexiondigital.com.do\/index.php\/wp-json\/wp\/v2\/tags?post=135020"}],"curies":[{"name":"wp","href":"https:\/\/api.w.org\/{rel}","templated":true}]}}