{"id":135191,"date":"2025-02-26T21:22:38","date_gmt":"2025-02-27T01:22:38","guid":{"rendered":"https:\/\/conexiondigital.com.do\/?p=135191"},"modified":"2025-02-26T21:22:39","modified_gmt":"2025-02-27T01:22:39","slug":"dicen-que-es-una-rendicion-de-cuentos-afirma-leonel-fernandez-sobre-discurso-de-abinader","status":"publish","type":"post","link":"https:\/\/conexiondigital.com.do\/index.php\/2025\/02\/26\/dicen-que-es-una-rendicion-de-cuentos-afirma-leonel-fernandez-sobre-discurso-de-abinader\/","title":{"rendered":"\u201cDicen que es una rendici\u00f3n de cuentos\u201d, afirma Leonel Fern\u00e1ndez sobre discurso de Abinader"},"content":{"rendered":"\n<figure class=\"wp-block-image size-full\"><img decoding=\"async\" src=\"https:\/\/images.conexiondigital.com.do\/wp-content\/uploads\/wp-content\/uploads\/2025\/02\/4971305b-1e7a-43b7-8dbd-00c874bafab6.jpg\" alt=\"\" class=\"wp-image-135192\" \/><\/figure>\n\n\n\n<p>Santo Domingo. \u2013 El expresidente de la Rep\u00fablica y l\u00edder del partido Fuerza del Pueblo, Leonel Fern\u00e1ndez, se refiri\u00f3 a la rendici\u00f3n de cuentas que ofrecer\u00e1 este 27 de febrero el presidente Luis Abinader, se\u00f1alando que, seg\u00fan algunos sectores, este discurso se ha convertido en una \u201crendici\u00f3n de cuentos\u201d.<\/p>\n\n\n\n<p>\u201cDicen que es una rendici\u00f3n de cuentas que se convierte en rendici\u00f3n de cuentos\u201d, expres\u00f3 Fern\u00e1ndez al ser abordado por periodistas tras una actividad del Tribunal Constitucional. No obstante, asegur\u00f3 que esperar\u00e1 el contenido del mensaje presidencial para, junto a la Direcci\u00f3n Pol\u00edtica de su partido, emitir una valoraci\u00f3n detallada.<\/p>\n\n\n\n<p>El l\u00edder de Fuerza del Pueblo reiter\u00f3 que aguardar\u00e1 el pronunciamiento del mandatario antes de fijar una posici\u00f3n definitiva, destacando que su organizaci\u00f3n pol\u00edtica analizar\u00e1 el informe para compartir su valoraci\u00f3n con la ciudadan\u00eda.<\/p>\n\n\n\n<p>Aumento salarial y costo de vida<\/p>\n\n\n\n<p>Sobre el reciente acuerdo de aumento del 20 % al salario m\u00ednimo, aprobado por el Comit\u00e9 Nacional de Salarios, Fern\u00e1ndez advirti\u00f3 que es necesario evaluar si este ajuste ser\u00e1 suficiente para contrarrestar el alza en el costo de vida.<\/p>\n\n\n\n<p>\u201cLa canasta b\u00e1sica ha pasado de 29,000 a 44,000 pesos, y eso seguir\u00e1 subiendo debido al deslizamiento de la tasa de cambio\u201d, explic\u00f3.<\/p>\n\n\n\n<p>En ese sentido, se\u00f1al\u00f3 que el incremento salarial \u201cno est\u00e1 a la altura del crecimiento de precios\u201d y que la inflaci\u00f3n podr\u00eda reducir su impacto en el poder adquisitivo de la poblaci\u00f3n. \u201cUn aumento de salario deja de tener sentido cuando la inflaci\u00f3n contin\u00faa creciendo\u201d, agreg\u00f3.<\/p>\n","protected":false},"excerpt":{"rendered":"<p>Santo Domingo. \u2013 El expresidente de la Rep\u00fablica y l\u00edder del partido Fuerza del Pueblo, Leonel Fern\u00e1ndez, se refiri\u00f3 a la rendici\u00f3n de cuentas que ofrecer\u00e1 este 27 de febrero el presidente Luis Abinader, se\u00f1alando que, seg\u00fan algunos sectores, este discurso se ha convertido en una \u201crendici\u00f3n de cuentos\u201d. \u201cDicen que es una rendici\u00f3n de cuentas que se convierte en rendici\u00f3n de cuentos\u201d, expres\u00f3 Fern\u00e1ndez al ser abordado por periodistas tras una actividad del Tribunal Constitucional. No obstante, asegur\u00f3 que esperar\u00e1 el contenido del mensaje presidencial para, junto a la Direcci\u00f3n Pol\u00edtica de su partido, emitir una valoraci\u00f3n detallada. El l\u00edder de Fuerza del Pueblo reiter\u00f3 que aguardar\u00e1 el pronunciamiento del mandatario antes de fijar una posici\u00f3n definitiva, destacando que su organizaci\u00f3n pol\u00edtica analizar\u00e1 el informe para compartir su valoraci\u00f3n con la ciudadan\u00eda. Aumento salarial y costo de vida Sobre el reciente acuerdo de aumento del 20 % al salario m\u00ednimo, aprobado por el Comit\u00e9 Nacional de Salarios, Fern\u00e1ndez advirti\u00f3 que es necesario evaluar si este ajuste ser\u00e1 suficiente para contrarrestar el alza en el costo de vida. \u201cLa canasta b\u00e1sica ha pasado de 29,000 a 44,000 pesos, y eso seguir\u00e1 subiendo debido al deslizamiento de la tasa de cambio\u201d, explic\u00f3. En ese sentido, se\u00f1al\u00f3 que el incremento salarial \u201cno est\u00e1 a la altura del crecimiento de precios\u201d y que la inflaci\u00f3n podr\u00eda reducir su impacto en el poder adquisitivo de la poblaci\u00f3n. \u201cUn aumento de salario deja de tener sentido cuando la inflaci\u00f3n contin\u00faa creciendo\u201d, agreg\u00f3.<\/p>\n","protected":false},"author":3,"featured_media":0,"comment_status":"open","ping_status":"open","sticky":false,"template":"","format":"standard","meta":{"om_disable_all_campaigns":false,"footnotes":""},"categories":[12],"tags":[],"class_list":["post-135191","post","type-post","status-publish","format-standard","hentry","category-politic"],"_links":{"self":[{"href":"https:\/\/conexiondigital.com.do\/index.php\/wp-json\/wp\/v2\/posts\/135191","targetHints":{"allow":["GET"]}}],"collection":[{"href":"https:\/\/conexiondigital.com.do\/index.php\/wp-json\/wp\/v2\/posts"}],"about":[{"href":"https:\/\/conexiondigital.com.do\/index.php\/wp-json\/wp\/v2\/types\/post"}],"author":[{"embeddable":true,"href":"https:\/\/conexiondigital.com.do\/index.php\/wp-json\/wp\/v2\/users\/3"}],"replies":[{"embeddable":true,"href":"https:\/\/conexiondigital.com.do\/index.php\/wp-json\/wp\/v2\/comments?post=135191"}],"version-history":[{"count":1,"href":"https:\/\/conexiondigital.com.do\/index.php\/wp-json\/wp\/v2\/posts\/135191\/revisions"}],"predecessor-version":[{"id":135193,"href":"https:\/\/conexiondigital.com.do\/index.php\/wp-json\/wp\/v2\/posts\/135191\/revisions\/135193"}],"wp:attachment":[{"href":"https:\/\/conexiondigital.com.do\/index.php\/wp-json\/wp\/v2\/media?parent=135191"}],"wp:term":[{"taxonomy":"category","embeddable":true,"href":"https:\/\/conexiondigital.com.do\/index.php\/wp-json\/wp\/v2\/categories?post=135191"},{"taxonomy":"post_tag","embeddable":true,"href":"https:\/\/conexiondigital.com.do\/index.php\/wp-json\/wp\/v2\/tags?post=135191"}],"curies":[{"name":"wp","href":"https:\/\/api.w.org\/{rel}","templated":true}]}}