{"id":135400,"date":"2025-03-05T20:45:51","date_gmt":"2025-03-06T00:45:51","guid":{"rendered":"https:\/\/conexiondigital.com.do\/?p=135400"},"modified":"2025-03-05T20:45:52","modified_gmt":"2025-03-06T00:45:52","slug":"francisco-luciano-responde-a-danilo-medina-su-comentario-sobre-leonel-fernandez-es-insultante","status":"publish","type":"post","link":"https:\/\/conexiondigital.com.do\/index.php\/2025\/03\/05\/francisco-luciano-responde-a-danilo-medina-su-comentario-sobre-leonel-fernandez-es-insultante\/","title":{"rendered":"Francisco Luciano responde a Danilo Medina: \u00abSu comentario sobre Leonel Fern\u00e1ndez es insultante\u00bb"},"content":{"rendered":"\n<figure class=\"wp-block-image size-full\"><img decoding=\"async\" src=\"https:\/\/images.conexiondigital.com.do\/wp-content\/uploads\/2025\/03\/9fb0ea40-097a-45bf-9f75-885324d8c49a.jpg\" alt=\"\" class=\"wp-image-135401\" \/><\/figure>\n\n\n\n<p>Santo Domingo, R.D. \u2013 Francisco Luciano, exsecretario general del Partido de los Trabajadores Dominicanos (PTD), ha dirigido una carta p\u00fablica al expresidente Danilo Medina, expresando su desacuerdo y calificando de \u00abinsultante\u00bb un reciente comentario emitido por Medina en una entrevista en El Sol de la Ma\u00f1ana.<\/p>\n\n\n\n<p>En su misiva, Luciano agradeci\u00f3 inicialmente el apoyo brindado por Medina durante su gesti\u00f3n presidencial para salvar la instituci\u00f3n cooperativa que dirige. Sin embargo, cuestion\u00f3 las declaraciones del exmandatario, quien se refiri\u00f3 al Dr. Leonel Fern\u00e1ndez con la frase: \u201cUna persona sali\u00f3, compr\u00f3 una franquicia y form\u00f3 otro partido\u201d.<\/p>\n\n\n\n<p>\u00abEsa frase, expresada por deslenguados e irresponsables opinantes, no mereci\u00f3 nuestra atenci\u00f3n en su momento, pero en su boca nos resulta insultante\u00bb, escribi\u00f3 Luciano, subrayando que la expresi\u00f3n no solo afecta la dignidad del Dr. Fern\u00e1ndez, sino tambi\u00e9n la de los miembros del PTD y sus familias.<\/p>\n\n\n\n<p>El dirigente pol\u00edtico record\u00f3 que el PTD apoy\u00f3 las candidaturas de Medina en 2012 y 2016 sin buscar beneficios personales, y asegur\u00f3 que su organizaci\u00f3n siempre actu\u00f3 en defensa del inter\u00e9s nacional. Adem\u00e1s, mencion\u00f3 un episodio en el que el partido se neg\u00f3 a suscribir un comercial que cuestionaba la reputaci\u00f3n de destacados pol\u00edticos dominicanos, pese a las presiones de asesores del entonces presidente.<\/p>\n\n\n\n<p>Luciano tambi\u00e9n explic\u00f3 que la transformaci\u00f3n del PTD en Fuerza del Pueblo respondi\u00f3, en parte, a la \u201ctorpe decisi\u00f3n\u201d del gobierno de Medina de imponer una ley de partidos que amenazaba con la desaparici\u00f3n de una veintena de organizaciones pol\u00edticas.<\/p>\n\n\n\n<p>La carta concluye reafirmando el respeto personal hacia Danilo Medina, pero dejando claro que su comentario fue considerado un agravio.<\/p>\n","protected":false},"excerpt":{"rendered":"<p>Santo Domingo, R.D. \u2013 Francisco Luciano, exsecretario general del Partido de los Trabajadores Dominicanos (PTD), ha dirigido una carta p\u00fablica al expresidente Danilo Medina, expresando su desacuerdo y calificando de \u00abinsultante\u00bb un reciente comentario emitido por Medina en una entrevista en El Sol de la Ma\u00f1ana. En su misiva, Luciano agradeci\u00f3 inicialmente el apoyo brindado por Medina durante su gesti\u00f3n presidencial para salvar la instituci\u00f3n cooperativa que dirige. Sin embargo, cuestion\u00f3 las declaraciones del exmandatario, quien se refiri\u00f3 al Dr. Leonel Fern\u00e1ndez con la frase: \u201cUna persona sali\u00f3, compr\u00f3 una franquicia y form\u00f3 otro partido\u201d. \u00abEsa frase, expresada por deslenguados e irresponsables opinantes, no mereci\u00f3 nuestra atenci\u00f3n en su momento, pero en su boca nos resulta insultante\u00bb, escribi\u00f3 Luciano, subrayando que la expresi\u00f3n no solo afecta la dignidad del Dr. Fern\u00e1ndez, sino tambi\u00e9n la de los miembros del PTD y sus familias. El dirigente pol\u00edtico record\u00f3 que el PTD apoy\u00f3 las candidaturas de Medina en 2012 y 2016 sin buscar beneficios personales, y asegur\u00f3 que su organizaci\u00f3n siempre actu\u00f3 en defensa del inter\u00e9s nacional. Adem\u00e1s, mencion\u00f3 un episodio en el que el partido se neg\u00f3 a suscribir un comercial que cuestionaba la reputaci\u00f3n de destacados pol\u00edticos dominicanos, pese a las presiones de asesores del entonces presidente. Luciano tambi\u00e9n explic\u00f3 que la transformaci\u00f3n del PTD en Fuerza del Pueblo respondi\u00f3, en parte, a la \u201ctorpe decisi\u00f3n\u201d del gobierno de Medina de imponer una ley de partidos que amenazaba con la desaparici\u00f3n de una veintena de organizaciones pol\u00edticas. La carta concluye reafirmando el respeto personal hacia Danilo Medina, pero dejando claro que su comentario fue considerado un agravio.<\/p>\n","protected":false},"author":3,"featured_media":0,"comment_status":"open","ping_status":"open","sticky":false,"template":"","format":"standard","meta":{"om_disable_all_campaigns":false,"footnotes":""},"categories":[12],"tags":[],"class_list":["post-135400","post","type-post","status-publish","format-standard","hentry","category-politic"],"_links":{"self":[{"href":"https:\/\/conexiondigital.com.do\/index.php\/wp-json\/wp\/v2\/posts\/135400","targetHints":{"allow":["GET"]}}],"collection":[{"href":"https:\/\/conexiondigital.com.do\/index.php\/wp-json\/wp\/v2\/posts"}],"about":[{"href":"https:\/\/conexiondigital.com.do\/index.php\/wp-json\/wp\/v2\/types\/post"}],"author":[{"embeddable":true,"href":"https:\/\/conexiondigital.com.do\/index.php\/wp-json\/wp\/v2\/users\/3"}],"replies":[{"embeddable":true,"href":"https:\/\/conexiondigital.com.do\/index.php\/wp-json\/wp\/v2\/comments?post=135400"}],"version-history":[{"count":1,"href":"https:\/\/conexiondigital.com.do\/index.php\/wp-json\/wp\/v2\/posts\/135400\/revisions"}],"predecessor-version":[{"id":135402,"href":"https:\/\/conexiondigital.com.do\/index.php\/wp-json\/wp\/v2\/posts\/135400\/revisions\/135402"}],"wp:attachment":[{"href":"https:\/\/conexiondigital.com.do\/index.php\/wp-json\/wp\/v2\/media?parent=135400"}],"wp:term":[{"taxonomy":"category","embeddable":true,"href":"https:\/\/conexiondigital.com.do\/index.php\/wp-json\/wp\/v2\/categories?post=135400"},{"taxonomy":"post_tag","embeddable":true,"href":"https:\/\/conexiondigital.com.do\/index.php\/wp-json\/wp\/v2\/tags?post=135400"}],"curies":[{"name":"wp","href":"https:\/\/api.w.org\/{rel}","templated":true}]}}