{"id":135412,"date":"2025-03-08T14:00:23","date_gmt":"2025-03-08T18:00:23","guid":{"rendered":"https:\/\/conexiondigital.com.do\/?p=135412"},"modified":"2025-03-08T14:00:24","modified_gmt":"2025-03-08T18:00:24","slug":"presidente-abinader-sostiene-reunion-de-coordinacion-con-empresarios-dominicanos-tras-su-arribo-anoche-a-washington","status":"publish","type":"post","link":"https:\/\/conexiondigital.com.do\/index.php\/2025\/03\/08\/presidente-abinader-sostiene-reunion-de-coordinacion-con-empresarios-dominicanos-tras-su-arribo-anoche-a-washington\/","title":{"rendered":"Presidente Abinader Sostiene reuni\u00f3n de coordinaci\u00f3n con empresarios dominicanos tras su arribo anoche a Washington"},"content":{"rendered":"\n<figure class=\"wp-block-image size-full\"><img decoding=\"async\" src=\"https:\/\/images.conexiondigital.com.do\/wp-content\/uploads\/wp-content\/uploads\/2025\/03\/6a29b9b9-0887-40e6-b1d3-e3f8d867c3d9-scaled.jpg\" alt=\"\" class=\"wp-image-135413\" \/><\/figure>\n\n\n\n<p><strong>Mandatario hablar\u00e1 hoy en Cumbre Empresarial ante potenciales inversionistas.<\/strong><\/p>\n\n\n\n<p>Washington.- Tras su llegada anoche a la capital norteamericana, el presidente Luis Abinader, se dirigi\u00f3 inmediatamente al hotel, donde sostuvo una reuni\u00f3n de coordinaci\u00f3n con empresarios dominicanos que ya se encontraban aqu\u00ed.<\/p>\n\n\n\n<p>Los empresarios, qui\u00e9nes acompa\u00f1ar\u00e1n al mandatario en el evento donde hablar\u00e1 a decenas de inversionistas estadounidenses son Samuel Conde, Claudia Pellerano, Aquiles Berm\u00fadez, Steven Puig, Fernando Capell\u00e1n, Alejandro Marranzini, Joe Torres, Jos\u00e9 Manuel Santelises, Ricardo P\u00e9rez Joseph Blumberg, Alejandro Pe\u00f1a Prieto y Pepe Fanjul. Junto al presidente, particip\u00f3 en la reuni\u00f3n el ministro de Industria, Comercio y Mipymes, V\u00edctor -Ito- Bison\u00f3.<\/p>\n\n\n\n<p>El mandatario dominicano ha sido invitado por la Asociaci\u00f3n Americana de Prendas de Vestir y Calzados a su cumbre Anual. El jefe de Estado dominicano tiene prevista su intervenci\u00f3n a las 9:00 de la ma\u00f1ana, hora local.<\/p>\n\n\n\n<p>Como parte de su visita a Washington, el presidente tambi\u00e9n tendr\u00e1, el mismo jueves, un almuerzo con ejecutivos del Atlantic Council y l\u00edderes empresariales interesados en invertir en la Rep\u00fablica Dominicana.<\/p>\n\n\n\n<p>Estos empresarios representan a empresas multinacionales de los sectores farmac\u00e9utico, energ\u00eda, tecnolog\u00eda, banca y la industria cinematogr\u00e1fica.<\/p>\n\n\n\n<p>Estos contactos del presidente Abinader se producen cuando Estados Unidos, M\u00e9xico y Canad\u00e1, se enfrascan en una lucha arancelaria, y nuestro pa\u00eds puede ser una opci\u00f3n para la instalaci\u00f3n de importantes empresas de esos pa\u00edses en territorio dominicanos.<\/p>\n\n\n\n<p>La se\u00f1ora Adrienne Arsht, vicepresidenta de la Junta Directiva de Atlantic Council; Jason Marczak, vicepresidente de la entidad, ser\u00e1n los anfitriones del presidente Abinader y sus acompa\u00f1antes.<\/p>\n\n\n\n<p>Terminada su agenda en Washington, el mandatario dominicano viaja al estado de Indiana, donde sostendr\u00e1 un importante encuentro con directivos de la Universidad de Purdue, incluyendo su presidente Mung Chiang.<\/p>\n\n\n\n<p>El viernes, previo a su salida hacia Santo Domingo, el presidente Abinader, realizar\u00e1 un recorrido por las instalaciones de la Universidad de Purde, en compa\u00f1\u00eda de sus directivos.<\/p>\n\n\n\n<p>Acompa\u00f1an al presidente sus asistentes Eilyn Beltran, director del Gabinete Presidencial; Mercedes Pichardo, el director del CUSEP y jefe de la seguridad del presidente, Jimmy Arias, as\u00ed como el director de prensa del Presidente, Daniel Garc\u00eda Archibald.<\/p>\n","protected":false},"excerpt":{"rendered":"<p>Mandatario hablar\u00e1 hoy en Cumbre Empresarial ante potenciales inversionistas. Washington.- Tras su llegada anoche a la capital norteamericana, el presidente Luis Abinader, se dirigi\u00f3 inmediatamente al hotel, donde sostuvo una reuni\u00f3n de coordinaci\u00f3n con empresarios dominicanos que ya se encontraban aqu\u00ed. Los empresarios, qui\u00e9nes acompa\u00f1ar\u00e1n al mandatario en el evento donde hablar\u00e1 a decenas de inversionistas estadounidenses son Samuel Conde, Claudia Pellerano, Aquiles Berm\u00fadez, Steven Puig, Fernando Capell\u00e1n, Alejandro Marranzini, Joe Torres, Jos\u00e9 Manuel Santelises, Ricardo P\u00e9rez Joseph Blumberg, Alejandro Pe\u00f1a Prieto y Pepe Fanjul. Junto al presidente, particip\u00f3 en la reuni\u00f3n el ministro de Industria, Comercio y Mipymes, V\u00edctor -Ito- Bison\u00f3. El mandatario dominicano ha sido invitado por la Asociaci\u00f3n Americana de Prendas de Vestir y Calzados a su cumbre Anual. El jefe de Estado dominicano tiene prevista su intervenci\u00f3n a las 9:00 de la ma\u00f1ana, hora local. Como parte de su visita a Washington, el presidente tambi\u00e9n tendr\u00e1, el mismo jueves, un almuerzo con ejecutivos del Atlantic Council y l\u00edderes empresariales interesados en invertir en la Rep\u00fablica Dominicana. Estos empresarios representan a empresas multinacionales de los sectores farmac\u00e9utico, energ\u00eda, tecnolog\u00eda, banca y la industria cinematogr\u00e1fica. Estos contactos del presidente Abinader se producen cuando Estados Unidos, M\u00e9xico y Canad\u00e1, se enfrascan en una lucha arancelaria, y nuestro pa\u00eds puede ser una opci\u00f3n para la instalaci\u00f3n de importantes empresas de esos pa\u00edses en territorio dominicanos. La se\u00f1ora Adrienne Arsht, vicepresidenta de la Junta Directiva de Atlantic Council; Jason Marczak, vicepresidente de la entidad, ser\u00e1n los anfitriones del presidente Abinader y sus acompa\u00f1antes. Terminada su agenda en Washington, el mandatario dominicano viaja al estado de Indiana, donde sostendr\u00e1 un importante encuentro con directivos de la Universidad de Purdue, incluyendo su presidente Mung Chiang. El viernes, previo a su salida hacia Santo Domingo, el presidente Abinader, realizar\u00e1 un recorrido por las instalaciones de la Universidad de Purde, en compa\u00f1\u00eda de sus directivos. Acompa\u00f1an al presidente sus asistentes Eilyn Beltran, director del Gabinete Presidencial; Mercedes Pichardo, el director del CUSEP y jefe de la seguridad del presidente, Jimmy Arias, as\u00ed como el director de prensa del Presidente, Daniel Garc\u00eda Archibald.<\/p>\n","protected":false},"author":3,"featured_media":0,"comment_status":"open","ping_status":"open","sticky":false,"template":"","format":"standard","meta":{"om_disable_all_campaigns":false,"footnotes":""},"categories":[56],"tags":[],"class_list":["post-135412","post","type-post","status-publish","format-standard","hentry","category-economia"],"_links":{"self":[{"href":"https:\/\/conexiondigital.com.do\/index.php\/wp-json\/wp\/v2\/posts\/135412","targetHints":{"allow":["GET"]}}],"collection":[{"href":"https:\/\/conexiondigital.com.do\/index.php\/wp-json\/wp\/v2\/posts"}],"about":[{"href":"https:\/\/conexiondigital.com.do\/index.php\/wp-json\/wp\/v2\/types\/post"}],"author":[{"embeddable":true,"href":"https:\/\/conexiondigital.com.do\/index.php\/wp-json\/wp\/v2\/users\/3"}],"replies":[{"embeddable":true,"href":"https:\/\/conexiondigital.com.do\/index.php\/wp-json\/wp\/v2\/comments?post=135412"}],"version-history":[{"count":1,"href":"https:\/\/conexiondigital.com.do\/index.php\/wp-json\/wp\/v2\/posts\/135412\/revisions"}],"predecessor-version":[{"id":135414,"href":"https:\/\/conexiondigital.com.do\/index.php\/wp-json\/wp\/v2\/posts\/135412\/revisions\/135414"}],"wp:attachment":[{"href":"https:\/\/conexiondigital.com.do\/index.php\/wp-json\/wp\/v2\/media?parent=135412"}],"wp:term":[{"taxonomy":"category","embeddable":true,"href":"https:\/\/conexiondigital.com.do\/index.php\/wp-json\/wp\/v2\/categories?post=135412"},{"taxonomy":"post_tag","embeddable":true,"href":"https:\/\/conexiondigital.com.do\/index.php\/wp-json\/wp\/v2\/tags?post=135412"}],"curies":[{"name":"wp","href":"https:\/\/api.w.org\/{rel}","templated":true}]}}