{"id":135436,"date":"2025-03-08T14:32:42","date_gmt":"2025-03-08T18:32:42","guid":{"rendered":"https:\/\/conexiondigital.com.do\/?p=135436"},"modified":"2025-03-08T14:32:43","modified_gmt":"2025-03-08T18:32:43","slug":"manolo-pichardo-declina-su-candidatura-a-la-secretaria-general-de-la-fp-y-anuncia-apoyo-a-antonio-florian","status":"publish","type":"post","link":"https:\/\/conexiondigital.com.do\/index.php\/2025\/03\/08\/manolo-pichardo-declina-su-candidatura-a-la-secretaria-general-de-la-fp-y-anuncia-apoyo-a-antonio-florian\/","title":{"rendered":"Manolo Pichardo declina su candidatura a la Secretar\u00eda General de la FP y anuncia apoyo a Antonio Flori\u00e1n"},"content":{"rendered":"\n<figure class=\"wp-block-image size-full\"><img decoding=\"async\" src=\"https:\/\/images.conexiondigital.com.do\/wp-content\/uploads\/wp-content\/uploads\/2025\/03\/71ff931f-025f-4c81-bb8c-4b891fb24b92.jpg\" alt=\"\" class=\"wp-image-135437\" \/><\/figure>\n\n\n\n<p>Santo Domingo,- Manolo Pichardo, miembro de la Direcci\u00f3n Pol\u00edtica de la Fuerza del Pueblo (FP), anunci\u00f3 su decisi\u00f3n de declinar su aspiraci\u00f3n a la Secretar\u00eda General del partido y brindar su total apoyo a la candidatura de Antonio Flori\u00e1n, \u201cPe\u00f1ita\u201d.<\/p>\n\n\n\n<p>En una declaraci\u00f3n, Pichardo explic\u00f3 que aunque inicialmente recibi\u00f3 el respaldo de los compa\u00f1eros y compa\u00f1eras del partido para postularse a la Secretar\u00eda General, ha optado por apoyar a Flori\u00e1n en un gesto de unidad y compromiso con el fortalecimiento de la FP.<\/p>\n\n\n\n<p>\u201cEste sorprendente respaldo de mis compa\u00f1eros y compa\u00f1eras lo agradezco en el alma, porque en \u00e9l se manifiesta una gran muestra de respeto, cari\u00f1o y reconocimiento a mi trabajo pol\u00edtico, a mi entrega por la causa partidaria y a los mejores intereses del pueblo dominicano\u201d, expres\u00f3 Pichardo.<\/p>\n\n\n\n<p>Record\u00f3 adem\u00e1s, c\u00f3mo desde mediados del a\u00f1o pasado, diferentes voces dentro del partido manifestaron su inter\u00e9s en que \u00e9l asumiera una candidatura. Sin embargo, tras la decisi\u00f3n de la Direcci\u00f3n Pol\u00edtica de la FP, ratificada un\u00e1nimemente en la primera Asamblea del Congreso Ordinario a propuesta del presidente del partido, Leonel Fern\u00e1ndez, Pichardo pidi\u00f3 suspender cualquier promoci\u00f3n de su aspiraci\u00f3n para acogerse a la institucionalidad partidaria.<\/p>\n\n\n\n<p>En su exposici\u00f3n, Pichardo destac\u00f3 la trayectoria de Antonio Flori\u00e1n y la importancia de reconocer su papel en la construcci\u00f3n de la Fuerza del Pueblo. \u201cValoremos la entrega y el desprendimiento de un grupo de hombres y mujeres liderados por el compa\u00f1ero Antonio Flori\u00e1n. Ese acto cuasi patri\u00f3tico de abandonar una alianza con el pasado gobierno para solventar la creaci\u00f3n de una nueva casa debe generar la gratitud y el compromiso de todos los compa\u00f1eros y compa\u00f1eras a trav\u00e9s del apoyo a la candidatura de Pe\u00f1ita\u201d, subray\u00f3.<\/p>\n\n\n\n<p>El dirigente pol\u00edtico tambi\u00e9n expres\u00f3 su esperanza en que el Congreso Elector Manolo Tav\u00e1rez Justo fortalezca la unidad interna del partido y permita continuar el camino hacia la toma del poder pol\u00edtico, de la mano de Leonel Fern\u00e1ndez, para llevar a cabo una \u201csegunda ola de transformaciones que mejore las condiciones materiales y espirituales de existencia del pueblo dominicano\u201d.<\/p>\n\n\n\n<p>La Fuerza del Pueblo avanza con paso firme en su proceso interno, reafirmando su compromiso con la democracia interna, la unidad y la consolidaci\u00f3n como una opci\u00f3n pol\u00edtica fuerte y comprometida con el bienestar del pa\u00eds.<\/p>\n\n\n\n<p>Tras recibir el apoyo para continuar al frente de la Secretar\u00eda General de la FP, Antonio Flori\u00e1n manifest\u00f3 su agradecimiento por el gesto de desprendimiento de Manolo Pichardo, asegurando que este es el reconocimiento \u201cde una gesti\u00f3n de puertas abiertas, que apuesta por la construcci\u00f3n de la mayor unidad partidaria, de cara a ganar las elecciones en el 2028 y, junto a Leonel Fern\u00e1ndez, lograr una segunda ola de transformaciones en la Rep\u00fablica Dominicana\u201d, precis\u00f3 Flori\u00e1n.<\/p>\n","protected":false},"excerpt":{"rendered":"<p>Santo Domingo,- Manolo Pichardo, miembro de la Direcci\u00f3n Pol\u00edtica de la Fuerza del Pueblo (FP), anunci\u00f3 su decisi\u00f3n de declinar su aspiraci\u00f3n a la Secretar\u00eda General del partido y brindar su total apoyo a la candidatura de Antonio Flori\u00e1n, \u201cPe\u00f1ita\u201d. En una declaraci\u00f3n, Pichardo explic\u00f3 que aunque inicialmente recibi\u00f3 el respaldo de los compa\u00f1eros y compa\u00f1eras del partido para postularse a la Secretar\u00eda General, ha optado por apoyar a Flori\u00e1n en un gesto de unidad y compromiso con el fortalecimiento de la FP. \u201cEste sorprendente respaldo de mis compa\u00f1eros y compa\u00f1eras lo agradezco en el alma, porque en \u00e9l se manifiesta una gran muestra de respeto, cari\u00f1o y reconocimiento a mi trabajo pol\u00edtico, a mi entrega por la causa partidaria y a los mejores intereses del pueblo dominicano\u201d, expres\u00f3 Pichardo. Record\u00f3 adem\u00e1s, c\u00f3mo desde mediados del a\u00f1o pasado, diferentes voces dentro del partido manifestaron su inter\u00e9s en que \u00e9l asumiera una candidatura. Sin embargo, tras la decisi\u00f3n de la Direcci\u00f3n Pol\u00edtica de la FP, ratificada un\u00e1nimemente en la primera Asamblea del Congreso Ordinario a propuesta del presidente del partido, Leonel Fern\u00e1ndez, Pichardo pidi\u00f3 suspender cualquier promoci\u00f3n de su aspiraci\u00f3n para acogerse a la institucionalidad partidaria. En su exposici\u00f3n, Pichardo destac\u00f3 la trayectoria de Antonio Flori\u00e1n y la importancia de reconocer su papel en la construcci\u00f3n de la Fuerza del Pueblo. \u201cValoremos la entrega y el desprendimiento de un grupo de hombres y mujeres liderados por el compa\u00f1ero Antonio Flori\u00e1n. Ese acto cuasi patri\u00f3tico de abandonar una alianza con el pasado gobierno para solventar la creaci\u00f3n de una nueva casa debe generar la gratitud y el compromiso de todos los compa\u00f1eros y compa\u00f1eras a trav\u00e9s del apoyo a la candidatura de Pe\u00f1ita\u201d, subray\u00f3. El dirigente pol\u00edtico tambi\u00e9n expres\u00f3 su esperanza en que el Congreso Elector Manolo Tav\u00e1rez Justo fortalezca la unidad interna del partido y permita continuar el camino hacia la toma del poder pol\u00edtico, de la mano de Leonel Fern\u00e1ndez, para llevar a cabo una \u201csegunda ola de transformaciones que mejore las condiciones materiales y espirituales de existencia del pueblo dominicano\u201d. La Fuerza del Pueblo avanza con paso firme en su proceso interno, reafirmando su compromiso con la democracia interna, la unidad y la consolidaci\u00f3n como una opci\u00f3n pol\u00edtica fuerte y comprometida con el bienestar del pa\u00eds. Tras recibir el apoyo para continuar al frente de la Secretar\u00eda General de la FP, Antonio Flori\u00e1n manifest\u00f3 su agradecimiento por el gesto de desprendimiento de Manolo Pichardo, asegurando que este es el reconocimiento \u201cde una gesti\u00f3n de puertas abiertas, que apuesta por la construcci\u00f3n de la mayor unidad partidaria, de cara a ganar las elecciones en el 2028 y, junto a Leonel Fern\u00e1ndez, lograr una segunda ola de transformaciones en la Rep\u00fablica Dominicana\u201d, precis\u00f3 Flori\u00e1n.<\/p>\n","protected":false},"author":3,"featured_media":0,"comment_status":"open","ping_status":"open","sticky":false,"template":"","format":"standard","meta":{"om_disable_all_campaigns":false,"footnotes":""},"categories":[12],"tags":[],"class_list":["post-135436","post","type-post","status-publish","format-standard","hentry","category-politic"],"_links":{"self":[{"href":"https:\/\/conexiondigital.com.do\/index.php\/wp-json\/wp\/v2\/posts\/135436","targetHints":{"allow":["GET"]}}],"collection":[{"href":"https:\/\/conexiondigital.com.do\/index.php\/wp-json\/wp\/v2\/posts"}],"about":[{"href":"https:\/\/conexiondigital.com.do\/index.php\/wp-json\/wp\/v2\/types\/post"}],"author":[{"embeddable":true,"href":"https:\/\/conexiondigital.com.do\/index.php\/wp-json\/wp\/v2\/users\/3"}],"replies":[{"embeddable":true,"href":"https:\/\/conexiondigital.com.do\/index.php\/wp-json\/wp\/v2\/comments?post=135436"}],"version-history":[{"count":1,"href":"https:\/\/conexiondigital.com.do\/index.php\/wp-json\/wp\/v2\/posts\/135436\/revisions"}],"predecessor-version":[{"id":135438,"href":"https:\/\/conexiondigital.com.do\/index.php\/wp-json\/wp\/v2\/posts\/135436\/revisions\/135438"}],"wp:attachment":[{"href":"https:\/\/conexiondigital.com.do\/index.php\/wp-json\/wp\/v2\/media?parent=135436"}],"wp:term":[{"taxonomy":"category","embeddable":true,"href":"https:\/\/conexiondigital.com.do\/index.php\/wp-json\/wp\/v2\/categories?post=135436"},{"taxonomy":"post_tag","embeddable":true,"href":"https:\/\/conexiondigital.com.do\/index.php\/wp-json\/wp\/v2\/tags?post=135436"}],"curies":[{"name":"wp","href":"https:\/\/api.w.org\/{rel}","templated":true}]}}