{"id":135602,"date":"2025-03-13T19:37:28","date_gmt":"2025-03-13T23:37:28","guid":{"rendered":"https:\/\/conexiondigital.com.do\/?p=135602"},"modified":"2025-03-13T19:37:30","modified_gmt":"2025-03-13T23:37:30","slug":"antonio-florian-asegura-que-danilo-medina-uso-el-estado-para-bloquear-la-fuerza-del-pueblo","status":"publish","type":"post","link":"https:\/\/conexiondigital.com.do\/index.php\/2025\/03\/13\/antonio-florian-asegura-que-danilo-medina-uso-el-estado-para-bloquear-la-fuerza-del-pueblo\/","title":{"rendered":"Antonio Flori\u00e1n asegura que Danilo Medina us\u00f3 el Estado para bloquear la Fuerza del Pueblo"},"content":{"rendered":"\n<figure class=\"wp-block-image size-full\"><img decoding=\"async\" src=\"https:\/\/images.conexiondigital.com.do\/wp-content\/uploads\/2025\/03\/IMG-20250313-WA0031-650x400-1.webp\" alt=\"\" class=\"wp-image-135603\" \/><\/figure>\n\n\n\n<p><strong>Dirigentes del PTD respaldaron a Leonel Fern\u00e1ndez sin pedir nada a cambio<\/strong><\/p>\n\n\n\n<p>Santo Domingo.- El secretario general de la Fuerza del Pueblo, Antonio Flori\u00e1n (Pe\u00f1ita), denunci\u00f3 que el expresidente Danilo Medina utiliz\u00f3 los recursos del Estado para intentar frenar la creaci\u00f3n y reconocimiento de su partido, obstaculizando su participaci\u00f3n en las elecciones de 2020.<\/p>\n\n\n\n<p>Flori\u00e1n expres\u00f3 su indignaci\u00f3n por las declaraciones de Medina, quien acus\u00f3 a los dirigentes del antiguo Partido de los Trabajadores Dominicanos (PTD) de haber vendido una \u201cfranquicia\u201d pol\u00edtica. Asegur\u00f3 que estos l\u00edderes tomaron la decisi\u00f3n de respaldar a Leonel Fern\u00e1ndez sin exigir beneficios a cambio, movidos \u00fanicamente por la convicci\u00f3n de fortalecer un nuevo proyecto pol\u00edtico.<\/p>\n\n\n\n<pre class=\"wp-block-code\"><code>\u201cSi el se\u00f1or Danilo Medina se respetara, debi\u00f3 reconocer que, desde su condici\u00f3n de presidente, us\u00f3 los recursos del Estado para tratar de manipular la justicia. Contrat\u00f3 abogados con la misi\u00f3n de impedir la formaci\u00f3n de nuestra organizaci\u00f3n y el reconocimiento de la Fuerza del Pueblo ante la Junta Central Electoral\u201d, afirm\u00f3 Flori\u00e1n.<\/code><\/pre>\n\n\n\n<p>El dirigente pol\u00edtico record\u00f3 que, en su momento, todos los miembros del PTD estuvieron de acuerdo con la integraci\u00f3n de su partido al proyecto liderado por Leonel Fern\u00e1ndez. La Direcci\u00f3n Pol\u00edtica del PTD aprob\u00f3 la fusi\u00f3n de manera un\u00e1nime y sin condiciones, reafirmando su compromiso con la democracia y la institucionalidad.<\/p>\n\n\n\n<p>Adem\u00e1s, destac\u00f3 que el PTD fue durante a\u00f1os un partido aliado al Partido de la Liberaci\u00f3n Dominicana (PLD), y que, cuando decidieron irse a la oposici\u00f3n para respaldar a Fern\u00e1ndez, muchos de sus dirigentes ocupaban cargos en el Estado. Pese a esto, optaron por renunciar a cualquier v\u00ednculo con el gobierno de Medina, demostrando que su apoyo a la Fuerza del Pueblo no estuvo condicionado a intereses particulares.<\/p>\n\n\n\n<p>Flori\u00e1n enfatiz\u00f3 que fue solo por decisi\u00f3n de los tribunales que, en enero y febrero de 2020, la Fuerza del Pueblo obtuvo su reconocimiento oficial y Fern\u00e1ndez pudo ser inscrito como candidato presidencial. Afirm\u00f3 que este proceso fue un \u201cverdadero viacrucis\u201d, impuesto por la voluntad de Danilo Medina.<\/p>\n\n\n\n<p>Asimismo, el secretario general de la Fuerza del Pueblo inst\u00f3 a Medina a preocuparse por limpiar su propio nombre y el de su entorno familiar, recordando que varios de sus allegados enfrentan acusaciones en los tribunales por presuntos actos de corrupci\u00f3n.<\/p>\n\n\n\n<pre class=\"wp-block-code\"><code>\u201cComo partido, estamos concentrados en fortalecer nuestra organizaci\u00f3n y en hacer una oposici\u00f3n firme al gobierno de Luis Abinader. Lamentamos que el expresidente Medina busque generar conflictos para debilitarnos y favorecer al oficialismo\u201d, concluy\u00f3 Flori\u00e1n.<\/code><\/pre>\n","protected":false},"excerpt":{"rendered":"<p>Dirigentes del PTD respaldaron a Leonel Fern\u00e1ndez sin pedir nada a cambio Santo Domingo.- El secretario general de la Fuerza del Pueblo, Antonio Flori\u00e1n (Pe\u00f1ita), denunci\u00f3 que el expresidente Danilo Medina utiliz\u00f3 los recursos del Estado para intentar frenar la creaci\u00f3n y reconocimiento de su partido, obstaculizando su participaci\u00f3n en las elecciones de 2020. Flori\u00e1n expres\u00f3 su indignaci\u00f3n por las declaraciones de Medina, quien acus\u00f3 a los dirigentes del antiguo Partido de los Trabajadores Dominicanos (PTD) de haber vendido una \u201cfranquicia\u201d pol\u00edtica. Asegur\u00f3 que estos l\u00edderes tomaron la decisi\u00f3n de respaldar a Leonel Fern\u00e1ndez sin exigir beneficios a cambio, movidos \u00fanicamente por la convicci\u00f3n de fortalecer un nuevo proyecto pol\u00edtico. El dirigente pol\u00edtico record\u00f3 que, en su momento, todos los miembros del PTD estuvieron de acuerdo con la integraci\u00f3n de su partido al proyecto liderado por Leonel Fern\u00e1ndez. La Direcci\u00f3n Pol\u00edtica del PTD aprob\u00f3 la fusi\u00f3n de manera un\u00e1nime y sin condiciones, reafirmando su compromiso con la democracia y la institucionalidad. Adem\u00e1s, destac\u00f3 que el PTD fue durante a\u00f1os un partido aliado al Partido de la Liberaci\u00f3n Dominicana (PLD), y que, cuando decidieron irse a la oposici\u00f3n para respaldar a Fern\u00e1ndez, muchos de sus dirigentes ocupaban cargos en el Estado. Pese a esto, optaron por renunciar a cualquier v\u00ednculo con el gobierno de Medina, demostrando que su apoyo a la Fuerza del Pueblo no estuvo condicionado a intereses particulares. Flori\u00e1n enfatiz\u00f3 que fue solo por decisi\u00f3n de los tribunales que, en enero y febrero de 2020, la Fuerza del Pueblo obtuvo su reconocimiento oficial y Fern\u00e1ndez pudo ser inscrito como candidato presidencial. Afirm\u00f3 que este proceso fue un \u201cverdadero viacrucis\u201d, impuesto por la voluntad de Danilo Medina. Asimismo, el secretario general de la Fuerza del Pueblo inst\u00f3 a Medina a preocuparse por limpiar su propio nombre y el de su entorno familiar, recordando que varios de sus allegados enfrentan acusaciones en los tribunales por presuntos actos de corrupci\u00f3n.<\/p>\n","protected":false},"author":3,"featured_media":0,"comment_status":"open","ping_status":"open","sticky":false,"template":"","format":"standard","meta":{"om_disable_all_campaigns":false,"footnotes":""},"categories":[12],"tags":[],"class_list":["post-135602","post","type-post","status-publish","format-standard","hentry","category-politic"],"_links":{"self":[{"href":"https:\/\/conexiondigital.com.do\/index.php\/wp-json\/wp\/v2\/posts\/135602","targetHints":{"allow":["GET"]}}],"collection":[{"href":"https:\/\/conexiondigital.com.do\/index.php\/wp-json\/wp\/v2\/posts"}],"about":[{"href":"https:\/\/conexiondigital.com.do\/index.php\/wp-json\/wp\/v2\/types\/post"}],"author":[{"embeddable":true,"href":"https:\/\/conexiondigital.com.do\/index.php\/wp-json\/wp\/v2\/users\/3"}],"replies":[{"embeddable":true,"href":"https:\/\/conexiondigital.com.do\/index.php\/wp-json\/wp\/v2\/comments?post=135602"}],"version-history":[{"count":1,"href":"https:\/\/conexiondigital.com.do\/index.php\/wp-json\/wp\/v2\/posts\/135602\/revisions"}],"predecessor-version":[{"id":135604,"href":"https:\/\/conexiondigital.com.do\/index.php\/wp-json\/wp\/v2\/posts\/135602\/revisions\/135604"}],"wp:attachment":[{"href":"https:\/\/conexiondigital.com.do\/index.php\/wp-json\/wp\/v2\/media?parent=135602"}],"wp:term":[{"taxonomy":"category","embeddable":true,"href":"https:\/\/conexiondigital.com.do\/index.php\/wp-json\/wp\/v2\/categories?post=135602"},{"taxonomy":"post_tag","embeddable":true,"href":"https:\/\/conexiondigital.com.do\/index.php\/wp-json\/wp\/v2\/tags?post=135602"}],"curies":[{"name":"wp","href":"https:\/\/api.w.org\/{rel}","templated":true}]}}