{"id":135729,"date":"2025-03-19T18:30:54","date_gmt":"2025-03-19T22:30:54","guid":{"rendered":"https:\/\/conexiondigital.com.do\/?p=135729"},"modified":"2025-03-19T18:30:55","modified_gmt":"2025-03-19T22:30:55","slug":"adhamilka-espinal-condena-agresion-policial-contra-maestros-que-exigian-construccion-de-escuelas","status":"publish","type":"post","link":"https:\/\/conexiondigital.com.do\/index.php\/2025\/03\/19\/adhamilka-espinal-condena-agresion-policial-contra-maestros-que-exigian-construccion-de-escuelas\/","title":{"rendered":"Adhamilka Espinal condena agresi\u00f3n policial contra maestros que exig\u00edan construcci\u00f3n de escuelas"},"content":{"rendered":"\n<figure class=\"wp-block-image size-full\"><img decoding=\"async\" src=\"https:\/\/images.conexiondigital.com.do\/wp-content\/uploads\/2025\/03\/WhatsApp-Image-2025-03-19-at-9.54.02-AM-1-650x400-1.webp\" alt=\"\" class=\"wp-image-135730\"\/><\/figure>\n\n\n\n<p>Hermanas Mirabal, RD. \u2013 La dirigente nacional de la Fuerza Magisterial y miembro del Comit\u00e9 Ejecutivo de la Asociaci\u00f3n Dominicana de Profesores (ADP), Adhamilka Espinal, conden\u00f3 en\u00e9rgicamente la represi\u00f3n policial sufrida por un grupo de maestros en las provincias Hermanas Mirabal y Duarte, quienes se movilizaban este martes 18 en demanda de mejoras para las escuelas p\u00fablicas de la zona.<\/p>\n\n\n\n<p>Espinal denunci\u00f3 que, por \u00f3rdenes de la Direcci\u00f3n Regional de Educaci\u00f3n, un contingente militar y policial fue desplegado para impedir la movilizaci\u00f3n magisterial, resultando en agresiones contra decenas de maestros que exig\u00edan condiciones dignas para los estudiantes.<\/p>\n\n\n\n<p>\u201cEs inaceptable que quienes luchamos por los derechos de la educaci\u00f3n p\u00fablica seamos recibidos con violencia. Los maestros estamos aqu\u00ed exigiendo lo que les corresponde a nuestros ni\u00f1os y ni\u00f1as: escuelas dignas, infraestructuras adecuadas y el nombramiento de docentes\u201d, expres\u00f3 Espinal.<\/p>\n\n\n\n<p>Entre las principales demandas de los docentes se encuentra la construcci\u00f3n del Liceo Isidro Antonio Est\u00e9vez, donde actualmente los estudiantes reciben clases en una funeraria; la finalizaci\u00f3n de la escuela de El Bamb\u00fa, que opera en una rancheta prestada por la comunidad; y la intervenci\u00f3n urgente del Liceo Regino Camilo, cuyo sistema de agua y pozos s\u00e9pticos colaps\u00f3, provocando que los alumnos almuercen diariamente en condiciones insalubres.<\/p>\n\n\n\n<p>Adem\u00e1s, los maestros exigen el nombramiento de 38 docentes del banco de registro de elegibles, la designaci\u00f3n de dos directoras que aprobaron el concurso en 2022, y la finalizaci\u00f3n de la tanda extendida en la escuela Virgen Padilla, una espera que se ha prolongado por 18 a\u00f1os.<\/p>\n\n\n\n<p>\u201cNo podemos permitir que la educaci\u00f3n p\u00fablica contin\u00fae en el abandono. Nuestra lucha es por el bienestar de los estudiantes y por el respeto a la dignidad del magisterio\u201d, concluy\u00f3 Adhamilka Espinal.<\/p>\n\n\n\n<p>Los educadores hacen un llamado al Ministerio de Educaci\u00f3n y al Gobierno a intervenir de inmediato para resolver estas problem\u00e1ticas y garantizar un ambiente escolar adecuado para los ni\u00f1os y ni\u00f1as de la regi\u00f3n.<\/p>\n","protected":false},"excerpt":{"rendered":"<p>Hermanas Mirabal, RD. \u2013 La dirigente nacional de la Fuerza Magisterial y miembro del Comit\u00e9 Ejecutivo de la Asociaci\u00f3n Dominicana de Profesores (ADP), Adhamilka Espinal, conden\u00f3 en\u00e9rgicamente la represi\u00f3n policial sufrida por un grupo de maestros en las provincias Hermanas Mirabal y Duarte, quienes se movilizaban este martes 18 en demanda de mejoras para las escuelas p\u00fablicas de la zona. Espinal denunci\u00f3 que, por \u00f3rdenes de la Direcci\u00f3n Regional de Educaci\u00f3n, un contingente militar y policial fue desplegado para impedir la movilizaci\u00f3n magisterial, resultando en agresiones contra decenas de maestros que exig\u00edan condiciones dignas para los estudiantes. \u201cEs inaceptable que quienes luchamos por los derechos de la educaci\u00f3n p\u00fablica seamos recibidos con violencia. Los maestros estamos aqu\u00ed exigiendo lo que les corresponde a nuestros ni\u00f1os y ni\u00f1as: escuelas dignas, infraestructuras adecuadas y el nombramiento de docentes\u201d, expres\u00f3 Espinal. Entre las principales demandas de los docentes se encuentra la construcci\u00f3n del Liceo Isidro Antonio Est\u00e9vez, donde actualmente los estudiantes reciben clases en una funeraria; la finalizaci\u00f3n de la escuela de El Bamb\u00fa, que opera en una rancheta prestada por la comunidad; y la intervenci\u00f3n urgente del Liceo Regino Camilo, cuyo sistema de agua y pozos s\u00e9pticos colaps\u00f3, provocando que los alumnos almuercen diariamente en condiciones insalubres. Adem\u00e1s, los maestros exigen el nombramiento de 38 docentes del banco de registro de elegibles, la designaci\u00f3n de dos directoras que aprobaron el concurso en 2022, y la finalizaci\u00f3n de la tanda extendida en la escuela Virgen Padilla, una espera que se ha prolongado por 18 a\u00f1os. \u201cNo podemos permitir que la educaci\u00f3n p\u00fablica contin\u00fae en el abandono. Nuestra lucha es por el bienestar de los estudiantes y por el respeto a la dignidad del magisterio\u201d, concluy\u00f3 Adhamilka Espinal. Los educadores hacen un llamado al Ministerio de Educaci\u00f3n y al Gobierno a intervenir de inmediato para resolver estas problem\u00e1ticas y garantizar un ambiente escolar adecuado para los ni\u00f1os y ni\u00f1as de la regi\u00f3n.<\/p>\n","protected":false},"author":6,"featured_media":0,"comment_status":"open","ping_status":"open","sticky":false,"template":"","format":"standard","meta":{"om_disable_all_campaigns":false,"footnotes":""},"categories":[15],"tags":[],"class_list":["post-135729","post","type-post","status-publish","format-standard","hentry","category-nacionales"],"_links":{"self":[{"href":"https:\/\/conexiondigital.com.do\/index.php\/wp-json\/wp\/v2\/posts\/135729","targetHints":{"allow":["GET"]}}],"collection":[{"href":"https:\/\/conexiondigital.com.do\/index.php\/wp-json\/wp\/v2\/posts"}],"about":[{"href":"https:\/\/conexiondigital.com.do\/index.php\/wp-json\/wp\/v2\/types\/post"}],"author":[{"embeddable":true,"href":"https:\/\/conexiondigital.com.do\/index.php\/wp-json\/wp\/v2\/users\/6"}],"replies":[{"embeddable":true,"href":"https:\/\/conexiondigital.com.do\/index.php\/wp-json\/wp\/v2\/comments?post=135729"}],"version-history":[{"count":1,"href":"https:\/\/conexiondigital.com.do\/index.php\/wp-json\/wp\/v2\/posts\/135729\/revisions"}],"predecessor-version":[{"id":135731,"href":"https:\/\/conexiondigital.com.do\/index.php\/wp-json\/wp\/v2\/posts\/135729\/revisions\/135731"}],"wp:attachment":[{"href":"https:\/\/conexiondigital.com.do\/index.php\/wp-json\/wp\/v2\/media?parent=135729"}],"wp:term":[{"taxonomy":"category","embeddable":true,"href":"https:\/\/conexiondigital.com.do\/index.php\/wp-json\/wp\/v2\/categories?post=135729"},{"taxonomy":"post_tag","embeddable":true,"href":"https:\/\/conexiondigital.com.do\/index.php\/wp-json\/wp\/v2\/tags?post=135729"}],"curies":[{"name":"wp","href":"https:\/\/api.w.org\/{rel}","templated":true}]}}