{"id":135761,"date":"2025-03-19T19:05:04","date_gmt":"2025-03-19T23:05:04","guid":{"rendered":"https:\/\/conexiondigital.com.do\/?p=135761"},"modified":"2025-03-19T19:05:05","modified_gmt":"2025-03-19T23:05:05","slug":"indotel-y-unibe-abogan-por-un-periodismo-etico-y-el-combate-a-desinformacion","status":"publish","type":"post","link":"https:\/\/conexiondigital.com.do\/index.php\/2025\/03\/19\/indotel-y-unibe-abogan-por-un-periodismo-etico-y-el-combate-a-desinformacion\/","title":{"rendered":"INDOTEL y Unibe abogan por un periodismo \u00e9tico y el combate a desinformaci\u00f3n"},"content":{"rendered":"\n<figure class=\"wp-block-image size-large\"><img decoding=\"async\" src=\"https:\/\/images.conexiondigital.com.do\/wp-content\/uploads\/2025\/03\/thumbnail_IMG_4770-1024x706.jpg\" alt=\"\" class=\"wp-image-135762\"\/><\/figure>\n\n\n\n<p><strong><em>Foro destac\u00f3 importancia del periodismo responsable ante el desaf\u00edo de noticias falsas en la era digital<\/em><\/strong><\/p>\n\n\n\n<p><strong>Santo Domingo.<\/strong>&nbsp;\u2013 El Instituto Dominicano de las Telecomunicaciones (INDOTEL) y la Universidad Iberoamericana (Unibe) concluyeron el foro \u201cRedes Sociales, Periodismo y Democracia\u201d con un llamado a fortalecer la \u00e9tica period\u00edstica y combatir la desinformaci\u00f3n en la era digital.<\/p>\n\n\n\n<p>Al cerrar el evento, el presidente del Consejo Directivo de INDOTEL, Guido G\u00f3mez Mazara, destac\u00f3 la importancia de promover un periodismo responsable en un contexto donde la desinformaci\u00f3n representa un desaf\u00edo sin precedentes para la democracia. Afirm\u00f3 que INDOTEL est\u00e1 comprometido con fomentar la difusi\u00f3n de informaci\u00f3n objetiva y confiable.<\/p>\n\n\n\n<p>El funcionario de las telecomunicaciones indic\u00f3 que este espacio de debate, que reuni\u00f3 durante dos d\u00edas a los principales directores de medios de Rep\u00fablica Dominicana, profesionales del Derecho nacionales e internacionales, combin\u00f3 una serie de reflexiones sobre los desaf\u00edos que enfrenta el periodismo ante la proliferaci\u00f3n de las noticias falsas en las redes sociales, su impacto en los sistemas democr\u00e1ticos y el poder de la prensa.<\/p>\n\n\n\n<p>\u201cDebemos aprovechar el potencial de las redes sociales sin perder de vista nuestra responsabilidad con la verdad y la democracia\u201d, expres\u00f3 G\u00f3mez Mazara, al agradecer la participaci\u00f3n de destacados intelectuales, periodistas y acad\u00e9micos, as\u00ed como el respaldo de Unibe y los miembros del Consejo Directivo del INDOTEL.<\/p>\n\n\n\n<p>Durante el segundo d\u00eda del foro se realizaron los paneles sobre \u201cFake News y redes sociales\u201d, con la participaci\u00f3n de los panelistas Juan Pablo Pozo Bahamonde, abogado y consultor ecuatoriano; Darian Vargas, ingeniero telem\u00e1tico dominicano; y Jos\u00e9 Luis Taveras, abogado y escritor dominicano, quienes intercambiaron ideas acerca de la propagaci\u00f3n de la desinformaci\u00f3n en plataformas digitales y su impacto en la sociedad.<\/p>\n\n\n\n<p>Tambi\u00e9n efectu\u00f3 una secci\u00f3n sobre \u201cPrensa y poder\u201d, en este debate participaron Iv\u00e1n Gat\u00f3n, abogado y geopolit\u00f3logo dominicano; Nassef Perdomo Cordero, abogado y constitucionalista, y Homero Figueroa, comunicador social y estratega. La conversaci\u00f3n gir\u00f3 en torno a la relaci\u00f3n entre los medios de comunicaci\u00f3n y los poderes p\u00fablicos, as\u00ed como la importancia de la independencia period\u00edstica.<\/p>\n\n\n\n<p>El foro culmin\u00f3 con panel \u201cLibertad de expresi\u00f3n en la era digital\u201d, moderado por el periodista Aurelio Henr\u00edquez. En esta mesa de discusi\u00f3n participaron Ang\u00e9lica Noboa, abogada y escritora dominicana (en una intervenci\u00f3n virtual); Persio Maldonado, abogado y comunicador dominicano; Jos\u00e9 P. Monegro, periodista y abogado; y Miguel Franjul, periodista y escritor. Los panelistas abordaron el equilibrio entre la regulaci\u00f3n de contenidos en l\u00ednea y la garant\u00eda del derecho a la informaci\u00f3n.<\/p>\n\n\n\n<p>El evento fue dedicado al periodista dominicano del pasado siglo Orlando Mart\u00ednez Howley, quien fue s\u00edmbolo de la lucha por la libertad de expresi\u00f3n y el periodismo comprometido.<\/p>\n\n\n\n<p>El foro \u201cRedes Sociales, Periodismo y Democracia\u201d tuvo como prop\u00f3sito generar conciencia sobre el impacto de la desinformaci\u00f3n en los medios de comunicaci\u00f3n y plataformas digitales. En un entorno donde cualquier usuario puede crear y difundir contenidos sin formaci\u00f3n period\u00edstica ni conocimiento de las normativas vigentes, los expertos enfatizaron la necesidad de fortalecer la educaci\u00f3n medi\u00e1tica y la verificaci\u00f3n de informaci\u00f3n para preservar la confianza en los medios y la credibilidad de las noticias.<\/p>\n","protected":false},"excerpt":{"rendered":"<p>Foro destac\u00f3 importancia del periodismo responsable ante el desaf\u00edo de noticias falsas en la era digital Santo Domingo.&nbsp;\u2013 El Instituto Dominicano de las Telecomunicaciones (INDOTEL) y la Universidad Iberoamericana (Unibe) concluyeron el foro \u201cRedes Sociales, Periodismo y Democracia\u201d con un llamado a fortalecer la \u00e9tica period\u00edstica y combatir la desinformaci\u00f3n en la era digital. Al cerrar el evento, el presidente del Consejo Directivo de INDOTEL, Guido G\u00f3mez Mazara, destac\u00f3 la importancia de promover un periodismo responsable en un contexto donde la desinformaci\u00f3n representa un desaf\u00edo sin precedentes para la democracia. Afirm\u00f3 que INDOTEL est\u00e1 comprometido con fomentar la difusi\u00f3n de informaci\u00f3n objetiva y confiable. El funcionario de las telecomunicaciones indic\u00f3 que este espacio de debate, que reuni\u00f3 durante dos d\u00edas a los principales directores de medios de Rep\u00fablica Dominicana, profesionales del Derecho nacionales e internacionales, combin\u00f3 una serie de reflexiones sobre los desaf\u00edos que enfrenta el periodismo ante la proliferaci\u00f3n de las noticias falsas en las redes sociales, su impacto en los sistemas democr\u00e1ticos y el poder de la prensa. \u201cDebemos aprovechar el potencial de las redes sociales sin perder de vista nuestra responsabilidad con la verdad y la democracia\u201d, expres\u00f3 G\u00f3mez Mazara, al agradecer la participaci\u00f3n de destacados intelectuales, periodistas y acad\u00e9micos, as\u00ed como el respaldo de Unibe y los miembros del Consejo Directivo del INDOTEL. Durante el segundo d\u00eda del foro se realizaron los paneles sobre \u201cFake News y redes sociales\u201d, con la participaci\u00f3n de los panelistas Juan Pablo Pozo Bahamonde, abogado y consultor ecuatoriano; Darian Vargas, ingeniero telem\u00e1tico dominicano; y Jos\u00e9 Luis Taveras, abogado y escritor dominicano, quienes intercambiaron ideas acerca de la propagaci\u00f3n de la desinformaci\u00f3n en plataformas digitales y su impacto en la sociedad. Tambi\u00e9n efectu\u00f3 una secci\u00f3n sobre \u201cPrensa y poder\u201d, en este debate participaron Iv\u00e1n Gat\u00f3n, abogado y geopolit\u00f3logo dominicano; Nassef Perdomo Cordero, abogado y constitucionalista, y Homero Figueroa, comunicador social y estratega. La conversaci\u00f3n gir\u00f3 en torno a la relaci\u00f3n entre los medios de comunicaci\u00f3n y los poderes p\u00fablicos, as\u00ed como la importancia de la independencia period\u00edstica. El foro culmin\u00f3 con panel \u201cLibertad de expresi\u00f3n en la era digital\u201d, moderado por el periodista Aurelio Henr\u00edquez. En esta mesa de discusi\u00f3n participaron Ang\u00e9lica Noboa, abogada y escritora dominicana (en una intervenci\u00f3n virtual); Persio Maldonado, abogado y comunicador dominicano; Jos\u00e9 P. Monegro, periodista y abogado; y Miguel Franjul, periodista y escritor. Los panelistas abordaron el equilibrio entre la regulaci\u00f3n de contenidos en l\u00ednea y la garant\u00eda del derecho a la informaci\u00f3n. El evento fue dedicado al periodista dominicano del pasado siglo Orlando Mart\u00ednez Howley, quien fue s\u00edmbolo de la lucha por la libertad de expresi\u00f3n y el periodismo comprometido. El foro \u201cRedes Sociales, Periodismo y Democracia\u201d tuvo como prop\u00f3sito generar conciencia sobre el impacto de la desinformaci\u00f3n en los medios de comunicaci\u00f3n y plataformas digitales. En un entorno donde cualquier usuario puede crear y difundir contenidos sin formaci\u00f3n period\u00edstica ni conocimiento de las normativas vigentes, los expertos enfatizaron la necesidad de fortalecer la educaci\u00f3n medi\u00e1tica y la verificaci\u00f3n de informaci\u00f3n para preservar la confianza en los medios y la credibilidad de las noticias.<\/p>\n","protected":false},"author":6,"featured_media":0,"comment_status":"open","ping_status":"open","sticky":false,"template":"","format":"standard","meta":{"om_disable_all_campaigns":false,"footnotes":""},"categories":[12],"tags":[],"class_list":["post-135761","post","type-post","status-publish","format-standard","hentry","category-politic"],"_links":{"self":[{"href":"https:\/\/conexiondigital.com.do\/index.php\/wp-json\/wp\/v2\/posts\/135761","targetHints":{"allow":["GET"]}}],"collection":[{"href":"https:\/\/conexiondigital.com.do\/index.php\/wp-json\/wp\/v2\/posts"}],"about":[{"href":"https:\/\/conexiondigital.com.do\/index.php\/wp-json\/wp\/v2\/types\/post"}],"author":[{"embeddable":true,"href":"https:\/\/conexiondigital.com.do\/index.php\/wp-json\/wp\/v2\/users\/6"}],"replies":[{"embeddable":true,"href":"https:\/\/conexiondigital.com.do\/index.php\/wp-json\/wp\/v2\/comments?post=135761"}],"version-history":[{"count":1,"href":"https:\/\/conexiondigital.com.do\/index.php\/wp-json\/wp\/v2\/posts\/135761\/revisions"}],"predecessor-version":[{"id":135763,"href":"https:\/\/conexiondigital.com.do\/index.php\/wp-json\/wp\/v2\/posts\/135761\/revisions\/135763"}],"wp:attachment":[{"href":"https:\/\/conexiondigital.com.do\/index.php\/wp-json\/wp\/v2\/media?parent=135761"}],"wp:term":[{"taxonomy":"category","embeddable":true,"href":"https:\/\/conexiondigital.com.do\/index.php\/wp-json\/wp\/v2\/categories?post=135761"},{"taxonomy":"post_tag","embeddable":true,"href":"https:\/\/conexiondigital.com.do\/index.php\/wp-json\/wp\/v2\/tags?post=135761"}],"curies":[{"name":"wp","href":"https:\/\/api.w.org\/{rel}","templated":true}]}}