{"id":135842,"date":"2025-03-23T09:12:36","date_gmt":"2025-03-23T13:12:36","guid":{"rendered":"https:\/\/conexiondigital.com.do\/?p=135842"},"modified":"2025-03-23T09:12:37","modified_gmt":"2025-03-23T13:12:37","slug":"ministro-de-administracion-publica-destaca-en-la-cumbre-digital-global-los-avances-del-pais-en-la-transformacion-del-estado","status":"publish","type":"post","link":"https:\/\/conexiondigital.com.do\/index.php\/2025\/03\/23\/ministro-de-administracion-publica-destaca-en-la-cumbre-digital-global-los-avances-del-pais-en-la-transformacion-del-estado\/","title":{"rendered":"Ministro de Administraci\u00f3n P\u00fablica destaca en la Cumbre Digital Global los avances del pa\u00eds en la transformaci\u00f3n del Estado"},"content":{"rendered":"\n<figure class=\"wp-block-image size-large\"><img decoding=\"async\" src=\"https:\/\/images.conexiondigital.com.do\/wp-content\/uploads\/2025\/03\/download-3-1024x731.png\" alt=\"\" class=\"wp-image-135843\" \/><\/figure>\n\n\n\n<p><em><strong>El ministro de Administraci\u00f3n P\u00fablica, Sigmund Freund, represent\u00f3 al pa\u00eds en la Cumbre Digital Global, donde afirm\u00f3 que la transformaci\u00f3n que impulsa el Gobierno dominicano busca construir una fuerza laboral p\u00fablica con habilidades digitales, capaz de brindar servicios de alta calidad a la ciudadan\u00eda.<\/strong><\/em><\/p>\n\n\n\n<p><strong>Washington, Estados Unidos. &#8211;<\/strong>&nbsp;El ministro de Administraci\u00f3n P\u00fablica, Sigmund Freund, fue el encargado de explicar en la Cumbre Digital Global los avances de la transformaci\u00f3n digital en la que se encuentra inmerso el Gobierno dominicano y el progreso obtenido a trav\u00e9s de la aplicaci\u00f3n de esos procesos.<\/p>\n\n\n\n<p>Al tomar la palabra durante el panel \u201cAm\u00e9rica Latina y el Caribe: Creaci\u00f3n de canales de talento digital\u201d, Freund explic\u00f3 que la Agenda Digital 2030 es la estrategia de Rep\u00fablica Dominicana para lograr que todo el pa\u00eds tenga acceso a la conexi\u00f3n de internet.<\/p>\n\n\n\n<p>\u201cEste ambicioso plan no se limita a la tecnolog\u00eda; tambi\u00e9n busca empoderar a nuestra gente, modernizar nuestras instituciones e impulsar el crecimiento econ\u00f3mico en un mundo cada vez m\u00e1s digital. En los \u00faltimos a\u00f1os, hemos logrado avances notables en \u00e1reas clave\u201d, manifest\u00f3 Freund.<\/p>\n\n\n\n<p>El ministro se\u00f1al\u00f3 que mediante la estrategia se ha priorizado la expansi\u00f3n de la banda ancha y el despliegue de la red 5G como una forma de cerrar las brechas de conectividad; por igual se ha ido capacitando a los ciudadanos para que mejoren, y desarrollen, sus habilidades digitales para que sean part\u00edcipes de la econom\u00eda digital.<\/p>\n\n\n\n<p>Freund destac\u00f3 que el cierre de esa brecha digital permite que la administraci\u00f3n p\u00fablica utilice la tecnolog\u00eda para seguir moderniz\u00e1ndose y lograr que los servicios ofrecidos desde el Estado sean \u201cm\u00e1s eficientes, \u00e1giles y receptivos\u201d.<\/p>\n\n\n\n<p>\u201cA trav\u00e9s del Sistema Integrado de la Funci\u00f3n P\u00fablica (SISC) y las plataformas digitales de gesti\u00f3n del talento, estamos agilizando los procesos administrativos, optimizando la gesti\u00f3n de recursos humanos y mejorando las capacidades de la fuerza laboral p\u00fablica. Adem\u00e1s, la implementaci\u00f3n de programas de aprendizaje electr\u00f3nico y modelos de competencias, basados en inteligencia artificial, est\u00e1 facilitando la capacitaci\u00f3n continua y el desarrollo profesional de los servidores p\u00fablicos\u201d, asegur\u00f3 el funcionario.<\/p>\n\n\n\n<p>Agreg\u00f3 que&nbsp;<a>esta transformaci\u00f3n que impulsa el Estado dominicano no solo se trata de mejorar la eficiencia, sino de construir una fuerza laboral p\u00fablica con habilidades digitales, capaz de brindar servicios de alta calidad a la ciudadan\u00eda<\/a>.<\/p>\n\n\n\n<p><strong>Desaf\u00edos pendientes<\/strong><\/p>\n\n\n\n<p>Freund puntualiz\u00f3 que, a pesar de los avances, existen desaf\u00edos en algunas zonas rurales donde se requiere mayor inversi\u00f3n en conectividad y alfabetizaci\u00f3n digital. Adem\u00e1s, se\u00f1al\u00f3 que se debe seguir trabajando para garantizar la seguridad de los datos, tanto de la ciudadan\u00eda, como de las propias instituciones.<\/p>\n\n\n\n<p>\u201cA medida que evolucionan las ciber amenazas, la ciberseguridad, la privacidad digital y la protecci\u00f3n de datos deben seguir siendo una prioridad absoluta para salvaguardar la infraestructura digital p\u00fablica y privada. A medida que la tecnolog\u00eda avanza r\u00e1pidamente, nuestros marcos regulatorios y de gobernanza deben seguir el ritmo, apoyando la innovaci\u00f3n y garantizando al mismo tiempo la seguridad y la inclusi\u00f3n\u201d, expuso Freund.<\/p>\n\n\n\n<p><strong>Otras actividades y reuniones bilaterales<\/strong><\/p>\n\n\n\n<p>El ministro de Administraci\u00f3n P\u00fablica, durante su participaci\u00f3n en la Cumbre Digital Global realizada en Washington, tambi\u00e9n particip\u00f3 en el \u201cDebate interactivo sobre el desarrollo de talento y el cierre de la brecha de habilidades digitales en la regi\u00f3n\u201d, y del lanzamiento de la iniciativa \u00abVincula TIC\u201d, un programa regional de habilidades digitales.<\/p>\n\n\n\n<p>El funcionario fue parte de una reuni\u00f3n ministerial junto a otros pa\u00edses que tambi\u00e9n impulsan proyectos de digitalizaci\u00f3n con el apoyo del Banco Mundial, un encuentro En el que pudo intercambiar ideas claves para la transformaci\u00f3n digital.<\/p>\n\n\n\n<p>Tambi\u00e9n sostuvo una reuni\u00f3n con el equipo directivo del Banco Mundial que colabora con el Ministerio de Administraci\u00f3n P\u00fablica (MAP) en el proyecto de modernizaci\u00f3n y reforma para intercambiar experiencias que permitan seguir avanzando en la transformaci\u00f3n y digitalizaci\u00f3n de la administraci\u00f3n p\u00fablica en Rep\u00fablica Dominicana.<\/p>\n\n\n\n<p>Como parte de su agenda, el ministro Freund se reuni\u00f3 con la embajadora dominicana en EE.UU., Sonia Guzm\u00e1n y la embajadora de la Misi\u00f3n Permanente ante la OEA, Mayerlyn Cordero, a quienes dio detalles&nbsp;de la transformaci\u00f3n digital que se impulsa en la administraci\u00f3n p\u00fablica y el rol de la Rep\u00fablica Dominicana en la agenda regional de modernizaci\u00f3n a nivel de Estados.<\/p>\n\n\n\n<p><strong>La Cumbre Digital Global<\/strong><\/p>\n\n\n\n<p>La segunda edici\u00f3n de la Cumbre Digital Global, que reuni\u00f3 representantes de diferentes pa\u00edses tanto del sector p\u00fablico como privado, tuvo como tema principal la creaci\u00f3n de \u201ccaminos digitales\u201d para que la tecnolog\u00eda este al \u201calcance de todos\u201d.<\/p>\n","protected":false},"excerpt":{"rendered":"<p>El ministro de Administraci\u00f3n P\u00fablica, Sigmund Freund, represent\u00f3 al pa\u00eds en la Cumbre Digital Global, donde afirm\u00f3 que la transformaci\u00f3n que impulsa el Gobierno dominicano busca construir una fuerza laboral p\u00fablica con habilidades digitales, capaz de brindar servicios de alta calidad a la ciudadan\u00eda. Washington, Estados Unidos. &#8211;&nbsp;El ministro de Administraci\u00f3n P\u00fablica, Sigmund Freund, fue el encargado de explicar en la Cumbre Digital Global los avances de la transformaci\u00f3n digital en la que se encuentra inmerso el Gobierno dominicano y el progreso obtenido a trav\u00e9s de la aplicaci\u00f3n de esos procesos. Al tomar la palabra durante el panel \u201cAm\u00e9rica Latina y el Caribe: Creaci\u00f3n de canales de talento digital\u201d, Freund explic\u00f3 que la Agenda Digital 2030 es la estrategia de Rep\u00fablica Dominicana para lograr que todo el pa\u00eds tenga acceso a la conexi\u00f3n de internet. \u201cEste ambicioso plan no se limita a la tecnolog\u00eda; tambi\u00e9n busca empoderar a nuestra gente, modernizar nuestras instituciones e impulsar el crecimiento econ\u00f3mico en un mundo cada vez m\u00e1s digital. En los \u00faltimos a\u00f1os, hemos logrado avances notables en \u00e1reas clave\u201d, manifest\u00f3 Freund. El ministro se\u00f1al\u00f3 que mediante la estrategia se ha priorizado la expansi\u00f3n de la banda ancha y el despliegue de la red 5G como una forma de cerrar las brechas de conectividad; por igual se ha ido capacitando a los ciudadanos para que mejoren, y desarrollen, sus habilidades digitales para que sean part\u00edcipes de la econom\u00eda digital. Freund destac\u00f3 que el cierre de esa brecha digital permite que la administraci\u00f3n p\u00fablica utilice la tecnolog\u00eda para seguir moderniz\u00e1ndose y lograr que los servicios ofrecidos desde el Estado sean \u201cm\u00e1s eficientes, \u00e1giles y receptivos\u201d. \u201cA trav\u00e9s del Sistema Integrado de la Funci\u00f3n P\u00fablica (SISC) y las plataformas digitales de gesti\u00f3n del talento, estamos agilizando los procesos administrativos, optimizando la gesti\u00f3n de recursos humanos y mejorando las capacidades de la fuerza laboral p\u00fablica. Adem\u00e1s, la implementaci\u00f3n de programas de aprendizaje electr\u00f3nico y modelos de competencias, basados en inteligencia artificial, est\u00e1 facilitando la capacitaci\u00f3n continua y el desarrollo profesional de los servidores p\u00fablicos\u201d, asegur\u00f3 el funcionario. Agreg\u00f3 que&nbsp;esta transformaci\u00f3n que impulsa el Estado dominicano no solo se trata de mejorar la eficiencia, sino de construir una fuerza laboral p\u00fablica con habilidades digitales, capaz de brindar servicios de alta calidad a la ciudadan\u00eda. Desaf\u00edos pendientes Freund puntualiz\u00f3 que, a pesar de los avances, existen desaf\u00edos en algunas zonas rurales donde se requiere mayor inversi\u00f3n en conectividad y alfabetizaci\u00f3n digital. Adem\u00e1s, se\u00f1al\u00f3 que se debe seguir trabajando para garantizar la seguridad de los datos, tanto de la ciudadan\u00eda, como de las propias instituciones. \u201cA medida que evolucionan las ciber amenazas, la ciberseguridad, la privacidad digital y la protecci\u00f3n de datos deben seguir siendo una prioridad absoluta para salvaguardar la infraestructura digital p\u00fablica y privada. A medida que la tecnolog\u00eda avanza r\u00e1pidamente, nuestros marcos regulatorios y de gobernanza deben seguir el ritmo, apoyando la innovaci\u00f3n y garantizando al mismo tiempo la seguridad y la inclusi\u00f3n\u201d, expuso Freund. Otras actividades y reuniones bilaterales El ministro de Administraci\u00f3n P\u00fablica, durante su participaci\u00f3n en la Cumbre Digital Global realizada en Washington, tambi\u00e9n particip\u00f3 en el \u201cDebate interactivo sobre el desarrollo de talento y el cierre de la brecha de habilidades digitales en la regi\u00f3n\u201d, y del lanzamiento de la iniciativa \u00abVincula TIC\u201d, un programa regional de habilidades digitales. El funcionario fue parte de una reuni\u00f3n ministerial junto a otros pa\u00edses que tambi\u00e9n impulsan proyectos de digitalizaci\u00f3n con el apoyo del Banco Mundial, un encuentro En el que pudo intercambiar ideas claves para la transformaci\u00f3n digital. Tambi\u00e9n sostuvo una reuni\u00f3n con el equipo directivo del Banco Mundial que colabora con el Ministerio de Administraci\u00f3n P\u00fablica (MAP) en el proyecto de modernizaci\u00f3n y reforma para intercambiar experiencias que permitan seguir avanzando en la transformaci\u00f3n y digitalizaci\u00f3n de la administraci\u00f3n p\u00fablica en Rep\u00fablica Dominicana. Como parte de su agenda, el ministro Freund se reuni\u00f3 con la embajadora dominicana en EE.UU., Sonia Guzm\u00e1n y la embajadora de la Misi\u00f3n Permanente ante la OEA, Mayerlyn Cordero, a quienes dio detalles&nbsp;de la transformaci\u00f3n digital que se impulsa en la administraci\u00f3n p\u00fablica y el rol de la Rep\u00fablica Dominicana en la agenda regional de modernizaci\u00f3n a nivel de Estados. La Cumbre Digital Global La segunda edici\u00f3n de la Cumbre Digital Global, que reuni\u00f3 representantes de diferentes pa\u00edses tanto del sector p\u00fablico como privado, tuvo como tema principal la creaci\u00f3n de \u201ccaminos digitales\u201d para que la tecnolog\u00eda este al \u201calcance de todos\u201d.<\/p>\n","protected":false},"author":3,"featured_media":0,"comment_status":"open","ping_status":"open","sticky":false,"template":"","format":"standard","meta":{"om_disable_all_campaigns":false,"footnotes":""},"categories":[56],"tags":[],"class_list":["post-135842","post","type-post","status-publish","format-standard","hentry","category-economia"],"_links":{"self":[{"href":"https:\/\/conexiondigital.com.do\/index.php\/wp-json\/wp\/v2\/posts\/135842","targetHints":{"allow":["GET"]}}],"collection":[{"href":"https:\/\/conexiondigital.com.do\/index.php\/wp-json\/wp\/v2\/posts"}],"about":[{"href":"https:\/\/conexiondigital.com.do\/index.php\/wp-json\/wp\/v2\/types\/post"}],"author":[{"embeddable":true,"href":"https:\/\/conexiondigital.com.do\/index.php\/wp-json\/wp\/v2\/users\/3"}],"replies":[{"embeddable":true,"href":"https:\/\/conexiondigital.com.do\/index.php\/wp-json\/wp\/v2\/comments?post=135842"}],"version-history":[{"count":1,"href":"https:\/\/conexiondigital.com.do\/index.php\/wp-json\/wp\/v2\/posts\/135842\/revisions"}],"predecessor-version":[{"id":135844,"href":"https:\/\/conexiondigital.com.do\/index.php\/wp-json\/wp\/v2\/posts\/135842\/revisions\/135844"}],"wp:attachment":[{"href":"https:\/\/conexiondigital.com.do\/index.php\/wp-json\/wp\/v2\/media?parent=135842"}],"wp:term":[{"taxonomy":"category","embeddable":true,"href":"https:\/\/conexiondigital.com.do\/index.php\/wp-json\/wp\/v2\/categories?post=135842"},{"taxonomy":"post_tag","embeddable":true,"href":"https:\/\/conexiondigital.com.do\/index.php\/wp-json\/wp\/v2\/tags?post=135842"}],"curies":[{"name":"wp","href":"https:\/\/api.w.org\/{rel}","templated":true}]}}