{"id":135905,"date":"2025-03-25T21:59:24","date_gmt":"2025-03-26T01:59:24","guid":{"rendered":"https:\/\/conexiondigital.com.do\/?p=135905"},"modified":"2025-03-25T21:59:26","modified_gmt":"2025-03-26T01:59:26","slug":"pro-consumidor-y-ceccom-anuncian-operativo-semana-santa-2025-para-evitar-venta-bebidas-alcoholicas-adulteradas","status":"publish","type":"post","link":"https:\/\/conexiondigital.com.do\/index.php\/2025\/03\/25\/pro-consumidor-y-ceccom-anuncian-operativo-semana-santa-2025-para-evitar-venta-bebidas-alcoholicas-adulteradas\/","title":{"rendered":"Pro Consumidor y CECCOM anuncian operativo Semana Santa 2025 para evitar venta bebidas alcoh\u00f3licas adulteradas"},"content":{"rendered":"\n<figure class=\"wp-block-image size-large\"><img decoding=\"async\" src=\"https:\/\/images.conexiondigital.com.do\/wp-content\/uploads\/2025\/03\/thumbnail_Foto-1-Director-ejecutivo-de-Pro-Consumidor-Eddy-Alcantara-junto-al-director-del-CECCOM-General-de-Brigada-Cesar-Miranda-Manon-ERD-1024x683.jpg\" alt=\"\" class=\"wp-image-135906\"\/><\/figure>\n\n\n\n<p><strong>SANTO DOMINGO. &#8211;<\/strong>&nbsp;El Instituto Nacional de Protecci\u00f3n de los Derechos del Consumidor (Pro Consumidor) y el Cuerpo Especializado de Control de Combustibles y Comercio de Mercanc\u00edas (CECCOM) pondr\u00e1n en marcha un operativo especial de Semana Santa de 2025 para prevenir la venta de productos y bebidas alcoh\u00f3licas en condiciones irregulares \u201cy reducir as\u00ed el riesgo de afectaciones a la salud de los consumidores\u201d.<\/p>\n\n\n\n<p>As\u00ed lo informaron el director de Pro Consumidor, Eddy Alc\u00e1ntara, y el director general del CECCOM, General de Brigada C\u00e9sar Miranda Ma\u00f1\u00f3n, ERD, al finalizar una reuni\u00f3n de coordinaci\u00f3n del operativo que abarcar\u00e1 toda la geograf\u00eda nacional.<\/p>\n\n\n\n<p>Explicaron que este operativo se realizar\u00e1 con el respaldo del Ministerio de Industria, Comercio y Mipymes (MICM) y el Ministerio de Defensa (MIDE).<\/p>\n\n\n\n<p>Dijeron que durante el operativo se llevar\u00e1n a cabo visitas a comercios en todo el pa\u00eds para concientizar y prevenir la comercializaci\u00f3n de productos regulados en condiciones irregulares durante el asueto de la Semana Mayor.<\/p>\n\n\n\n<p>Los titulares de Pro Consumidor y CECCOM detallaron que estas instituciones han demostrado resultados satisfactorios en operativos anteriores, logrando reducir la incidencia de intoxicaciones por ingesta de bebidas alcoh\u00f3licas adulteradas.<\/p>\n\n\n\n<p>Explicaron, adem\u00e1s, que estas acciones forman parte de un esfuerzo conjunto para proteger la salud y seguridad de los ciudadanos, fortalecer el comercio legal y combatir la evasi\u00f3n de impuestos.<\/p>\n\n\n\n<p>Manifestaron su compromiso de erradicar esta mala pr\u00e1ctica que pone en riesgo la vida de los consumidores y afecta negativamente la econom\u00eda del pa\u00eds.<\/p>\n","protected":false},"excerpt":{"rendered":"<p>SANTO DOMINGO. &#8211;&nbsp;El Instituto Nacional de Protecci\u00f3n de los Derechos del Consumidor (Pro Consumidor) y el Cuerpo Especializado de Control de Combustibles y Comercio de Mercanc\u00edas (CECCOM) pondr\u00e1n en marcha un operativo especial de Semana Santa de 2025 para prevenir la venta de productos y bebidas alcoh\u00f3licas en condiciones irregulares \u201cy reducir as\u00ed el riesgo de afectaciones a la salud de los consumidores\u201d. As\u00ed lo informaron el director de Pro Consumidor, Eddy Alc\u00e1ntara, y el director general del CECCOM, General de Brigada C\u00e9sar Miranda Ma\u00f1\u00f3n, ERD, al finalizar una reuni\u00f3n de coordinaci\u00f3n del operativo que abarcar\u00e1 toda la geograf\u00eda nacional. Explicaron que este operativo se realizar\u00e1 con el respaldo del Ministerio de Industria, Comercio y Mipymes (MICM) y el Ministerio de Defensa (MIDE). Dijeron que durante el operativo se llevar\u00e1n a cabo visitas a comercios en todo el pa\u00eds para concientizar y prevenir la comercializaci\u00f3n de productos regulados en condiciones irregulares durante el asueto de la Semana Mayor. Los titulares de Pro Consumidor y CECCOM detallaron que estas instituciones han demostrado resultados satisfactorios en operativos anteriores, logrando reducir la incidencia de intoxicaciones por ingesta de bebidas alcoh\u00f3licas adulteradas. Explicaron, adem\u00e1s, que estas acciones forman parte de un esfuerzo conjunto para proteger la salud y seguridad de los ciudadanos, fortalecer el comercio legal y combatir la evasi\u00f3n de impuestos. Manifestaron su compromiso de erradicar esta mala pr\u00e1ctica que pone en riesgo la vida de los consumidores y afecta negativamente la econom\u00eda del pa\u00eds.<\/p>\n","protected":false},"author":6,"featured_media":0,"comment_status":"open","ping_status":"open","sticky":false,"template":"","format":"standard","meta":{"om_disable_all_campaigns":false,"footnotes":""},"categories":[56],"tags":[],"class_list":["post-135905","post","type-post","status-publish","format-standard","hentry","category-economia"],"_links":{"self":[{"href":"https:\/\/conexiondigital.com.do\/index.php\/wp-json\/wp\/v2\/posts\/135905","targetHints":{"allow":["GET"]}}],"collection":[{"href":"https:\/\/conexiondigital.com.do\/index.php\/wp-json\/wp\/v2\/posts"}],"about":[{"href":"https:\/\/conexiondigital.com.do\/index.php\/wp-json\/wp\/v2\/types\/post"}],"author":[{"embeddable":true,"href":"https:\/\/conexiondigital.com.do\/index.php\/wp-json\/wp\/v2\/users\/6"}],"replies":[{"embeddable":true,"href":"https:\/\/conexiondigital.com.do\/index.php\/wp-json\/wp\/v2\/comments?post=135905"}],"version-history":[{"count":1,"href":"https:\/\/conexiondigital.com.do\/index.php\/wp-json\/wp\/v2\/posts\/135905\/revisions"}],"predecessor-version":[{"id":135907,"href":"https:\/\/conexiondigital.com.do\/index.php\/wp-json\/wp\/v2\/posts\/135905\/revisions\/135907"}],"wp:attachment":[{"href":"https:\/\/conexiondigital.com.do\/index.php\/wp-json\/wp\/v2\/media?parent=135905"}],"wp:term":[{"taxonomy":"category","embeddable":true,"href":"https:\/\/conexiondigital.com.do\/index.php\/wp-json\/wp\/v2\/categories?post=135905"},{"taxonomy":"post_tag","embeddable":true,"href":"https:\/\/conexiondigital.com.do\/index.php\/wp-json\/wp\/v2\/tags?post=135905"}],"curies":[{"name":"wp","href":"https:\/\/api.w.org\/{rel}","templated":true}]}}