{"id":136042,"date":"2025-04-02T18:51:57","date_gmt":"2025-04-02T22:51:57","guid":{"rendered":"https:\/\/conexiondigital.com.do\/?p=136042"},"modified":"2025-04-02T18:53:15","modified_gmt":"2025-04-02T22:53:15","slug":"formalizacion-laboral-en-iberoamerica-sera-discutida-en-un-foro-el-3-y-4-de-abril-en-rd","status":"publish","type":"post","link":"https:\/\/conexiondigital.com.do\/index.php\/2025\/04\/02\/formalizacion-laboral-en-iberoamerica-sera-discutida-en-un-foro-el-3-y-4-de-abril-en-rd\/","title":{"rendered":"Formalizaci\u00f3n laboral en Iberoam\u00e9rica ser\u00e1 discutida en un Foro el 3 y 4 de abril en RD"},"content":{"rendered":"\n<figure class=\"wp-block-image size-full is-resized\"><img decoding=\"async\" src=\"https:\/\/images.conexiondigital.com.do\/wp-content\/uploads\/2025\/04\/thumbnail_WhatsApp-Image-2025-04-02-at-12.13.16-PM.jpg\" alt=\"\" class=\"wp-image-136043\" style=\"width:840px;height:auto\" \/><\/figure>\n\n\n\n<p><strong>Santo Domingo.-&nbsp;<\/strong>La Organizaci\u00f3n Iberoamericana de Seguridad Social (OISS) celebrar\u00e1 un Foro sobre formalizaci\u00f3n laboral donde analizar\u00e1n las barreras y oportunidades en la transici\u00f3n del trabajo informal al formal.<\/p>\n\n\n\n<p>La actividad ser\u00e1 encabezada por el Ministro de Trabajo de la Rep\u00fablica Dominicana Eddy Olivares, quien adem\u00e1s, es el presidente de la OISS, organizaci\u00f3n que tiene m\u00e1s de 70 a\u00f1os de fundada y que trabaja por el fortalecimiento de la Seguridad Social en la Regi\u00f3n.<\/p>\n\n\n\n<p>Con este Foro&nbsp; el Ministerio de Trabajo y la OISS procuran un debate enriquecedor que contribuya a la construcci\u00f3n de un mercado laboral m\u00e1s equitativo y sostenible en Iberoam\u00e9rica.<\/p>\n\n\n\n<p>La actividad se desarrollar\u00e1 los d\u00edas jueves 3 y viernes 4 de abril en Santo Domingo y estar\u00e1 coordinada por la secretaria general de la OISS, Gina Magnolia Ria\u00f1o Bar\u00f3n.<\/p>\n\n\n\n<p>Durante el foro, el ministro de Trabajo expondr\u00e1 la situaci\u00f3n de la informalidad en la Rep\u00fablica Dominicana, se\u00f1alando los sectores m\u00e1s afectados y las estrategias implementadas desde el Gobierno para reducirla.<\/p>\n\n\n\n<p>Entre las principales iniciativas destacan la simplificaci\u00f3n de tr\u00e1mites para la formalizaci\u00f3n, y la ampliaci\u00f3n de la cobertura de la Tesorer\u00eda de la Seguridad Social (TSS) para trabajadores independientes y de sectores informales. Asimismo, la identificaci\u00f3n y puesta en com\u00fan de medidas exitosas que reduzcan la informalidad laboral.<\/p>\n\n\n\n<p>Se presentar\u00e1n experiencias internacionales exitosas en la lucha reducci\u00f3n de la informalidad laboral y mecanismos innovadores para garantizar la inclusi\u00f3n de trabajadores en sistemas de seguridad social. En ese sentido, se recomendar\u00e1n pol\u00edticas p\u00fablicas efectivas que conduzcan a la formalizaci\u00f3n laboral.<\/p>\n\n\n\n<p>Este III foro abordar\u00e1 estrategias para mejorar el conocimiento sobre la informalidad laboral y los retos que supone para los sistemas de seguridad social.<\/p>\n\n\n\n<p>Uno de los aspectos centrales del evento ser\u00e1 la incorporaci\u00f3n de la perspectiva de g\u00e9nero y multiculturalidad en las pol\u00edticas de formalizaci\u00f3n.<\/p>\n\n\n\n<p>Entre las personalidades que asistir\u00e1n a dicho foro est\u00e1n Gina Magnolia Ria\u00f1o Bar\u00f3n, secretaria general de la OISS, Elma Saiz, ministra de Inclusi\u00f3n, Seguridad Social y Migraciones, de Espa\u00f1a; Juan Carlos Cortes, magistrado del Tribunal Constitucional de Colombia; Sandra Pettovello, ministra de Capital Humano de Argentina; Ivonne N\u00fa\u00f1ez, ministra de Trabajo del Ecuador; Jacqueline Mu\u00f1oz, ministra de Trabajo y Desarrollo Social de Panam\u00e1; entre otros.<\/p>\n\n\n\n<p>La Organizaci\u00f3n Iberoamericana de Seguridad Social es un organismo intergubernamental que promueve el bienestar econ\u00f3mico y social de los pa\u00edses que integran la Comunidad Iberoamericana.<\/p>\n\n\n\n<p>Est\u00e1 conformada por Argentina, Bolivia, Brasil, Chile, Colombia, Costa Rica, Cuba, Ecuador, El Salvador, Espa\u00f1a, Honduras, M\u00e9xico, Nicaragua, Panam\u00e1, Paraguay, Per\u00fa, Portugal, Rep\u00fablica Dominicana, Uruguay y Venezuela.<\/p>\n\n\n\n<p>El ministro de Trabajo de la Rep\u00fablica Dominicana, ostenta la Presidencia de la OISS desde el a\u00f1o 2021.<\/p>\n","protected":false},"excerpt":{"rendered":"<p>Santo Domingo.-&nbsp;La Organizaci\u00f3n Iberoamericana de Seguridad Social (OISS) celebrar\u00e1 un Foro sobre formalizaci\u00f3n laboral donde analizar\u00e1n las barreras y oportunidades en la transici\u00f3n del trabajo informal al formal. La actividad ser\u00e1 encabezada por el Ministro de Trabajo de la Rep\u00fablica Dominicana Eddy Olivares, quien adem\u00e1s, es el presidente de la OISS, organizaci\u00f3n que tiene m\u00e1s de 70 a\u00f1os de fundada y que trabaja por el fortalecimiento de la Seguridad Social en la Regi\u00f3n. Con este Foro&nbsp; el Ministerio de Trabajo y la OISS procuran un debate enriquecedor que contribuya a la construcci\u00f3n de un mercado laboral m\u00e1s equitativo y sostenible en Iberoam\u00e9rica. La actividad se desarrollar\u00e1 los d\u00edas jueves 3 y viernes 4 de abril en Santo Domingo y estar\u00e1 coordinada por la secretaria general de la OISS, Gina Magnolia Ria\u00f1o Bar\u00f3n. Durante el foro, el ministro de Trabajo expondr\u00e1 la situaci\u00f3n de la informalidad en la Rep\u00fablica Dominicana, se\u00f1alando los sectores m\u00e1s afectados y las estrategias implementadas desde el Gobierno para reducirla. Entre las principales iniciativas destacan la simplificaci\u00f3n de tr\u00e1mites para la formalizaci\u00f3n, y la ampliaci\u00f3n de la cobertura de la Tesorer\u00eda de la Seguridad Social (TSS) para trabajadores independientes y de sectores informales. Asimismo, la identificaci\u00f3n y puesta en com\u00fan de medidas exitosas que reduzcan la informalidad laboral. Se presentar\u00e1n experiencias internacionales exitosas en la lucha reducci\u00f3n de la informalidad laboral y mecanismos innovadores para garantizar la inclusi\u00f3n de trabajadores en sistemas de seguridad social. En ese sentido, se recomendar\u00e1n pol\u00edticas p\u00fablicas efectivas que conduzcan a la formalizaci\u00f3n laboral. Este III foro abordar\u00e1 estrategias para mejorar el conocimiento sobre la informalidad laboral y los retos que supone para los sistemas de seguridad social. Uno de los aspectos centrales del evento ser\u00e1 la incorporaci\u00f3n de la perspectiva de g\u00e9nero y multiculturalidad en las pol\u00edticas de formalizaci\u00f3n. Entre las personalidades que asistir\u00e1n a dicho foro est\u00e1n Gina Magnolia Ria\u00f1o Bar\u00f3n, secretaria general de la OISS, Elma Saiz, ministra de Inclusi\u00f3n, Seguridad Social y Migraciones, de Espa\u00f1a; Juan Carlos Cortes, magistrado del Tribunal Constitucional de Colombia; Sandra Pettovello, ministra de Capital Humano de Argentina; Ivonne N\u00fa\u00f1ez, ministra de Trabajo del Ecuador; Jacqueline Mu\u00f1oz, ministra de Trabajo y Desarrollo Social de Panam\u00e1; entre otros. La Organizaci\u00f3n Iberoamericana de Seguridad Social es un organismo intergubernamental que promueve el bienestar econ\u00f3mico y social de los pa\u00edses que integran la Comunidad Iberoamericana. Est\u00e1 conformada por Argentina, Bolivia, Brasil, Chile, Colombia, Costa Rica, Cuba, Ecuador, El Salvador, Espa\u00f1a, Honduras, M\u00e9xico, Nicaragua, Panam\u00e1, Paraguay, Per\u00fa, Portugal, Rep\u00fablica Dominicana, Uruguay y Venezuela. El ministro de Trabajo de la Rep\u00fablica Dominicana, ostenta la Presidencia de la OISS desde el a\u00f1o 2021.<\/p>\n","protected":false},"author":3,"featured_media":0,"comment_status":"open","ping_status":"open","sticky":false,"template":"","format":"standard","meta":{"om_disable_all_campaigns":false,"footnotes":""},"categories":[56],"tags":[],"class_list":["post-136042","post","type-post","status-publish","format-standard","hentry","category-economia"],"_links":{"self":[{"href":"https:\/\/conexiondigital.com.do\/index.php\/wp-json\/wp\/v2\/posts\/136042","targetHints":{"allow":["GET"]}}],"collection":[{"href":"https:\/\/conexiondigital.com.do\/index.php\/wp-json\/wp\/v2\/posts"}],"about":[{"href":"https:\/\/conexiondigital.com.do\/index.php\/wp-json\/wp\/v2\/types\/post"}],"author":[{"embeddable":true,"href":"https:\/\/conexiondigital.com.do\/index.php\/wp-json\/wp\/v2\/users\/3"}],"replies":[{"embeddable":true,"href":"https:\/\/conexiondigital.com.do\/index.php\/wp-json\/wp\/v2\/comments?post=136042"}],"version-history":[{"count":2,"href":"https:\/\/conexiondigital.com.do\/index.php\/wp-json\/wp\/v2\/posts\/136042\/revisions"}],"predecessor-version":[{"id":136045,"href":"https:\/\/conexiondigital.com.do\/index.php\/wp-json\/wp\/v2\/posts\/136042\/revisions\/136045"}],"wp:attachment":[{"href":"https:\/\/conexiondigital.com.do\/index.php\/wp-json\/wp\/v2\/media?parent=136042"}],"wp:term":[{"taxonomy":"category","embeddable":true,"href":"https:\/\/conexiondigital.com.do\/index.php\/wp-json\/wp\/v2\/categories?post=136042"},{"taxonomy":"post_tag","embeddable":true,"href":"https:\/\/conexiondigital.com.do\/index.php\/wp-json\/wp\/v2\/tags?post=136042"}],"curies":[{"name":"wp","href":"https:\/\/api.w.org\/{rel}","templated":true}]}}