{"id":136103,"date":"2025-04-02T20:49:53","date_gmt":"2025-04-03T00:49:53","guid":{"rendered":"https:\/\/conexiondigital.com.do\/?p=136103"},"modified":"2025-04-02T20:49:54","modified_gmt":"2025-04-03T00:49:54","slug":"gobierno-asiste-familias-afectadas-por-voraz-incendio-en-los-platanitos-de-santiago","status":"publish","type":"post","link":"https:\/\/conexiondigital.com.do\/index.php\/2025\/04\/02\/gobierno-asiste-familias-afectadas-por-voraz-incendio-en-los-platanitos-de-santiago\/","title":{"rendered":"Gobierno asiste familias afectadas por voraz incendio en Los Platanitos de Santiago"},"content":{"rendered":"\n<figure class=\"wp-block-image size-full is-resized\"><img decoding=\"async\" src=\"https:\/\/images.conexiondigital.com.do\/wp-content\/uploads\/2025\/04\/Gobierno-asiste-familias-afectadas-por-voraz-incendio-en-Los-Platanitos-de-Santiago-Foto-Fuente-Externa-768x512-1.jpg\" alt=\"\" class=\"wp-image-136104\" style=\"width:840px;height:auto\"\/><\/figure>\n\n\n\n<p><strong>Robert Polanco, director de Propeep; y Rosa Santos, Gobernadora provincial, encabezan acto de entrega de enseres del hogar a familias afectadas<\/strong><\/p>\n\n\n\n<p>Los Platanitos, Santiago -La Direcci\u00f3n de Proyectos Estrat\u00e9gicos y Especiales de la Presidencia (Propeep) entreg\u00f3 este mi\u00e9rcoles enseres del hogar a familias del sector Los Platanitos, en Santiago, afectadas por un voraz incendio que les dej\u00f3 sin sus ajuares.<\/p>\n\n\n\n<p>El director de Propeep, Robert Polanco, dijo que tan pronto el presidente Luis Abinader supo de esa tragedia le dio instrucciones para que, junto a la gobernadora provincial, fuera a socorrer a los afectados.<\/p>\n\n\n\n<p>\u00abEso solo lo hace un presidente sensible, un presidente que tiene su coraz\u00f3n con los m\u00e1s necesitados y que busca resolver los problemas que aquejan a las familias dominicanas\u00bb, expres\u00f3 Polanco.<\/p>\n\n\n\n<p>El funcionario dijo que el mandatario Luis Abinader ha estado muy enfocado en las situaciones de dificultad que enfrentan muchas familias dominicanas, d\u00e1ndole apoyo econ\u00f3mico, emocional y de acompa\u00f1amiento, sin importar lo que le suceda.<\/p>\n\n\n\n<p>Polanco manifest\u00f3 que eso muestra que el presiente es un hombre humano, cercano y sensible a las necesidades de la gente.<\/p>\n\n\n\n<p>Expres\u00f3 que pasado 19 de marzo unas 13 familias quedaron sin sus ajuares, luego que un voraz incendio afectara sus viviendas, pero gracias a la intervenci\u00f3n del Gobierno ya vuelven a tener todos los enseres que perdieron.<\/p>\n\n\n\n<p>Pensando en la dignidad de la gente<\/p>\n\n\n\n<p>De su lado, la gobernadora Rosa Santos dijo que como es costumbre del presente gobierno, todos los enseres est\u00e1n en su caja y son de primera calidad, porque el presidente y los funcionarios tienen por norma brindar calidad a las personas afectadas por cualquier siniestro y que siempre estan pensando en la dignidad de las personas.<\/p>\n\n\n\n<p>En el acto, tambi\u00e9n estuvieron presentes, Francisco Arias, director de la Defensa Civil en Santiago; regidores; Jos\u00e9 Popa, representante de Propeep, presidentes de juntas de vecinos y l\u00edderes comunitarios, entre otros.<\/p>\n\n\n\n<p>Enseres entregados<\/p>\n\n\n\n<p>Las familias recibieron estufas de horno, tanque de gas, lavadora, nevera, cama, mosquiteros, abanicos, s\u00e1bana y raciones alimenticias, entre otros.<\/p>\n\n\n\n<p>Los beneficiarios<\/p>\n\n\n\n<p>Entre los beneficiarios est\u00e1n Elisabeth Toribio, Angelina Sarita Dur\u00e1n , Joel Reyes, Ger\u00f3nimo Cabrera, Cindy Maria J\u00e1quez, Mar\u00eda Isabel Martinez, Am\u00e9rico William Valerio, Esteban Villam\u00e1n, Daniel de Jes\u00fas D\u00edaz, Jos\u00e9 Antonio Guti\u00e9rrez, Mar\u00eda Celena N\u00fa\u00f1ez , Ana Griselda V\u00e1zquez y Claudia Almengo Almonte.<\/p>\n\n\n\n<p>En nombre de las familias, Daniel D\u00edaz agradeci\u00f3 al presidente Abinader y a la gobernadora que hizo la gesti\u00f3n para que hoy Propeep les lleve esas ayudas.<\/p>\n","protected":false},"excerpt":{"rendered":"<p>Robert Polanco, director de Propeep; y Rosa Santos, Gobernadora provincial, encabezan acto de entrega de enseres del hogar a familias afectadas Los Platanitos, Santiago -La Direcci\u00f3n de Proyectos Estrat\u00e9gicos y Especiales de la Presidencia (Propeep) entreg\u00f3 este mi\u00e9rcoles enseres del hogar a familias del sector Los Platanitos, en Santiago, afectadas por un voraz incendio que les dej\u00f3 sin sus ajuares. El director de Propeep, Robert Polanco, dijo que tan pronto el presidente Luis Abinader supo de esa tragedia le dio instrucciones para que, junto a la gobernadora provincial, fuera a socorrer a los afectados. \u00abEso solo lo hace un presidente sensible, un presidente que tiene su coraz\u00f3n con los m\u00e1s necesitados y que busca resolver los problemas que aquejan a las familias dominicanas\u00bb, expres\u00f3 Polanco. El funcionario dijo que el mandatario Luis Abinader ha estado muy enfocado en las situaciones de dificultad que enfrentan muchas familias dominicanas, d\u00e1ndole apoyo econ\u00f3mico, emocional y de acompa\u00f1amiento, sin importar lo que le suceda. Polanco manifest\u00f3 que eso muestra que el presiente es un hombre humano, cercano y sensible a las necesidades de la gente. Expres\u00f3 que pasado 19 de marzo unas 13 familias quedaron sin sus ajuares, luego que un voraz incendio afectara sus viviendas, pero gracias a la intervenci\u00f3n del Gobierno ya vuelven a tener todos los enseres que perdieron. Pensando en la dignidad de la gente De su lado, la gobernadora Rosa Santos dijo que como es costumbre del presente gobierno, todos los enseres est\u00e1n en su caja y son de primera calidad, porque el presidente y los funcionarios tienen por norma brindar calidad a las personas afectadas por cualquier siniestro y que siempre estan pensando en la dignidad de las personas. En el acto, tambi\u00e9n estuvieron presentes, Francisco Arias, director de la Defensa Civil en Santiago; regidores; Jos\u00e9 Popa, representante de Propeep, presidentes de juntas de vecinos y l\u00edderes comunitarios, entre otros. Enseres entregados Las familias recibieron estufas de horno, tanque de gas, lavadora, nevera, cama, mosquiteros, abanicos, s\u00e1bana y raciones alimenticias, entre otros. Los beneficiarios Entre los beneficiarios est\u00e1n Elisabeth Toribio, Angelina Sarita Dur\u00e1n , Joel Reyes, Ger\u00f3nimo Cabrera, Cindy Maria J\u00e1quez, Mar\u00eda Isabel Martinez, Am\u00e9rico William Valerio, Esteban Villam\u00e1n, Daniel de Jes\u00fas D\u00edaz, Jos\u00e9 Antonio Guti\u00e9rrez, Mar\u00eda Celena N\u00fa\u00f1ez , Ana Griselda V\u00e1zquez y Claudia Almengo Almonte. En nombre de las familias, Daniel D\u00edaz agradeci\u00f3 al presidente Abinader y a la gobernadora que hizo la gesti\u00f3n para que hoy Propeep les lleve esas ayudas.<\/p>\n","protected":false},"author":6,"featured_media":0,"comment_status":"open","ping_status":"open","sticky":false,"template":"","format":"standard","meta":{"om_disable_all_campaigns":false,"footnotes":""},"categories":[15],"tags":[],"class_list":["post-136103","post","type-post","status-publish","format-standard","hentry","category-nacionales"],"_links":{"self":[{"href":"https:\/\/conexiondigital.com.do\/index.php\/wp-json\/wp\/v2\/posts\/136103","targetHints":{"allow":["GET"]}}],"collection":[{"href":"https:\/\/conexiondigital.com.do\/index.php\/wp-json\/wp\/v2\/posts"}],"about":[{"href":"https:\/\/conexiondigital.com.do\/index.php\/wp-json\/wp\/v2\/types\/post"}],"author":[{"embeddable":true,"href":"https:\/\/conexiondigital.com.do\/index.php\/wp-json\/wp\/v2\/users\/6"}],"replies":[{"embeddable":true,"href":"https:\/\/conexiondigital.com.do\/index.php\/wp-json\/wp\/v2\/comments?post=136103"}],"version-history":[{"count":1,"href":"https:\/\/conexiondigital.com.do\/index.php\/wp-json\/wp\/v2\/posts\/136103\/revisions"}],"predecessor-version":[{"id":136105,"href":"https:\/\/conexiondigital.com.do\/index.php\/wp-json\/wp\/v2\/posts\/136103\/revisions\/136105"}],"wp:attachment":[{"href":"https:\/\/conexiondigital.com.do\/index.php\/wp-json\/wp\/v2\/media?parent=136103"}],"wp:term":[{"taxonomy":"category","embeddable":true,"href":"https:\/\/conexiondigital.com.do\/index.php\/wp-json\/wp\/v2\/categories?post=136103"},{"taxonomy":"post_tag","embeddable":true,"href":"https:\/\/conexiondigital.com.do\/index.php\/wp-json\/wp\/v2\/tags?post=136103"}],"curies":[{"name":"wp","href":"https:\/\/api.w.org\/{rel}","templated":true}]}}