{"id":136139,"date":"2025-04-06T08:11:59","date_gmt":"2025-04-06T12:11:59","guid":{"rendered":"https:\/\/conexiondigital.com.do\/?p=136139"},"modified":"2025-04-06T08:12:00","modified_gmt":"2025-04-06T12:12:00","slug":"director-de-infotep-reconoce-la-valentia-y-compromiso-de-los-periodistas-en-su-dia","status":"publish","type":"post","link":"https:\/\/conexiondigital.com.do\/index.php\/2025\/04\/06\/director-de-infotep-reconoce-la-valentia-y-compromiso-de-los-periodistas-en-su-dia\/","title":{"rendered":"Director de INFOTEP reconoce la valent\u00eda y compromiso de los periodistas en su d\u00eda"},"content":{"rendered":"\n<figure class=\"wp-block-image size-large\"><img decoding=\"async\" src=\"https:\/\/images.conexiondigital.com.do\/wp-content\/uploads\/2025\/04\/2dd7acc3-f1ab-4790-8f0c-2c525c3ea006-1024x664.jpg\" alt=\"\" class=\"wp-image-136140\" \/><\/figure>\n\n\n\n<blockquote class=\"wp-block-quote is-layout-flow wp-block-quote-is-layout-flow\">\n<p><strong>\u201cLa valent\u00eda de un periodista se mide por su compromiso con la verdad y la firmeza de su pluma.\u201d, Rafael Santos Bad\u00eda.<\/strong><\/p>\n<\/blockquote>\n\n\n\n<p>Santo Domingo, RD. \u2013 En el marco del D\u00eda Nacional del Periodista, el director general del Instituto Nacional de Formaci\u00f3n T\u00e9cnico Profesional (INFOTEP), Rafael Santos Bad\u00eda, expres\u00f3 su m\u00e1s sincero reconocimiento a los periodistas dominicanos por su ardua labor en la defensa de la libertad, la democracia y la verdad.<\/p>\n\n\n\n<p>Santos Bad\u00eda destac\u00f3 que el ejercicio del periodismo implica sacrificios y riesgos, pues quienes lo ejercen con responsabilidad se enfrentan a desaf\u00edos constantes, exponiendo incluso sus vidas en la b\u00fasqueda de la verdad.<\/p>\n\n\n\n<p>\u201cLos periodistas se sacrifican, encuentran enemigos por defender la verdad, pero nunca han tenido miedo. Siempre han sido firmes en su misi\u00f3n y, de alguna manera, han protegido tambi\u00e9n a aquellos que, como luchadores de conciencia, nos hemos expuesto a represalias de mentes fanatizadas, soberbias y represivas\u201d, manifest\u00f3 el director del INFOTEP.<\/p>\n\n\n\n<p>Asimismo, resalt\u00f3 la gallard\u00eda con la que los periodistas ejercen su labor, a pesar de que muchas veces sus cr\u00edticas, aunque justas, generan incomodidad.<\/p>\n\n\n\n<p>\u201cEn esta profesi\u00f3n, se molestan aquellos a quienes no se critica y tambi\u00e9n quienes reciben cr\u00edticas. Pero cuando se hace el balance de una carrera period\u00edstica, lo que queda es la valent\u00eda con la que se ha defendido la verdad y la firmeza de la pluma con la que se ha ejercido la labor\u201d, agreg\u00f3.<\/p>\n\n\n\n<p>En este d\u00eda especial, el INFOTEP reconoce y celebra la vocaci\u00f3n de los comunicadores que d\u00eda a d\u00eda contribuyen a la construcci\u00f3n de una sociedad m\u00e1s informada y democr\u00e1tica, reafirmando su compromiso de seguir apoyando la formaci\u00f3n y capacitaci\u00f3n de los profesionales del periodismo en el pa\u00eds.<\/p>\n\n\n\n<p>D\u00eda del periodista<\/p>\n\n\n\n<p>El D\u00eda del Periodista en Rep\u00fablica Dominicana se celebra el 5 de abril en conmemoraci\u00f3n de dos acontecimientos importantes en la historia del periodismo del pa\u00eds: la fundaci\u00f3n de la primera Asociaci\u00f3n de Periodistas en 1920 y la publicaci\u00f3n del primer peri\u00f3dico dominicano, El Tel\u00e9grafo Constitucional, en 1821.<\/p>\n\n\n\n<p>Esta fecha resalta la crucial labor de los periodistas en la defensa de la libertad de expresi\u00f3n y en la promoci\u00f3n de la democracia. Adem\u00e1s, es una oportunidad para reconocer su contribuci\u00f3n al desarrollo social, pol\u00edtico y cultural del pa\u00eds, as\u00ed como para reflexionar sobre los desaf\u00edos y responsabilidades que enfrentan en su trabajo diario.<\/p>\n","protected":false},"excerpt":{"rendered":"<p>\u201cLa valent\u00eda de un periodista se mide por su compromiso con la verdad y la firmeza de su pluma.\u201d, Rafael Santos Bad\u00eda. Santo Domingo, RD. \u2013 En el marco del D\u00eda Nacional del Periodista, el director general del Instituto Nacional de Formaci\u00f3n T\u00e9cnico Profesional (INFOTEP), Rafael Santos Bad\u00eda, expres\u00f3 su m\u00e1s sincero reconocimiento a los periodistas dominicanos por su ardua labor en la defensa de la libertad, la democracia y la verdad. Santos Bad\u00eda destac\u00f3 que el ejercicio del periodismo implica sacrificios y riesgos, pues quienes lo ejercen con responsabilidad se enfrentan a desaf\u00edos constantes, exponiendo incluso sus vidas en la b\u00fasqueda de la verdad. \u201cLos periodistas se sacrifican, encuentran enemigos por defender la verdad, pero nunca han tenido miedo. Siempre han sido firmes en su misi\u00f3n y, de alguna manera, han protegido tambi\u00e9n a aquellos que, como luchadores de conciencia, nos hemos expuesto a represalias de mentes fanatizadas, soberbias y represivas\u201d, manifest\u00f3 el director del INFOTEP. Asimismo, resalt\u00f3 la gallard\u00eda con la que los periodistas ejercen su labor, a pesar de que muchas veces sus cr\u00edticas, aunque justas, generan incomodidad. \u201cEn esta profesi\u00f3n, se molestan aquellos a quienes no se critica y tambi\u00e9n quienes reciben cr\u00edticas. Pero cuando se hace el balance de una carrera period\u00edstica, lo que queda es la valent\u00eda con la que se ha defendido la verdad y la firmeza de la pluma con la que se ha ejercido la labor\u201d, agreg\u00f3. En este d\u00eda especial, el INFOTEP reconoce y celebra la vocaci\u00f3n de los comunicadores que d\u00eda a d\u00eda contribuyen a la construcci\u00f3n de una sociedad m\u00e1s informada y democr\u00e1tica, reafirmando su compromiso de seguir apoyando la formaci\u00f3n y capacitaci\u00f3n de los profesionales del periodismo en el pa\u00eds. D\u00eda del periodista El D\u00eda del Periodista en Rep\u00fablica Dominicana se celebra el 5 de abril en conmemoraci\u00f3n de dos acontecimientos importantes en la historia del periodismo del pa\u00eds: la fundaci\u00f3n de la primera Asociaci\u00f3n de Periodistas en 1920 y la publicaci\u00f3n del primer peri\u00f3dico dominicano, El Tel\u00e9grafo Constitucional, en 1821. Esta fecha resalta la crucial labor de los periodistas en la defensa de la libertad de expresi\u00f3n y en la promoci\u00f3n de la democracia. Adem\u00e1s, es una oportunidad para reconocer su contribuci\u00f3n al desarrollo social, pol\u00edtico y cultural del pa\u00eds, as\u00ed como para reflexionar sobre los desaf\u00edos y responsabilidades que enfrentan en su trabajo diario.<\/p>\n","protected":false},"author":3,"featured_media":0,"comment_status":"open","ping_status":"open","sticky":false,"template":"","format":"standard","meta":{"om_disable_all_campaigns":false,"footnotes":""},"categories":[15],"tags":[],"class_list":["post-136139","post","type-post","status-publish","format-standard","hentry","category-nacionales"],"_links":{"self":[{"href":"https:\/\/conexiondigital.com.do\/index.php\/wp-json\/wp\/v2\/posts\/136139","targetHints":{"allow":["GET"]}}],"collection":[{"href":"https:\/\/conexiondigital.com.do\/index.php\/wp-json\/wp\/v2\/posts"}],"about":[{"href":"https:\/\/conexiondigital.com.do\/index.php\/wp-json\/wp\/v2\/types\/post"}],"author":[{"embeddable":true,"href":"https:\/\/conexiondigital.com.do\/index.php\/wp-json\/wp\/v2\/users\/3"}],"replies":[{"embeddable":true,"href":"https:\/\/conexiondigital.com.do\/index.php\/wp-json\/wp\/v2\/comments?post=136139"}],"version-history":[{"count":1,"href":"https:\/\/conexiondigital.com.do\/index.php\/wp-json\/wp\/v2\/posts\/136139\/revisions"}],"predecessor-version":[{"id":136141,"href":"https:\/\/conexiondigital.com.do\/index.php\/wp-json\/wp\/v2\/posts\/136139\/revisions\/136141"}],"wp:attachment":[{"href":"https:\/\/conexiondigital.com.do\/index.php\/wp-json\/wp\/v2\/media?parent=136139"}],"wp:term":[{"taxonomy":"category","embeddable":true,"href":"https:\/\/conexiondigital.com.do\/index.php\/wp-json\/wp\/v2\/categories?post=136139"},{"taxonomy":"post_tag","embeddable":true,"href":"https:\/\/conexiondigital.com.do\/index.php\/wp-json\/wp\/v2\/tags?post=136139"}],"curies":[{"name":"wp","href":"https:\/\/api.w.org\/{rel}","templated":true}]}}