{"id":136192,"date":"2025-04-08T21:57:25","date_gmt":"2025-04-09T01:57:25","guid":{"rendered":"https:\/\/conexiondigital.com.do\/?p=136192"},"modified":"2025-04-08T21:58:14","modified_gmt":"2025-04-09T01:58:14","slug":"ministerio-de-energia-y-minas-expresa-sus-condolencias-por-el-fallecimiento-de-la-gobernadora-de-montecristi-nelsy-cruz","status":"publish","type":"post","link":"https:\/\/conexiondigital.com.do\/index.php\/2025\/04\/08\/ministerio-de-energia-y-minas-expresa-sus-condolencias-por-el-fallecimiento-de-la-gobernadora-de-montecristi-nelsy-cruz\/","title":{"rendered":"Ministerio de Energ\u00eda y Minas expresa sus condolencias por el fallecimiento de la gobernadora de Montecristi, Nelsy Cruz"},"content":{"rendered":"\n<figure class=\"wp-block-image size-large\"><img decoding=\"async\" src=\"https:\/\/images.conexiondigital.com.do\/wp-content\/uploads\/2025\/04\/thumbnail_Joel-Santos-y-Nelsy-Cruz-durante-la-supervision-de-los-trabajos-de-construccion-del-Hospital-Municipal-de-Villa-Vasquez-1024x814.jpg\" alt=\"\" class=\"wp-image-136193\"\/><\/figure>\n\n\n\n<p><strong>El ministro Joel Santos defini\u00f3 a Nelsy Cruz como una mujer excepcional, entregada a su provincia y fiel colaboradora del Ministerio de Energ\u00eda y Minas: \u201cDeja una huella imborrable\u201d<\/strong><\/p>\n\n\n\n<p>SANTO DOMINGO.- El ministerio de Energ\u00eda y Minas expres\u00f3 sus condolencias por el fallecimiento de la gobernadora de Montecristi, Nelsy Cruz, la madrugada de este martes.<\/p>\n\n\n\n<p>Al referirse a la p\u00e9rdida de la funcionaria, el ministro Joel Santos manifest\u00f3 su consternaci\u00f3n por la tragedia, por la que tambi\u00e9n murieron otras personas. Santos record\u00f3 que apenas 12 horas antes del hecho estuvo reunido con Cruz y otras autoridades de dicha demarcaci\u00f3n, en la sede central del MEM, donde abordaron todos los temas de trabajo relacionados con el programa \u201cEl Gobierno en las Provincias\u201d, una iniciativa del gobierno central a favor de dicha demarcaci\u00f3n.<\/p>\n\n\n\n<p>\u201cDesde mis pasadas funciones como ministro de la Presidencia, hasta el mismo d\u00eda de ayer, pude ver de cerca a una gobernadora ideal: una mujer profundamente comprometida con su provincia, apasionada por su gente y dedicada incansablemente al bienestar de cada habitante\u201d, dijo el ministro.<\/p>\n\n\n\n<p>Santos record\u00f3 que \u201cla admiraci\u00f3n que Nelsy generaba entre los habitantes de Montecristi es un reflejo claro de la huella positiva que dej\u00f3 en su comunidad. Escuch\u00e9 a un comunitario referirse a ella como \u2018nuestra reina\u2019, un cari\u00f1oso reconocimiento que habla de su cercan\u00eda, su capacidad de liderazgo y el amor que siempre brind\u00f3 a su pueblo. Su dedicaci\u00f3n y entrega no solo fueron admiradas, sino tambi\u00e9n profundamente queridas por todos. Que gran ser humano, nuestra querida Nelsy\u201d.<\/p>\n\n\n\n<p>Resalt\u00f3 que, hasta el \u00faltimo d\u00eda de sus funciones en el Gobierno, Cruz se dedic\u00f3 a trabajar en favor de su provincia, dejando una huella imborrable. \u201cNelsy fue no solo una destacada funcionaria p\u00fablica, sino una persona excepcional, comprometida con su pueblo y siempre dispuesta a colaborar para el bienestar de todos\u201d, a\u00f1adi\u00f3.<\/p>\n\n\n\n<p>\u201c\u2018Se nota que eres hija de profesores\u2019, siempre le dec\u00eda, por su dedicaci\u00f3n al trabajo organizado. Su amistad siempre ser\u00e1 recordada con cari\u00f1o. Mis m\u00e1s sinceras condolencias a su hermano y amigo Nelson Cruz, a sus padres, a sus hijos, a la familia, amigos y a todo el pueblo de Montecristi. Que Dios les brinde consuelo en este momento tan doloroso\u201d, concluy\u00f3 el ministro.<\/p>\n\n\n\n<p>El pasado lunes, Santos revis\u00f3 junto a la gobernadora las respuestas a las principales necesidades de las comunidades de Montecristi, con el prop\u00f3sito de agilizar las acciones del programa del gobierno central \u00abEl Gobierno en las Provincias\u00bb.<\/p>\n\n\n\n<p>Adem\u00e1s, analizaron las informaciones que, de manera personal, el ministro recab\u00f3 durante su primera visita a Montecristi a finales de marzo pasado, y las peticiones externadas por los representantes de las comunidades, entre ellas la instalaci\u00f3n de 600 luminarias para el alumbrado p\u00fablico.<\/p>\n\n\n\n<p>Durante ese encuentro participaron, adem\u00e1s, la diputada de Montecristi, Johanny Mart\u00ednez; el alcalde del municipio Montecristi, Jes\u00fas Jerez, y el representante del Ministerio de Econom\u00eda, Planificaci\u00f3n y Desarrollo (Mepyd) de esa demarcaci\u00f3n, Samuel Ventura;<\/p>\n\n\n\n<p>Por el MEM, estuvieron el viceministro de Energ\u00eda, Alfonso Rodr\u00edguez, la directora de Gabinete, Carmen Minaya; el director de Electrificaci\u00f3n Rural y Suburbana, Pr\u00edamo Feliz; la directora de Comunicaciones, Rossanna Figueroa, entre otros.<\/p>\n","protected":false},"excerpt":{"rendered":"<p>El ministro Joel Santos defini\u00f3 a Nelsy Cruz como una mujer excepcional, entregada a su provincia y fiel colaboradora del Ministerio de Energ\u00eda y Minas: \u201cDeja una huella imborrable\u201d SANTO DOMINGO.- El ministerio de Energ\u00eda y Minas expres\u00f3 sus condolencias por el fallecimiento de la gobernadora de Montecristi, Nelsy Cruz, la madrugada de este martes. Al referirse a la p\u00e9rdida de la funcionaria, el ministro Joel Santos manifest\u00f3 su consternaci\u00f3n por la tragedia, por la que tambi\u00e9n murieron otras personas. Santos record\u00f3 que apenas 12 horas antes del hecho estuvo reunido con Cruz y otras autoridades de dicha demarcaci\u00f3n, en la sede central del MEM, donde abordaron todos los temas de trabajo relacionados con el programa \u201cEl Gobierno en las Provincias\u201d, una iniciativa del gobierno central a favor de dicha demarcaci\u00f3n. \u201cDesde mis pasadas funciones como ministro de la Presidencia, hasta el mismo d\u00eda de ayer, pude ver de cerca a una gobernadora ideal: una mujer profundamente comprometida con su provincia, apasionada por su gente y dedicada incansablemente al bienestar de cada habitante\u201d, dijo el ministro. Santos record\u00f3 que \u201cla admiraci\u00f3n que Nelsy generaba entre los habitantes de Montecristi es un reflejo claro de la huella positiva que dej\u00f3 en su comunidad. Escuch\u00e9 a un comunitario referirse a ella como \u2018nuestra reina\u2019, un cari\u00f1oso reconocimiento que habla de su cercan\u00eda, su capacidad de liderazgo y el amor que siempre brind\u00f3 a su pueblo. Su dedicaci\u00f3n y entrega no solo fueron admiradas, sino tambi\u00e9n profundamente queridas por todos. Que gran ser humano, nuestra querida Nelsy\u201d. Resalt\u00f3 que, hasta el \u00faltimo d\u00eda de sus funciones en el Gobierno, Cruz se dedic\u00f3 a trabajar en favor de su provincia, dejando una huella imborrable. \u201cNelsy fue no solo una destacada funcionaria p\u00fablica, sino una persona excepcional, comprometida con su pueblo y siempre dispuesta a colaborar para el bienestar de todos\u201d, a\u00f1adi\u00f3. \u201c\u2018Se nota que eres hija de profesores\u2019, siempre le dec\u00eda, por su dedicaci\u00f3n al trabajo organizado. Su amistad siempre ser\u00e1 recordada con cari\u00f1o. Mis m\u00e1s sinceras condolencias a su hermano y amigo Nelson Cruz, a sus padres, a sus hijos, a la familia, amigos y a todo el pueblo de Montecristi. Que Dios les brinde consuelo en este momento tan doloroso\u201d, concluy\u00f3 el ministro. El pasado lunes, Santos revis\u00f3 junto a la gobernadora las respuestas a las principales necesidades de las comunidades de Montecristi, con el prop\u00f3sito de agilizar las acciones del programa del gobierno central \u00abEl Gobierno en las Provincias\u00bb. Adem\u00e1s, analizaron las informaciones que, de manera personal, el ministro recab\u00f3 durante su primera visita a Montecristi a finales de marzo pasado, y las peticiones externadas por los representantes de las comunidades, entre ellas la instalaci\u00f3n de 600 luminarias para el alumbrado p\u00fablico. Durante ese encuentro participaron, adem\u00e1s, la diputada de Montecristi, Johanny Mart\u00ednez; el alcalde del municipio Montecristi, Jes\u00fas Jerez, y el representante del Ministerio de Econom\u00eda, Planificaci\u00f3n y Desarrollo (Mepyd) de esa demarcaci\u00f3n, Samuel Ventura; Por el MEM, estuvieron el viceministro de Energ\u00eda, Alfonso Rodr\u00edguez, la directora de Gabinete, Carmen Minaya; el director de Electrificaci\u00f3n Rural y Suburbana, Pr\u00edamo Feliz; la directora de Comunicaciones, Rossanna Figueroa, entre otros.<\/p>\n","protected":false},"author":6,"featured_media":0,"comment_status":"open","ping_status":"open","sticky":false,"template":"","format":"standard","meta":{"om_disable_all_campaigns":false,"footnotes":""},"categories":[15],"tags":[],"class_list":["post-136192","post","type-post","status-publish","format-standard","hentry","category-nacionales"],"_links":{"self":[{"href":"https:\/\/conexiondigital.com.do\/index.php\/wp-json\/wp\/v2\/posts\/136192","targetHints":{"allow":["GET"]}}],"collection":[{"href":"https:\/\/conexiondigital.com.do\/index.php\/wp-json\/wp\/v2\/posts"}],"about":[{"href":"https:\/\/conexiondigital.com.do\/index.php\/wp-json\/wp\/v2\/types\/post"}],"author":[{"embeddable":true,"href":"https:\/\/conexiondigital.com.do\/index.php\/wp-json\/wp\/v2\/users\/6"}],"replies":[{"embeddable":true,"href":"https:\/\/conexiondigital.com.do\/index.php\/wp-json\/wp\/v2\/comments?post=136192"}],"version-history":[{"count":2,"href":"https:\/\/conexiondigital.com.do\/index.php\/wp-json\/wp\/v2\/posts\/136192\/revisions"}],"predecessor-version":[{"id":136195,"href":"https:\/\/conexiondigital.com.do\/index.php\/wp-json\/wp\/v2\/posts\/136192\/revisions\/136195"}],"wp:attachment":[{"href":"https:\/\/conexiondigital.com.do\/index.php\/wp-json\/wp\/v2\/media?parent=136192"}],"wp:term":[{"taxonomy":"category","embeddable":true,"href":"https:\/\/conexiondigital.com.do\/index.php\/wp-json\/wp\/v2\/categories?post=136192"},{"taxonomy":"post_tag","embeddable":true,"href":"https:\/\/conexiondigital.com.do\/index.php\/wp-json\/wp\/v2\/tags?post=136192"}],"curies":[{"name":"wp","href":"https:\/\/api.w.org\/{rel}","templated":true}]}}