{"id":136264,"date":"2025-04-13T20:23:13","date_gmt":"2025-04-14T00:23:13","guid":{"rendered":"https:\/\/conexiondigital.com.do\/?p=136264"},"modified":"2025-04-13T20:23:38","modified_gmt":"2025-04-14T00:23:38","slug":"sns-informa-tres-pacientes-salieron-de-uci-cuatro-permanecen-en-pronostico-reservado-en-la-red-publica-tras-colapso-del-jet-set","status":"publish","type":"post","link":"https:\/\/conexiondigital.com.do\/index.php\/2025\/04\/13\/sns-informa-tres-pacientes-salieron-de-uci-cuatro-permanecen-en-pronostico-reservado-en-la-red-publica-tras-colapso-del-jet-set\/","title":{"rendered":"SNS informa tres pacientes salieron de UCI, cuatro permanecen en pron\u00f3stico reservado en la Red Publica tras colapso del Jet Set"},"content":{"rendered":"\n<figure class=\"wp-block-image size-full is-resized\"><img decoding=\"async\" src=\"https:\/\/images.conexiondigital.com.do\/wp-content\/uploads\/2025\/04\/SNSACTIVA.webp\" alt=\"\" class=\"wp-image-136265\" style=\"width:840px;height:auto\" \/><\/figure>\n\n\n\n<p><strong>Ma\u00f1ana egresan a paciente colombiana<\/strong><\/p>\n\n\n\n<p>Santo Domingo. \u2013 El Servicio Nacional de Salud inform\u00f3 que con el ingreso ayer de una ciudadana colombiana de 33 a\u00f1os que permanece estable en el Hospital Taiw\u00e1n de Azua y que ser\u00e1 egresada ma\u00f1ana, suman 15 los pacientes que contin\u00faan ingresados este domingo en hospitales de la Red P\u00fablica afectados por el derrumbe del Jet Set.<\/p>\n\n\n\n<p>En el Traumatol\u00f3gico Ney Arias Lora, permanecen ingresadas nueve personas, con edades entre 26 y 48 a\u00f1os; de los cuales dos est\u00e1n en pron\u00f3stico reservado y tres salieron este domingo de UCI, tras presentar mejor\u00eda.<\/p>\n\n\n\n<p>Mientras que en el tambi\u00e9n Traumatol\u00f3gico Dar\u00edo Contreras contin\u00faa ingresado en Cuidados Intensivos un masculino de 46 a\u00f1os, quien se encuentra estable dentro de su gravedad.<\/p>\n\n\n\n<p>En el Hospital Marcelino V\u00e9lez Santana permanecen ingresados dos pacientes masculinos, ambos estables, uno de 36 a\u00f1os de nacionalidad puertorrique\u00f1a y otro, dominicano de 40 a\u00f1os.<\/p>\n\n\n\n<p>El Hospital Salvador B. Gautier atiende en UCI a dos personas, una f\u00e9mina de 24 a\u00f1os con miembro inferior severamente lesionada, en pron\u00f3stico reservado y un masculino de 55 con traumatismo toraco abdominal cerrado, tambi\u00e9n en pron\u00f3stico reservado.<\/p>\n\n\n\n<p>El titular del Servicio Nacional de Salud asegur\u00f3 a los familiares de los pacientes afectados por el desplome del Jet Set ingresados en la red hospitalaria de diferentes pa\u00edses y a los ciudadanos que a nivel nacional e internacional dan seguimiento a su evoluci\u00f3n, que reciben todo los cuidados de parte de un equipo m\u00e9dico comprometido con su recuperaci\u00f3n.<\/p>\n","protected":false},"excerpt":{"rendered":"<p>Ma\u00f1ana egresan a paciente colombiana Santo Domingo. \u2013 El Servicio Nacional de Salud inform\u00f3 que con el ingreso ayer de una ciudadana colombiana de 33 a\u00f1os que permanece estable en el Hospital Taiw\u00e1n de Azua y que ser\u00e1 egresada ma\u00f1ana, suman 15 los pacientes que contin\u00faan ingresados este domingo en hospitales de la Red P\u00fablica afectados por el derrumbe del Jet Set. En el Traumatol\u00f3gico Ney Arias Lora, permanecen ingresadas nueve personas, con edades entre 26 y 48 a\u00f1os; de los cuales dos est\u00e1n en pron\u00f3stico reservado y tres salieron este domingo de UCI, tras presentar mejor\u00eda. Mientras que en el tambi\u00e9n Traumatol\u00f3gico Dar\u00edo Contreras contin\u00faa ingresado en Cuidados Intensivos un masculino de 46 a\u00f1os, quien se encuentra estable dentro de su gravedad. En el Hospital Marcelino V\u00e9lez Santana permanecen ingresados dos pacientes masculinos, ambos estables, uno de 36 a\u00f1os de nacionalidad puertorrique\u00f1a y otro, dominicano de 40 a\u00f1os. El Hospital Salvador B. Gautier atiende en UCI a dos personas, una f\u00e9mina de 24 a\u00f1os con miembro inferior severamente lesionada, en pron\u00f3stico reservado y un masculino de 55 con traumatismo toraco abdominal cerrado, tambi\u00e9n en pron\u00f3stico reservado. El titular del Servicio Nacional de Salud asegur\u00f3 a los familiares de los pacientes afectados por el desplome del Jet Set ingresados en la red hospitalaria de diferentes pa\u00edses y a los ciudadanos que a nivel nacional e internacional dan seguimiento a su evoluci\u00f3n, que reciben todo los cuidados de parte de un equipo m\u00e9dico comprometido con su recuperaci\u00f3n.<\/p>\n","protected":false},"author":3,"featured_media":0,"comment_status":"open","ping_status":"open","sticky":false,"template":"","format":"standard","meta":{"om_disable_all_campaigns":false,"footnotes":""},"categories":[23],"tags":[],"class_list":["post-136264","post","type-post","status-publish","format-standard","hentry","category-nature"],"_links":{"self":[{"href":"https:\/\/conexiondigital.com.do\/index.php\/wp-json\/wp\/v2\/posts\/136264","targetHints":{"allow":["GET"]}}],"collection":[{"href":"https:\/\/conexiondigital.com.do\/index.php\/wp-json\/wp\/v2\/posts"}],"about":[{"href":"https:\/\/conexiondigital.com.do\/index.php\/wp-json\/wp\/v2\/types\/post"}],"author":[{"embeddable":true,"href":"https:\/\/conexiondigital.com.do\/index.php\/wp-json\/wp\/v2\/users\/3"}],"replies":[{"embeddable":true,"href":"https:\/\/conexiondigital.com.do\/index.php\/wp-json\/wp\/v2\/comments?post=136264"}],"version-history":[{"count":2,"href":"https:\/\/conexiondigital.com.do\/index.php\/wp-json\/wp\/v2\/posts\/136264\/revisions"}],"predecessor-version":[{"id":136267,"href":"https:\/\/conexiondigital.com.do\/index.php\/wp-json\/wp\/v2\/posts\/136264\/revisions\/136267"}],"wp:attachment":[{"href":"https:\/\/conexiondigital.com.do\/index.php\/wp-json\/wp\/v2\/media?parent=136264"}],"wp:term":[{"taxonomy":"category","embeddable":true,"href":"https:\/\/conexiondigital.com.do\/index.php\/wp-json\/wp\/v2\/categories?post=136264"},{"taxonomy":"post_tag","embeddable":true,"href":"https:\/\/conexiondigital.com.do\/index.php\/wp-json\/wp\/v2\/tags?post=136264"}],"curies":[{"name":"wp","href":"https:\/\/api.w.org\/{rel}","templated":true}]}}