{"id":136268,"date":"2025-04-13T20:29:09","date_gmt":"2025-04-14T00:29:09","guid":{"rendered":"https:\/\/conexiondigital.com.do\/?p=136268"},"modified":"2025-04-13T20:29:36","modified_gmt":"2025-04-14T00:29:36","slug":"fuerza-del-pueblo-ofrecera-misa-este-lunes-en-memoria-de-las-victimas-de-la-tragedia-en-jet-set","status":"publish","type":"post","link":"https:\/\/conexiondigital.com.do\/index.php\/2025\/04\/13\/fuerza-del-pueblo-ofrecera-misa-este-lunes-en-memoria-de-las-victimas-de-la-tragedia-en-jet-set\/","title":{"rendered":"Fuerza del Pueblo ofrecer\u00e1 misa este lunes en memoria de las v\u00edctimas de la tragedia en Jet Set"},"content":{"rendered":"\n<figure class=\"wp-block-image size-full is-resized\"><img decoding=\"async\" src=\"https:\/\/images.conexiondigital.com.do\/wp-content\/uploads\/2025\/04\/th-4.jpg\" alt=\"\" class=\"wp-image-136269\" style=\"width:840px;height:auto\" \/><\/figure>\n\n\n\n<p><strong>El acto religioso se realizar\u00e1 este lunes 14 de abril en la Parroquia San Antonio de Padua, en Gascue<\/strong><\/p>\n\n\n\n<p>SANTO DOMINGO. \u2013 El partido Fuerza del Pueblo (FP) inform\u00f3 que el pr\u00f3ximo lunes 14 de abril, a las 5:00 de la tarde, celebrar\u00e1 una misa en memoria de las v\u00edctimas fatales del tr\u00e1gico desplome del techo de la discoteca Jet Set, una cat\u00e1strofe que ha enlutado al pa\u00eds tras cobrarse la vida de m\u00e1s de 220 personas.<\/p>\n\n\n\n<p>La ceremonia religiosa tendr\u00e1 lugar en la Parroquia San Antonio de Padua, ubicada en el sector de Gascue, Distrito Nacional. Adem\u00e1s de honrar la memoria de los fallecidos, la misa ser\u00e1 ofrecida por la salud y pronta recuperaci\u00f3n de los sobrevivientes, muchos de los cuales a\u00fan permanecen hospitalizados en distintos centros de salud.<\/p>\n\n\n\n<p>El presidente de Fuerza del Pueblo, el exmandatario Leonel Fern\u00e1ndez, ha estado presente en m\u00faltiples velatorios y ceremonias f\u00fanebres, solidariz\u00e1ndose personalmente con los familiares de las v\u00edctimas. Asimismo, ha visitado a varios de los heridos, reiterando el compromiso humano y social de la organizaci\u00f3n con los afectados.<\/p>\n\n\n\n<p>La tragedia, una de las m\u00e1s impactantes en la historia reciente del pa\u00eds, ha generado una profunda consternaci\u00f3n en la sociedad dominicana.<\/p>\n\n\n\n<p>La misa convocada por Fuerza del Pueblo busca convertirse en un espacio de recogimiento espiritual y apoyo colectivo, donde se eleven oraciones por el descanso de las almas de los fallecidos y por la fortaleza de los sobrevivientes.<\/p>\n\n\n\n<p>El partido ha extendido una invitaci\u00f3n abierta a toda la ciudadan\u00eda a participar en este acto de fe, como un gesto de unidad, solidaridad y esperanza ante el dolor que embarga a tantas familias.<\/p>\n","protected":false},"excerpt":{"rendered":"<p>El acto religioso se realizar\u00e1 este lunes 14 de abril en la Parroquia San Antonio de Padua, en Gascue SANTO DOMINGO. \u2013 El partido Fuerza del Pueblo (FP) inform\u00f3 que el pr\u00f3ximo lunes 14 de abril, a las 5:00 de la tarde, celebrar\u00e1 una misa en memoria de las v\u00edctimas fatales del tr\u00e1gico desplome del techo de la discoteca Jet Set, una cat\u00e1strofe que ha enlutado al pa\u00eds tras cobrarse la vida de m\u00e1s de 220 personas. La ceremonia religiosa tendr\u00e1 lugar en la Parroquia San Antonio de Padua, ubicada en el sector de Gascue, Distrito Nacional. Adem\u00e1s de honrar la memoria de los fallecidos, la misa ser\u00e1 ofrecida por la salud y pronta recuperaci\u00f3n de los sobrevivientes, muchos de los cuales a\u00fan permanecen hospitalizados en distintos centros de salud. El presidente de Fuerza del Pueblo, el exmandatario Leonel Fern\u00e1ndez, ha estado presente en m\u00faltiples velatorios y ceremonias f\u00fanebres, solidariz\u00e1ndose personalmente con los familiares de las v\u00edctimas. Asimismo, ha visitado a varios de los heridos, reiterando el compromiso humano y social de la organizaci\u00f3n con los afectados. La tragedia, una de las m\u00e1s impactantes en la historia reciente del pa\u00eds, ha generado una profunda consternaci\u00f3n en la sociedad dominicana. La misa convocada por Fuerza del Pueblo busca convertirse en un espacio de recogimiento espiritual y apoyo colectivo, donde se eleven oraciones por el descanso de las almas de los fallecidos y por la fortaleza de los sobrevivientes. El partido ha extendido una invitaci\u00f3n abierta a toda la ciudadan\u00eda a participar en este acto de fe, como un gesto de unidad, solidaridad y esperanza ante el dolor que embarga a tantas familias.<\/p>\n","protected":false},"author":3,"featured_media":0,"comment_status":"open","ping_status":"open","sticky":false,"template":"","format":"standard","meta":{"om_disable_all_campaigns":false,"footnotes":""},"categories":[15],"tags":[],"class_list":["post-136268","post","type-post","status-publish","format-standard","hentry","category-nacionales"],"_links":{"self":[{"href":"https:\/\/conexiondigital.com.do\/index.php\/wp-json\/wp\/v2\/posts\/136268","targetHints":{"allow":["GET"]}}],"collection":[{"href":"https:\/\/conexiondigital.com.do\/index.php\/wp-json\/wp\/v2\/posts"}],"about":[{"href":"https:\/\/conexiondigital.com.do\/index.php\/wp-json\/wp\/v2\/types\/post"}],"author":[{"embeddable":true,"href":"https:\/\/conexiondigital.com.do\/index.php\/wp-json\/wp\/v2\/users\/3"}],"replies":[{"embeddable":true,"href":"https:\/\/conexiondigital.com.do\/index.php\/wp-json\/wp\/v2\/comments?post=136268"}],"version-history":[{"count":2,"href":"https:\/\/conexiondigital.com.do\/index.php\/wp-json\/wp\/v2\/posts\/136268\/revisions"}],"predecessor-version":[{"id":136271,"href":"https:\/\/conexiondigital.com.do\/index.php\/wp-json\/wp\/v2\/posts\/136268\/revisions\/136271"}],"wp:attachment":[{"href":"https:\/\/conexiondigital.com.do\/index.php\/wp-json\/wp\/v2\/media?parent=136268"}],"wp:term":[{"taxonomy":"category","embeddable":true,"href":"https:\/\/conexiondigital.com.do\/index.php\/wp-json\/wp\/v2\/categories?post=136268"},{"taxonomy":"post_tag","embeddable":true,"href":"https:\/\/conexiondigital.com.do\/index.php\/wp-json\/wp\/v2\/tags?post=136268"}],"curies":[{"name":"wp","href":"https:\/\/api.w.org\/{rel}","templated":true}]}}