{"id":136493,"date":"2025-05-01T17:03:18","date_gmt":"2025-05-01T21:03:18","guid":{"rendered":"https:\/\/conexiondigital.com.do\/?p=136493"},"modified":"2025-05-01T17:03:19","modified_gmt":"2025-05-01T21:03:19","slug":"gobierno-anuncia-aumento-salarial-de-un-25-al-sector-zonas-francas-industriales","status":"publish","type":"post","link":"https:\/\/conexiondigital.com.do\/index.php\/2025\/05\/01\/gobierno-anuncia-aumento-salarial-de-un-25-al-sector-zonas-francas-industriales\/","title":{"rendered":"Gobierno anuncia aumento salarial de un 25 % al sector zonas francas industriales"},"content":{"rendered":"\n<figure class=\"wp-block-image size-large\"><img decoding=\"async\" src=\"https:\/\/images.conexiondigital.com.do\/wp-content\/uploads\/2025\/05\/thumbnail_Foto-1.-Ministro-de-Trabajo-Eddy-Olivares-Ortega-1024x668.jpg\" alt=\"\" class=\"wp-image-136494\" \/><\/figure>\n\n\n\n<p><em><strong>El ministro de Trabajo, Eddy Olivares Ortega, afirm\u00f3 que es mayor aumento en la historia que se aplica a los trabajadores del sector, en beneficio de la mejora de su calidad de vida.<\/strong><\/em><\/p>\n\n\n\n<p><strong>Santo Domingo.-<\/strong>&nbsp;El Gobierno, a trav\u00e9s del Ministerio de Trabajo y el Comit\u00e9 Nacional de Salarios (CNS), anunci\u00f3 un aumento de un 25 % sobre el salario m\u00ednimo nacional para los trabajadores del sector de zonas francas industriales.<\/p>\n\n\n\n<p>El aumento ser\u00e1 aplicado en dos partidas, un 13 % se aplicar\u00e1 a partir del pr\u00f3ximo 1 de junio de este a\u00f1o y un 12 % restante a partir del 1 de junio del a\u00f1o 2026, anunci\u00f3 el ministro de Trabajo, Eddy Olivares Ortega.<\/p>\n\n\n\n<p>\u201cSe trata de un incremento significativo y el mayor de la historia para los trabajadores y las trabajadoras de zona franca que va en beneficio de la mejora de su calidad de vida\u201d, afirm\u00f3 el funcionario.<\/p>\n\n\n\n<p>Agreg\u00f3 que el aumento se enmarca dentro del prop\u00f3sito del gobierno y un tema muy especial para el presidente de la Rep\u00fablica, Luis Abinader, que le ha dado como ustedes saben, un seguimiento personal especial al tema de los salarios.<\/p>\n\n\n\n<p>Destac\u00f3 que esta decisi\u00f3n busca garantizar empleos dignos y salarios justos, en cumplimiento con el C\u00f3digo de Trabajo y como parte del compromiso del mandatario con la mejora de las condiciones laborales.<\/p>\n\n\n\n<p>El ministro de Trabajo se\u00f1al\u00f3 que el salario m\u00ednimo es un derecho fundamental, y reafirm\u00f3 que el gobierno seguir\u00e1 impulsando pol\u00edticas que dignifiquen el trabajo en todos los sectores productivos del pa\u00eds.<\/p>\n\n\n\n<p>De su lado, Jos\u00e9 Manuel Torres, vicepresidente ejecutivo de Asociaci\u00f3n Dominicana de Zonas Francas (ADOZONA), expres\u00f3 que este aumento del 25 % demuestra el alto compromiso social con un sector como este de las zonas francas, que se encuentra en un buen momento en la actual coyuntura internacional.<\/p>\n\n\n\n<p>\u201cReconocemos la identificaci\u00f3n que tiene el Presidente de la Rep\u00fablica con este sector, y los ministros de Trabajo y de Industria, Comercio y Mipymes, con quienes agotamos una agenda proactiva para aprovechar las oportunidades del mercado\u201d, agreg\u00f3 Torres.<\/p>\n\n\n\n<p>En tanto que Rafael -Pepe- Abreu, representante del sector sindical, manifest\u00f3 que lo m\u00e1s importante de este anuncio es el ejemplo de que el tripartismo puede exhibirse en la Rep\u00fablica Dominicana, a pesar de la situaci\u00f3n internacional.<\/p>\n\n\n\n<p>&nbsp;\u201cEn un mundo que vive m\u00faltiples dificultades y en muchas zonas del hemisferio suenan tambores de guerra y conflictos armados, hemos llegado a un acuerdo positivo en un camino abierto a la participaci\u00f3n de los trabajadores y las riquezas que ellos contribuyen a crear con su esfuerzo y los empleadores con la inversi\u00f3n.<\/p>\n\n\n\n<p>En el encuentro estuvieron presentes Angel Mart\u00edn Mieses, presidente del Comit\u00e9 Nacional de Salarios; por ADOZONA, Andr\u00e9s Noboa, gerente legal y Manuel Batista, asesor laboral; y Santo S\u00e1nchez, de la Confederaci\u00f3n Nacional de Trabajadores Dominicanos (C.N.T.D), entre otros representantes del sector sindical.<\/p>\n","protected":false},"excerpt":{"rendered":"<p>El ministro de Trabajo, Eddy Olivares Ortega, afirm\u00f3 que es mayor aumento en la historia que se aplica a los trabajadores del sector, en beneficio de la mejora de su calidad de vida. Santo Domingo.-&nbsp;El Gobierno, a trav\u00e9s del Ministerio de Trabajo y el Comit\u00e9 Nacional de Salarios (CNS), anunci\u00f3 un aumento de un 25 % sobre el salario m\u00ednimo nacional para los trabajadores del sector de zonas francas industriales. El aumento ser\u00e1 aplicado en dos partidas, un 13 % se aplicar\u00e1 a partir del pr\u00f3ximo 1 de junio de este a\u00f1o y un 12 % restante a partir del 1 de junio del a\u00f1o 2026, anunci\u00f3 el ministro de Trabajo, Eddy Olivares Ortega. \u201cSe trata de un incremento significativo y el mayor de la historia para los trabajadores y las trabajadoras de zona franca que va en beneficio de la mejora de su calidad de vida\u201d, afirm\u00f3 el funcionario. Agreg\u00f3 que el aumento se enmarca dentro del prop\u00f3sito del gobierno y un tema muy especial para el presidente de la Rep\u00fablica, Luis Abinader, que le ha dado como ustedes saben, un seguimiento personal especial al tema de los salarios. Destac\u00f3 que esta decisi\u00f3n busca garantizar empleos dignos y salarios justos, en cumplimiento con el C\u00f3digo de Trabajo y como parte del compromiso del mandatario con la mejora de las condiciones laborales. El ministro de Trabajo se\u00f1al\u00f3 que el salario m\u00ednimo es un derecho fundamental, y reafirm\u00f3 que el gobierno seguir\u00e1 impulsando pol\u00edticas que dignifiquen el trabajo en todos los sectores productivos del pa\u00eds. De su lado, Jos\u00e9 Manuel Torres, vicepresidente ejecutivo de Asociaci\u00f3n Dominicana de Zonas Francas (ADOZONA), expres\u00f3 que este aumento del 25 % demuestra el alto compromiso social con un sector como este de las zonas francas, que se encuentra en un buen momento en la actual coyuntura internacional. \u201cReconocemos la identificaci\u00f3n que tiene el Presidente de la Rep\u00fablica con este sector, y los ministros de Trabajo y de Industria, Comercio y Mipymes, con quienes agotamos una agenda proactiva para aprovechar las oportunidades del mercado\u201d, agreg\u00f3 Torres. En tanto que Rafael -Pepe- Abreu, representante del sector sindical, manifest\u00f3 que lo m\u00e1s importante de este anuncio es el ejemplo de que el tripartismo puede exhibirse en la Rep\u00fablica Dominicana, a pesar de la situaci\u00f3n internacional. &nbsp;\u201cEn un mundo que vive m\u00faltiples dificultades y en muchas zonas del hemisferio suenan tambores de guerra y conflictos armados, hemos llegado a un acuerdo positivo en un camino abierto a la participaci\u00f3n de los trabajadores y las riquezas que ellos contribuyen a crear con su esfuerzo y los empleadores con la inversi\u00f3n. En el encuentro estuvieron presentes Angel Mart\u00edn Mieses, presidente del Comit\u00e9 Nacional de Salarios; por ADOZONA, Andr\u00e9s Noboa, gerente legal y Manuel Batista, asesor laboral; y Santo S\u00e1nchez, de la Confederaci\u00f3n Nacional de Trabajadores Dominicanos (C.N.T.D), entre otros representantes del sector sindical.<\/p>\n","protected":false},"author":3,"featured_media":0,"comment_status":"open","ping_status":"open","sticky":false,"template":"","format":"standard","meta":{"om_disable_all_campaigns":false,"footnotes":""},"categories":[56],"tags":[],"class_list":["post-136493","post","type-post","status-publish","format-standard","hentry","category-economia"],"_links":{"self":[{"href":"https:\/\/conexiondigital.com.do\/index.php\/wp-json\/wp\/v2\/posts\/136493","targetHints":{"allow":["GET"]}}],"collection":[{"href":"https:\/\/conexiondigital.com.do\/index.php\/wp-json\/wp\/v2\/posts"}],"about":[{"href":"https:\/\/conexiondigital.com.do\/index.php\/wp-json\/wp\/v2\/types\/post"}],"author":[{"embeddable":true,"href":"https:\/\/conexiondigital.com.do\/index.php\/wp-json\/wp\/v2\/users\/3"}],"replies":[{"embeddable":true,"href":"https:\/\/conexiondigital.com.do\/index.php\/wp-json\/wp\/v2\/comments?post=136493"}],"version-history":[{"count":1,"href":"https:\/\/conexiondigital.com.do\/index.php\/wp-json\/wp\/v2\/posts\/136493\/revisions"}],"predecessor-version":[{"id":136495,"href":"https:\/\/conexiondigital.com.do\/index.php\/wp-json\/wp\/v2\/posts\/136493\/revisions\/136495"}],"wp:attachment":[{"href":"https:\/\/conexiondigital.com.do\/index.php\/wp-json\/wp\/v2\/media?parent=136493"}],"wp:term":[{"taxonomy":"category","embeddable":true,"href":"https:\/\/conexiondigital.com.do\/index.php\/wp-json\/wp\/v2\/categories?post=136493"},{"taxonomy":"post_tag","embeddable":true,"href":"https:\/\/conexiondigital.com.do\/index.php\/wp-json\/wp\/v2\/tags?post=136493"}],"curies":[{"name":"wp","href":"https:\/\/api.w.org\/{rel}","templated":true}]}}