{"id":139012,"date":"2025-09-19T06:42:35","date_gmt":"2025-09-19T10:42:35","guid":{"rendered":"https:\/\/conexiondigital.com.do\/?p=139012"},"modified":"2025-09-19T06:42:35","modified_gmt":"2025-09-19T10:42:35","slug":"edesur-desarrolla-este-jueves-labor-de-adecuacion-de-subestacion-del-kilometro-10-%c2%bd-de-la-autopista-duarte","status":"publish","type":"post","link":"https:\/\/conexiondigital.com.do\/index.php\/2025\/09\/19\/edesur-desarrolla-este-jueves-labor-de-adecuacion-de-subestacion-del-kilometro-10-%c2%bd-de-la-autopista-duarte\/","title":{"rendered":"Edesur desarrolla este jueves labor de adecuaci\u00f3n de subestaci\u00f3n del kil\u00f2metro 10 \u00bd de la Autopista Duarte"},"content":{"rendered":"\n<figure class=\"wp-block-image size-large\"><img loading=\"lazy\" decoding=\"async\" width=\"1024\" height=\"682\" src=\"\" alt=\"\" class=\"wp-image-139013\" srcset=\"https:\/\/images.conexiondigital.com.do\/wp-content\/uploads\/2025\/09\/7e57d26b-9117-4f03-b1ae-04cc2ac96429-1024x682.jpg 1024w, https:\/\/images.conexiondigital.com.do\/wp-content\/uploads\/2025\/09\/7e57d26b-9117-4f03-b1ae-04cc2ac96429-800x533.jpg 800w, https:\/\/images.conexiondigital.com.do\/wp-content\/uploads\/2025\/09\/7e57d26b-9117-4f03-b1ae-04cc2ac96429-768x512.jpg 768w, https:\/\/images.conexiondigital.com.do\/wp-content\/uploads\/2025\/09\/7e57d26b-9117-4f03-b1ae-04cc2ac96429-1536x1023.jpg 1536w, https:\/\/images.conexiondigital.com.do\/wp-content\/uploads\/2025\/09\/7e57d26b-9117-4f03-b1ae-04cc2ac96429-300x200.jpg 300w, https:\/\/images.conexiondigital.com.do\/wp-content\/uploads\/2025\/09\/7e57d26b-9117-4f03-b1ae-04cc2ac96429.jpg 1600w\" sizes=\"auto, (max-width: 1024px) 100vw, 1024px\"><\/figure>\n\n\n\n<p class=\"wp-block-paragraph\"><strong>La empresa distribuidora de electricidad asegura que la labor busca una mejor\u00eda y estabilidad del servicio<\/strong><\/p>\n\n\n\n<p class=\"wp-block-paragraph\">Edesur Dominicana informa que, con el objetivo de mejorar la calidad y continuidad del servicio en algunos sectores del Distrito Nacional y la Provincia Santo Domingo, desarrolla este jueves trabajos de adecuaci\u00f3n en la Subestaci\u00f3n de Kil\u00f3metro 10 1\/2 de la Autopista Duarte.<\/p>\n\n\n\n<p class=\"wp-block-paragraph\">La empresa distribuidora de electricidad indica que la labor que busca mejorar y estabilizar el servicio en la zona amerita la interrupci\u00f3n del servicio desde las 9:00 de la ma\u00f1ana hasta la 1:00 de la tarde.<\/p>\n\n\n\n<p class=\"wp-block-paragraph\">Esto impactar\u00e1 a los sectores Alameda (parcial), Ciudad Agraria, Av. Los Beisbolistas, Villa Aura, Los \u00c1lamos, El Antillano, El Caliche de Manoguayabo, Bayona (parcial), Para\u00edso del Caribe, Bo. Holgu\u00edn de Herrera, Santa Martha, San Benito, Los R\u00edos (parcial), Villa Marina, Colinas de Los R\u00edos, Colinas del Seminario de Los R\u00edos, Villa Elena, Pradera Hermosa, El Ducado, entre otros.<\/p>\n\n\n\n<p class=\"wp-block-paragraph\">Edesur presenta sus excusas por las molestias causadas por la labor y agradece la comprensi\u00f3n de la ciudadan\u00eda.<\/p>\n\n\n\n<p class=\"wp-block-paragraph\"><\/p>\n\n\n\n<p class=\"wp-block-paragraph\"><\/p>\n","protected":false},"excerpt":{"rendered":"<p>La empresa distribuidora de electricidad asegura que la labor busca una mejor\u00eda y estabilidad del servicio Edesur Dominicana informa que, con el objetivo de mejorar la calidad y continuidad del servicio en algunos sectores del Distrito Nacional y la Provincia Santo Domingo, desarrolla este jueves trabajos de adecuaci\u00f3n en la Subestaci\u00f3n de Kil\u00f3metro 10 1\/2 de la Autopista Duarte. La empresa distribuidora de electricidad indica que la labor que busca mejorar y estabilizar el servicio en la zona amerita la interrupci\u00f3n del servicio desde las 9:00 de la ma\u00f1ana hasta la 1:00 de la tarde. Esto impactar\u00e1 a los sectores Alameda (parcial), Ciudad Agraria, Av. Los Beisbolistas, Villa Aura, Los \u00c1lamos, El Antillano, El Caliche de Manoguayabo, Bayona (parcial), Para\u00edso del Caribe, Bo. Holgu\u00edn de Herrera, Santa Martha, San Benito, Los R\u00edos (parcial), Villa Marina, Colinas de Los R\u00edos, Colinas del Seminario de Los R\u00edos, Villa Elena, Pradera Hermosa, El Ducado, entre otros. Edesur presenta sus excusas por las molestias causadas por la labor y agradece la comprensi\u00f3n de la ciudadan\u00eda.<\/p>\n","protected":false},"author":3,"featured_media":0,"comment_status":"open","ping_status":"open","sticky":false,"template":"","format":"standard","meta":{"om_disable_all_campaigns":false,"footnotes":""},"categories":[56],"tags":[],"class_list":["post-139012","post","type-post","status-publish","format-standard","hentry","category-economia"],"_links":{"self":[{"href":"https:\/\/conexiondigital.com.do\/index.php\/wp-json\/wp\/v2\/posts\/139012","targetHints":{"allow":["GET"]}}],"collection":[{"href":"https:\/\/conexiondigital.com.do\/index.php\/wp-json\/wp\/v2\/posts"}],"about":[{"href":"https:\/\/conexiondigital.com.do\/index.php\/wp-json\/wp\/v2\/types\/post"}],"author":[{"embeddable":true,"href":"https:\/\/conexiondigital.com.do\/index.php\/wp-json\/wp\/v2\/users\/3"}],"replies":[{"embeddable":true,"href":"https:\/\/conexiondigital.com.do\/index.php\/wp-json\/wp\/v2\/comments?post=139012"}],"version-history":[{"count":1,"href":"https:\/\/conexiondigital.com.do\/index.php\/wp-json\/wp\/v2\/posts\/139012\/revisions"}],"predecessor-version":[{"id":139014,"href":"https:\/\/conexiondigital.com.do\/index.php\/wp-json\/wp\/v2\/posts\/139012\/revisions\/139014"}],"wp:attachment":[{"href":"https:\/\/conexiondigital.com.do\/index.php\/wp-json\/wp\/v2\/media?parent=139012"}],"wp:term":[{"taxonomy":"category","embeddable":true,"href":"https:\/\/conexiondigital.com.do\/index.php\/wp-json\/wp\/v2\/categories?post=139012"},{"taxonomy":"post_tag","embeddable":true,"href":"https:\/\/conexiondigital.com.do\/index.php\/wp-json\/wp\/v2\/tags?post=139012"}],"curies":[{"name":"wp","href":"https:\/\/api.w.org\/{rel}","templated":true}]}}