{"id":142604,"date":"2026-03-08T18:04:31","date_gmt":"2026-03-08T22:04:31","guid":{"rendered":"https:\/\/conexiondigital.com.do\/?p=142604"},"modified":"2026-03-08T18:04:32","modified_gmt":"2026-03-08T22:04:32","slug":"gobierno-sin-planes-ante-crisis-medio-oriente","status":"publish","type":"post","link":"https:\/\/conexiondigital.com.do\/index.php\/2026\/03\/08\/gobierno-sin-planes-ante-crisis-medio-oriente\/","title":{"rendered":"Gobierno sin planes ante crisis medio oriente"},"content":{"rendered":"\n<figure class=\"wp-block-image size-large\"><img loading=\"lazy\" decoding=\"async\" width=\"1024\" height=\"637\" src=\"\" alt=\"\" class=\"wp-image-142605\" srcset=\"https:\/\/images.conexiondigital.com.do\/wp-content\/uploads\/2026\/03\/68f47c64-7a21-4135-80cf-a60cab24aff3-1024x637.jpg 1024w, https:\/\/images.conexiondigital.com.do\/wp-content\/uploads\/2026\/03\/68f47c64-7a21-4135-80cf-a60cab24aff3-800x498.jpg 800w, https:\/\/images.conexiondigital.com.do\/wp-content\/uploads\/2026\/03\/68f47c64-7a21-4135-80cf-a60cab24aff3-768x478.jpg 768w, https:\/\/images.conexiondigital.com.do\/wp-content\/uploads\/2026\/03\/68f47c64-7a21-4135-80cf-a60cab24aff3-1536x955.jpg 1536w, https:\/\/images.conexiondigital.com.do\/wp-content\/uploads\/2026\/03\/68f47c64-7a21-4135-80cf-a60cab24aff3.jpg 1600w\" sizes=\"auto, (max-width: 1024px) 100vw, 1024px\"><\/figure>\n\n\n\n<p><strong>Francisco Javier Garc\u00eda critica falta de plan del Gobierno ante impacto econ\u00f3mico del conflicto en Medio Oriente<\/strong><\/p>\n\n\n\n<p>Francisco Javier Garc\u00eda, de los seleccionados aspirantes a la presidencial por el Partido de la Liberaci\u00f3n Dominicana (PLD), lament\u00f3 que, a estas alturas, el Gobierno dominicano no haya presentado un plan frente a las posibles consecuencias econ\u00f3micas derivadas de la situaci\u00f3n en el Medio Oriente.<\/p>\n\n\n\n<p>\u201cLa incertidumbre que hay en el mundo, suscitada a partir de la situaci\u00f3n en el Medio Oriente y su impacto econ\u00f3mico en pa\u00edses como el nuestro, realmente es preocupante. Es una pena que al d\u00eda de hoy el Gobierno dominicano no haya presentado cu\u00e1l ser\u00eda el protocolo frente a una eventual alza del petr\u00f3leo para contrarrestar sus efectos\u201d, plante\u00f3.<\/p>\n\n\n\n<p>Durante un encuentro con la prensa en Santiago de los Caballeros, Garc\u00eda afirm\u00f3 que no existe un protocolo ante un eventual incremento de los precios del petr\u00f3leo, y que lo \u00fanico que ha se\u00f1alado el Gobierno es que tiene capacidad para hacerle frente.<\/p>\n\n\n\n<p>\u201cEl Gobierno ha normalizado la improvisaci\u00f3n. De la misma manera que no hay un plan para esta situaci\u00f3n relacionada con Ir\u00e1n, que repercutir\u00e1 en los precios del petr\u00f3leo, de los combustibles, de l canasta familiar, del transporte y un largo etc, tampoco hubo un protocolo para la situaci\u00f3n que vivi\u00f3 el pa\u00eds recientemente con un apag\u00f3n general\u201d, expres\u00f3.<\/p>\n\n\n\n<p>\u201cEl nuevo apag\u00f3n general fue el preludio de la rendici\u00f3n de cuentas que hizo el presidente de la Rep\u00fablica, porque as\u00ed de oscuro fue el panorama descrito en ese discurso. Santiago de los Caballeros fue una de las zonas m\u00e1s afectadas, ya que, aunque el apag\u00f3n se origin\u00f3 durante el d\u00eda, esta ciudad permanec\u00eda a oscuras en la noche\u201d, afirm\u00f3.<\/p>\n\n\n\n<p>El tambi\u00e9n miembro del comit\u00e9 pol\u00edtico del Partido de la Liberaci\u00f3n Dominicana subray\u00f3 que la preservaci\u00f3n de la estabilidad macroecon\u00f3mica es clave para los intereses nacionales. Record\u00f3 que la Rep\u00fablica Dominicana no produce petr\u00f3leo ni sus derivados, por lo que cualquier aumento abrupto en los precios internacionales impactar\u00eda directamente la econom\u00eda local.<\/p>\n\n\n\n<p>Las declaraciones fueron ofrecidas este s\u00e1bado en un encuentro con la prensa en Santiago, donde el dirigente pol\u00edtico agota una amplia agenda.<\/p>\n","protected":false},"excerpt":{"rendered":"<p>Francisco Javier Garc\u00eda critica falta de plan del Gobierno ante impacto econ\u00f3mico del conflicto en Medio Oriente Francisco Javier Garc\u00eda, de los seleccionados aspirantes a la presidencial por el Partido de la Liberaci\u00f3n Dominicana (PLD), lament\u00f3 que, a estas alturas, el Gobierno dominicano no haya presentado un plan frente a las posibles consecuencias econ\u00f3micas derivadas de la situaci\u00f3n en el Medio Oriente. \u201cLa incertidumbre que hay en el mundo, suscitada a partir de la situaci\u00f3n en el Medio Oriente y su impacto econ\u00f3mico en pa\u00edses como el nuestro, realmente es preocupante. Es una pena que al d\u00eda de hoy el Gobierno dominicano no haya presentado cu\u00e1l ser\u00eda el protocolo frente a una eventual alza del petr\u00f3leo para contrarrestar sus efectos\u201d, plante\u00f3. Durante un encuentro con la prensa en Santiago de los Caballeros, Garc\u00eda afirm\u00f3 que no existe un protocolo ante un eventual incremento de los precios del petr\u00f3leo, y que lo \u00fanico que ha se\u00f1alado el Gobierno es que tiene capacidad para hacerle frente. \u201cEl Gobierno ha normalizado la improvisaci\u00f3n. De la misma manera que no hay un plan para esta situaci\u00f3n relacionada con Ir\u00e1n, que repercutir\u00e1 en los precios del petr\u00f3leo, de los combustibles, de l canasta familiar, del transporte y un largo etc, tampoco hubo un protocolo para la situaci\u00f3n que vivi\u00f3 el pa\u00eds recientemente con un apag\u00f3n general\u201d, expres\u00f3. \u201cEl nuevo apag\u00f3n general fue el preludio de la rendici\u00f3n de cuentas que hizo el presidente de la Rep\u00fablica, porque as\u00ed de oscuro fue el panorama descrito en ese discurso. Santiago de los Caballeros fue una de las zonas m\u00e1s afectadas, ya que, aunque el apag\u00f3n se origin\u00f3 durante el d\u00eda, esta ciudad permanec\u00eda a oscuras en la noche\u201d, afirm\u00f3. El tambi\u00e9n miembro del comit\u00e9 pol\u00edtico del Partido de la Liberaci\u00f3n Dominicana subray\u00f3 que la preservaci\u00f3n de la estabilidad macroecon\u00f3mica es clave para los intereses nacionales. Record\u00f3 que la Rep\u00fablica Dominicana no produce petr\u00f3leo ni sus derivados, por lo que cualquier aumento abrupto en los precios internacionales impactar\u00eda directamente la econom\u00eda local. Las declaraciones fueron ofrecidas este s\u00e1bado en un encuentro con la prensa en Santiago, donde el dirigente pol\u00edtico agota una amplia agenda.<\/p>\n","protected":false},"author":3,"featured_media":0,"comment_status":"open","ping_status":"open","sticky":false,"template":"","format":"standard","meta":{"om_disable_all_campaigns":false,"footnotes":""},"categories":[52,12],"tags":[],"class_list":["post-142604","post","type-post","status-publish","format-standard","hentry","category-opinion","category-politic"],"_links":{"self":[{"href":"https:\/\/conexiondigital.com.do\/index.php\/wp-json\/wp\/v2\/posts\/142604","targetHints":{"allow":["GET"]}}],"collection":[{"href":"https:\/\/conexiondigital.com.do\/index.php\/wp-json\/wp\/v2\/posts"}],"about":[{"href":"https:\/\/conexiondigital.com.do\/index.php\/wp-json\/wp\/v2\/types\/post"}],"author":[{"embeddable":true,"href":"https:\/\/conexiondigital.com.do\/index.php\/wp-json\/wp\/v2\/users\/3"}],"replies":[{"embeddable":true,"href":"https:\/\/conexiondigital.com.do\/index.php\/wp-json\/wp\/v2\/comments?post=142604"}],"version-history":[{"count":1,"href":"https:\/\/conexiondigital.com.do\/index.php\/wp-json\/wp\/v2\/posts\/142604\/revisions"}],"predecessor-version":[{"id":142606,"href":"https:\/\/conexiondigital.com.do\/index.php\/wp-json\/wp\/v2\/posts\/142604\/revisions\/142606"}],"wp:attachment":[{"href":"https:\/\/conexiondigital.com.do\/index.php\/wp-json\/wp\/v2\/media?parent=142604"}],"wp:term":[{"taxonomy":"category","embeddable":true,"href":"https:\/\/conexiondigital.com.do\/index.php\/wp-json\/wp\/v2\/categories?post=142604"},{"taxonomy":"post_tag","embeddable":true,"href":"https:\/\/conexiondigital.com.do\/index.php\/wp-json\/wp\/v2\/tags?post=142604"}],"curies":[{"name":"wp","href":"https:\/\/api.w.org\/{rel}","templated":true}]}}