{"id":142635,"date":"2026-03-14T11:25:54","date_gmt":"2026-03-14T15:25:54","guid":{"rendered":"https:\/\/conexiondigital.com.do\/?p=142635"},"modified":"2026-03-14T11:25:55","modified_gmt":"2026-03-14T15:25:55","slug":"presiente-luis-abinader-sostendra-conversatorio-con-estudiantes-encabezara-graduacion-de-jovenes-del-programa-14-24-entregara-becas-universitarias-e-inaugurara-una-escuela-este-sabado","status":"publish","type":"post","link":"https:\/\/conexiondigital.com.do\/index.php\/2026\/03\/14\/presiente-luis-abinader-sostendra-conversatorio-con-estudiantes-encabezara-graduacion-de-jovenes-del-programa-14-24-entregara-becas-universitarias-e-inaugurara-una-escuela-este-sabado\/","title":{"rendered":"Presiente Luis Abinader sostendr\u00e1 conversatorio con estudiantes, encabezar\u00e1 graduaci\u00f3n de j\u00f3venes del programa 14\/24, entregar\u00e1 becas universitarias e inaugurar\u00e1 una escuela este s\u00e1bado"},"content":{"rendered":"\n<figure class=\"wp-block-image size-large\"><img loading=\"lazy\" decoding=\"async\" width=\"1024\" height=\"575\" src=\"\" alt=\"\" class=\"wp-image-142636\" srcset=\"https:\/\/images.conexiondigital.com.do\/wp-content\/uploads\/2026\/03\/61d0be28-096f-42bd-a879-f7738b2cac01-1024x575.jpg 1024w, https:\/\/images.conexiondigital.com.do\/wp-content\/uploads\/2026\/03\/61d0be28-096f-42bd-a879-f7738b2cac01-800x449.jpg 800w, https:\/\/images.conexiondigital.com.do\/wp-content\/uploads\/2026\/03\/61d0be28-096f-42bd-a879-f7738b2cac01-768x431.jpg 768w, https:\/\/images.conexiondigital.com.do\/wp-content\/uploads\/2026\/03\/61d0be28-096f-42bd-a879-f7738b2cac01.jpg 1280w\" sizes=\"auto, (max-width: 1024px) 100vw, 1024px\"><\/figure>\n\n\n\n<p>Santo Domingo.- Con el objetivo de continuar fortaleciendo las oportunidades de desarrollo y formaci\u00f3n para la juventud dominicana, el presidente Luis Abinader desarrollar\u00e1 una agenda especial dirigida a j\u00f3venes estudiantes y universitarios en distintos puntos del Gran Santo Domingo.<\/p>\n\n\n\n<p>La jornada del mandatario iniciar\u00e1 a las 12:30 de la tarde con un encuentro conversatorio con 350 j\u00f3venes estudiantes de liceos p\u00fablicos y colegios privados de Santo Domingo Este, en el Centro Deportivo y Cultural Ozama.<\/p>\n\n\n\n<p>Posteriormente, el jefe de Estado encabezar\u00e1 la graduaci\u00f3n de estudiantes del programa 14\/24, en el Polideportivo Tony Barreiro.<\/p>\n\n\n\n<p>M\u00e1s adelante, el gobernante realizar\u00e1 la entrega de cientos de becas STEAM dirigidas a j\u00f3venes universitarios, acto que se llevar\u00e1 a cabo en el Aula Magna de la Universidad Aut\u00f3noma de Santo Domingo (UASD).<\/p>\n\n\n\n<p>La agenda del presidente Abinader concluir\u00e1 con la inauguraci\u00f3n de la Escuela Comunal Barrio Lindo, en Santo Domingo Norte.<\/p>\n","protected":false},"excerpt":{"rendered":"<p>Santo Domingo.- Con el objetivo de continuar fortaleciendo las oportunidades de desarrollo y formaci\u00f3n para la juventud dominicana, el presidente Luis Abinader desarrollar\u00e1 una agenda especial dirigida a j\u00f3venes estudiantes y universitarios en distintos puntos del Gran Santo Domingo. La jornada del mandatario iniciar\u00e1 a las 12:30 de la tarde con un encuentro conversatorio con 350 j\u00f3venes estudiantes de liceos p\u00fablicos y colegios privados de Santo Domingo Este, en el Centro Deportivo y Cultural Ozama. Posteriormente, el jefe de Estado encabezar\u00e1 la graduaci\u00f3n de estudiantes del programa 14\/24, en el Polideportivo Tony Barreiro. M\u00e1s adelante, el gobernante realizar\u00e1 la entrega de cientos de becas STEAM dirigidas a j\u00f3venes universitarios, acto que se llevar\u00e1 a cabo en el Aula Magna de la Universidad Aut\u00f3noma de Santo Domingo (UASD). La agenda del presidente Abinader concluir\u00e1 con la inauguraci\u00f3n de la Escuela Comunal Barrio Lindo, en Santo Domingo Norte.<\/p>\n","protected":false},"author":3,"featured_media":0,"comment_status":"open","ping_status":"open","sticky":false,"template":"","format":"standard","meta":{"om_disable_all_campaigns":false,"footnotes":""},"categories":[15],"tags":[],"class_list":["post-142635","post","type-post","status-publish","format-standard","hentry","category-nacionales"],"_links":{"self":[{"href":"https:\/\/conexiondigital.com.do\/index.php\/wp-json\/wp\/v2\/posts\/142635","targetHints":{"allow":["GET"]}}],"collection":[{"href":"https:\/\/conexiondigital.com.do\/index.php\/wp-json\/wp\/v2\/posts"}],"about":[{"href":"https:\/\/conexiondigital.com.do\/index.php\/wp-json\/wp\/v2\/types\/post"}],"author":[{"embeddable":true,"href":"https:\/\/conexiondigital.com.do\/index.php\/wp-json\/wp\/v2\/users\/3"}],"replies":[{"embeddable":true,"href":"https:\/\/conexiondigital.com.do\/index.php\/wp-json\/wp\/v2\/comments?post=142635"}],"version-history":[{"count":1,"href":"https:\/\/conexiondigital.com.do\/index.php\/wp-json\/wp\/v2\/posts\/142635\/revisions"}],"predecessor-version":[{"id":142637,"href":"https:\/\/conexiondigital.com.do\/index.php\/wp-json\/wp\/v2\/posts\/142635\/revisions\/142637"}],"wp:attachment":[{"href":"https:\/\/conexiondigital.com.do\/index.php\/wp-json\/wp\/v2\/media?parent=142635"}],"wp:term":[{"taxonomy":"category","embeddable":true,"href":"https:\/\/conexiondigital.com.do\/index.php\/wp-json\/wp\/v2\/categories?post=142635"},{"taxonomy":"post_tag","embeddable":true,"href":"https:\/\/conexiondigital.com.do\/index.php\/wp-json\/wp\/v2\/tags?post=142635"}],"curies":[{"name":"wp","href":"https:\/\/api.w.org\/{rel}","templated":true}]}}