{"id":143486,"date":"2026-04-25T23:40:38","date_gmt":"2026-04-26T03:40:38","guid":{"rendered":"https:\/\/conexiondigital.com.do\/?p=143486"},"modified":"2026-04-25T23:40:41","modified_gmt":"2026-04-26T03:40:41","slug":"leonel-fernandez-encabeza-asambleas-regionales-de-la-direccion-central-de-fp-en-san-cristobal-y-santiago","status":"publish","type":"post","link":"https:\/\/conexiondigital.com.do\/index.php\/2026\/04\/25\/leonel-fernandez-encabeza-asambleas-regionales-de-la-direccion-central-de-fp-en-san-cristobal-y-santiago\/","title":{"rendered":"Leonel Fern\u00e1ndez encabeza asambleas regionales de la Direcci\u00f3n Central de FP en San Crist\u00f3bal y Santiago"},"content":{"rendered":"\n<figure class=\"wp-block-image size-large\"><img loading=\"lazy\" decoding=\"async\" width=\"1024\" height=\"683\" src=\"https:\/\/images.conexiondigital.com.do\/wp-content\/uploads\/2026\/04\/db07377f-870b-4b31-a512-b4c42cc97ac3-1024x683.jpg\" alt=\"\" class=\"wp-image-143487\" srcset=\"https:\/\/images.conexiondigital.com.do\/wp-content\/uploads\/2026\/04\/db07377f-870b-4b31-a512-b4c42cc97ac3-1024x683.jpg 1024w, https:\/\/images.conexiondigital.com.do\/wp-content\/uploads\/2026\/04\/db07377f-870b-4b31-a512-b4c42cc97ac3-800x534.jpg 800w, https:\/\/images.conexiondigital.com.do\/wp-content\/uploads\/2026\/04\/db07377f-870b-4b31-a512-b4c42cc97ac3-768x512.jpg 768w, https:\/\/images.conexiondigital.com.do\/wp-content\/uploads\/2026\/04\/db07377f-870b-4b31-a512-b4c42cc97ac3-300x400.jpg 300w, https:\/\/images.conexiondigital.com.do\/wp-content\/uploads\/2026\/04\/db07377f-870b-4b31-a512-b4c42cc97ac3.jpg 1280w\" sizes=\"auto, (max-width: 1024px) 100vw, 1024px\"><\/figure>\n\n\n\n<p><strong>Expresidente impulsa plan organizativo rumbo a 2028 y enfoca estrategia en fortalecer la estructura electoral del partido.<\/strong><\/p>\n\n\n\n<p>Santo Domingo.\u2013 El presidente del partido Fuerza del Pueblo (FP), Leonel Fern\u00e1ndez, encabez\u00f3 este viernes y s\u00e1bado asambleas regionales en San Crist\u00f3bal y Santiago con miembros de la Direcci\u00f3n Central de esa organizaci\u00f3n, correspondientes a las provincias de las regiones Sur y el Cibao.<\/p>\n\n\n\n<p>Estas asambleas, que se constituyen en jornadas de trabajo, forman parte del inicio de lo que ha sido definido por la organizaci\u00f3n como un plan nacional orientado a consolidar su estructura con miras a la victoria electoral en el a\u00f1o 2028, proceso que es dirigido personalmente por Fern\u00e1ndez, quien interact\u00faa en estos encuentros con dirigentes medios de la entidad, acompa\u00f1ado de miembros de la Direcci\u00f3n Pol\u00edtica.<\/p>\n\n\n\n<p>En el marco de estas asambleas, tambi\u00e9n se ha socializado un plan de trabajo con metas espec\u00edficas por territorio, dise\u00f1ado para ser medido y evaluado de manera peri\u00f3dica, con el prop\u00f3sito de garantizar avances concretos en la organizaci\u00f3n y el crecimiento del partido.<\/p>\n\n\n\n<p>Como parte de esta agenda, el viernes 24 de abril, a las 4:00 de la tarde, se realiz\u00f3 la asamblea regional sur de la Direcci\u00f3n Central, en el Club Las Orqu\u00eddeas, en San Crist\u00f3bal; mientras que el s\u00e1bado 25 de abril, tambi\u00e9n a las 4:00 de la tarde, tuvo lugar la asamblea correspondiente a la regi\u00f3n del Cibao, en el Centro de Convenciones de UTESA, en Santiago de los Caballeros.<\/p>\n\n\n\n<p>Las jornadas se desarrollaron con alta participaci\u00f3n de dirigentes de distintas demarcaciones, quienes tuvieron la oportunidad de intervenir y aportar en la construcci\u00f3n de la estrategia organizativa del partido.<\/p>\n\n\n\n<p>Al dirigirse a los presentes, Fern\u00e1ndez enfatiz\u00f3 que el crecimiento del partido debe traducirse en organizaci\u00f3n efectiva y capacidad electoral.<\/p>\n\n\n\n<p>En ese mismo orden, reiter\u00f3 lo explicado en las asambleas de la semana pasada en San Pedro de Macor\u00eds y Santo Domingo sobre la importancia del rol que deben asumir los supervisores en el fortalecimiento territorial de la organizaci\u00f3n.<\/p>\n\n\n\n<p>El presidente de la FP record\u00f3 adem\u00e1s que los nuevos miembros deben ser organizados en direcciones de base y que estas estructuras deben estar articuladas con las mesas electorales.<\/p>\n\n\n\n<p>Fern\u00e1ndez sostuvo tambi\u00e9n que la implementaci\u00f3n de este plan de trabajo socializado procura alcanzar la victoria en las pr\u00f3ximas elecciones nacionales, al completar la transici\u00f3n de un partido an\u00e1logo a un partido digital y moderno.<\/p>\n\n\n\n<p>Para este domingo 26 de abril, a las 10:00 de la ma\u00f1ana, el l\u00edder opositor tiene previsto asistir a un encuentro con el sector universitario de la Fuerza del Pueblo, en el Pabell\u00f3n de la Fama del Deporte Dominicano, ubicado en el Centro Ol\u00edmpico Juan Pablo Duarte, en el Distrito Nacional, con la participaci\u00f3n de la Fuerza Profesoral Universitaria, la Vanguardia Estudiantil Dominicana (VED) y los colaboradores de la Fuerza Administrativa Universitaria (FAU).<\/p>\n","protected":false},"excerpt":{"rendered":"<p>Expresidente impulsa plan organizativo rumbo a 2028 y enfoca estrategia en fortalecer la estructura electoral del partido. Santo Domingo.\u2013 El presidente del partido Fuerza del Pueblo (FP), Leonel Fern\u00e1ndez, encabez\u00f3 este viernes y s\u00e1bado asambleas regionales en San Crist\u00f3bal y Santiago con miembros de la Direcci\u00f3n Central de esa organizaci\u00f3n, correspondientes a las provincias de las regiones Sur y el Cibao. Estas asambleas, que se constituyen en jornadas de trabajo, forman parte del inicio de lo que ha sido definido por la organizaci\u00f3n como un plan nacional orientado a consolidar su estructura con miras a la victoria electoral en el a\u00f1o 2028, proceso que es dirigido personalmente por Fern\u00e1ndez, quien interact\u00faa en estos encuentros con dirigentes medios de la entidad, acompa\u00f1ado de miembros de la Direcci\u00f3n Pol\u00edtica. En el marco de estas asambleas, tambi\u00e9n se ha socializado un plan de trabajo con metas espec\u00edficas por territorio, dise\u00f1ado para ser medido y evaluado de manera peri\u00f3dica, con el prop\u00f3sito de garantizar avances concretos en la organizaci\u00f3n y el crecimiento del partido. Como parte de esta agenda, el viernes 24 de abril, a las 4:00 de la tarde, se realiz\u00f3 la asamblea regional sur de la Direcci\u00f3n Central, en el Club Las Orqu\u00eddeas, en San Crist\u00f3bal; mientras que el s\u00e1bado 25 de abril, tambi\u00e9n a las 4:00 de la tarde, tuvo lugar la asamblea correspondiente a la regi\u00f3n del Cibao, en el Centro de Convenciones de UTESA, en Santiago de los Caballeros. Las jornadas se desarrollaron con alta participaci\u00f3n de dirigentes de distintas demarcaciones, quienes tuvieron la oportunidad de intervenir y aportar en la construcci\u00f3n de la estrategia organizativa del partido. Al dirigirse a los presentes, Fern\u00e1ndez enfatiz\u00f3 que el crecimiento del partido debe traducirse en organizaci\u00f3n efectiva y capacidad electoral. En ese mismo orden, reiter\u00f3 lo explicado en las asambleas de la semana pasada en San Pedro de Macor\u00eds y Santo Domingo sobre la importancia del rol que deben asumir los supervisores en el fortalecimiento territorial de la organizaci\u00f3n. El presidente de la FP record\u00f3 adem\u00e1s que los nuevos miembros deben ser organizados en direcciones de base y que estas estructuras deben estar articuladas con las mesas electorales. Fern\u00e1ndez sostuvo tambi\u00e9n que la implementaci\u00f3n de este plan de trabajo socializado procura alcanzar la victoria en las pr\u00f3ximas elecciones nacionales, al completar la transici\u00f3n de un partido an\u00e1logo a un partido digital y moderno. Para este domingo 26 de abril, a las 10:00 de la ma\u00f1ana, el l\u00edder opositor tiene previsto asistir a un encuentro con el sector universitario de la Fuerza del Pueblo, en el Pabell\u00f3n de la Fama del Deporte Dominicano, ubicado en el Centro Ol\u00edmpico Juan Pablo Duarte, en el Distrito Nacional, con la participaci\u00f3n de la Fuerza Profesoral Universitaria, la Vanguardia Estudiantil Dominicana (VED) y los colaboradores de la Fuerza Administrativa Universitaria (FAU).<\/p>\n","protected":false},"author":6,"featured_media":0,"comment_status":"open","ping_status":"open","sticky":false,"template":"","format":"standard","meta":{"om_disable_all_campaigns":false,"footnotes":""},"categories":[12],"tags":[],"class_list":["post-143486","post","type-post","status-publish","format-standard","hentry","category-politic"],"_links":{"self":[{"href":"https:\/\/conexiondigital.com.do\/index.php\/wp-json\/wp\/v2\/posts\/143486","targetHints":{"allow":["GET"]}}],"collection":[{"href":"https:\/\/conexiondigital.com.do\/index.php\/wp-json\/wp\/v2\/posts"}],"about":[{"href":"https:\/\/conexiondigital.com.do\/index.php\/wp-json\/wp\/v2\/types\/post"}],"author":[{"embeddable":true,"href":"https:\/\/conexiondigital.com.do\/index.php\/wp-json\/wp\/v2\/users\/6"}],"replies":[{"embeddable":true,"href":"https:\/\/conexiondigital.com.do\/index.php\/wp-json\/wp\/v2\/comments?post=143486"}],"version-history":[{"count":1,"href":"https:\/\/conexiondigital.com.do\/index.php\/wp-json\/wp\/v2\/posts\/143486\/revisions"}],"predecessor-version":[{"id":143488,"href":"https:\/\/conexiondigital.com.do\/index.php\/wp-json\/wp\/v2\/posts\/143486\/revisions\/143488"}],"wp:attachment":[{"href":"https:\/\/conexiondigital.com.do\/index.php\/wp-json\/wp\/v2\/media?parent=143486"}],"wp:term":[{"taxonomy":"category","embeddable":true,"href":"https:\/\/conexiondigital.com.do\/index.php\/wp-json\/wp\/v2\/categories?post=143486"},{"taxonomy":"post_tag","embeddable":true,"href":"https:\/\/conexiondigital.com.do\/index.php\/wp-json\/wp\/v2\/tags?post=143486"}],"curies":[{"name":"wp","href":"https:\/\/api.w.org\/{rel}","templated":true}]}}