{"id":143496,"date":"2026-04-26T08:26:41","date_gmt":"2026-04-26T12:26:41","guid":{"rendered":"https:\/\/conexiondigital.com.do\/?p=143496"},"modified":"2026-04-26T08:26:52","modified_gmt":"2026-04-26T12:26:52","slug":"francisco-dominguez-brito-llama-a-cuidar-y-proteger-la-cordillera-septentrional","status":"publish","type":"post","link":"https:\/\/conexiondigital.com.do\/index.php\/2026\/04\/26\/francisco-dominguez-brito-llama-a-cuidar-y-proteger-la-cordillera-septentrional\/","title":{"rendered":"Francisco Dom\u00ednguez Brito llama a cuidar y proteger la Cordillera Septentrional."},"content":{"rendered":"\n<figure class=\"wp-block-image size-large\"><img loading=\"lazy\" decoding=\"async\" width=\"768\" height=\"1024\" src=\"https:\/\/images.conexiondigital.com.do\/wp-content\/uploads\/2026\/04\/f7287f91-2b78-43f9-a648-f1ec08a462ea-768x1024.jpg\" alt=\"\" class=\"wp-image-143497\" srcset=\"https:\/\/images.conexiondigital.com.do\/wp-content\/uploads\/2026\/04\/f7287f91-2b78-43f9-a648-f1ec08a462ea-768x1024.jpg 768w, https:\/\/images.conexiondigital.com.do\/wp-content\/uploads\/2026\/04\/f7287f91-2b78-43f9-a648-f1ec08a462ea-600x800.jpg 600w, https:\/\/images.conexiondigital.com.do\/wp-content\/uploads\/2026\/04\/f7287f91-2b78-43f9-a648-f1ec08a462ea-1152x1536.jpg 1152w, https:\/\/images.conexiondigital.com.do\/wp-content\/uploads\/2026\/04\/f7287f91-2b78-43f9-a648-f1ec08a462ea-1536x2048.jpg 1536w, https:\/\/images.conexiondigital.com.do\/wp-content\/uploads\/2026\/04\/f7287f91-2b78-43f9-a648-f1ec08a462ea-300x400.jpg 300w, https:\/\/images.conexiondigital.com.do\/wp-content\/uploads\/2026\/04\/f7287f91-2b78-43f9-a648-f1ec08a462ea.jpg 1920w\" sizes=\"auto, (max-width: 768px) 100vw, 768px\"><\/figure>\n\n\n\n<p>Santiago.\u2013 Francisco Dom\u00ednguez Brito particip\u00f3 en una marcha caminata en defensa de la Cordillera Septentrional, donde advirti\u00f3 que esta importante zona ecol\u00f3gica ha sido explotada durante d\u00e9cadas mediante la tala indiscriminada de bosques, la extracci\u00f3n de agregados y la miner\u00eda irresponsable, generando graves da\u00f1os al equilibrio ambiental.<\/p>\n\n\n\n<p>El dirigente se\u00f1al\u00f3 que, de no tomarse acciones urgentes, las consecuencias ser\u00e1n cada vez m\u00e1s severas, especialmente ante los efectos del cambio clim\u00e1tico. \u201cLos periodos de lluvias intensas e inundaciones ser\u00e1n m\u00e1s frecuentes. Lo que hemos visto en comunidades como Monte Llano puede repetirse con mayor gravedad, poniendo en riesgo vidas humanas\u201d, expres\u00f3.<\/p>\n\n\n\n<p>Francisco Dom\u00ednguez Brito ponder\u00f3 el rol de la Iglesia Cat\u00f3lica en la defensa del medio ambiente, destacando su compromiso con las ense\u00f1anzas del papa Francisco y su llamado a proteger la \u201ccasa com\u00fan\u201d.<\/p>\n\n\n\n<p>Asimismo, plante\u00f3 la necesidad de implementar un plan integral de protecci\u00f3n que contemple el fortalecimiento de las \u00e1reas protegidas, la reforestaci\u00f3n de las cuencas de los r\u00edos, la identificaci\u00f3n y recuperaci\u00f3n de zonas erosionadas, y el cese de la extracci\u00f3n minera irresponsable.<\/p>\n\n\n\n<figure class=\"wp-block-image size-large is-resized\"><img loading=\"lazy\" decoding=\"async\" width=\"630\" height=\"1024\" src=\"https:\/\/images.conexiondigital.com.do\/wp-content\/uploads\/2026\/04\/813214ab-cd85-46d0-8866-d282d8578727-630x1024.jpg\" alt=\"\" class=\"wp-image-143498\" style=\"aspect-ratio:0.6152437628747998;width:840px;height:auto\" srcset=\"https:\/\/images.conexiondigital.com.do\/wp-content\/uploads\/2026\/04\/813214ab-cd85-46d0-8866-d282d8578727-630x1024.jpg 630w, https:\/\/images.conexiondigital.com.do\/wp-content\/uploads\/2026\/04\/813214ab-cd85-46d0-8866-d282d8578727-492x800.jpg 492w, https:\/\/images.conexiondigital.com.do\/wp-content\/uploads\/2026\/04\/813214ab-cd85-46d0-8866-d282d8578727-768x1248.jpg 768w, https:\/\/images.conexiondigital.com.do\/wp-content\/uploads\/2026\/04\/813214ab-cd85-46d0-8866-d282d8578727-945x1536.jpg 945w, https:\/\/images.conexiondigital.com.do\/wp-content\/uploads\/2026\/04\/813214ab-cd85-46d0-8866-d282d8578727-1260x2048.jpg 1260w, https:\/\/images.conexiondigital.com.do\/wp-content\/uploads\/2026\/04\/813214ab-cd85-46d0-8866-d282d8578727-scaled.jpg 1575w\" sizes=\"auto, (max-width: 630px) 100vw, 630px\"><\/figure>\n\n\n\n<p>Tambi\u00e9n propuso reforzar infraestructuras clave como puentes y sistemas de manejo de aguas en carreteras, as\u00ed como la creaci\u00f3n de un sistema de alerta temprana ante eventos clim\u00e1ticos extremos.<\/p>\n\n\n\n<p>\u201cLos riesgos son reales y cada vez mayores. Proteger la Cordillera Septentrional es garantizar la vida y la seguridad de nuestras comunidades\u201d, concluy\u00f3.<\/p>\n","protected":false},"excerpt":{"rendered":"<p>Santiago.\u2013 Francisco Dom\u00ednguez Brito particip\u00f3 en una marcha caminata en defensa de la Cordillera Septentrional, donde advirti\u00f3 que esta importante zona ecol\u00f3gica ha sido explotada durante d\u00e9cadas mediante la tala indiscriminada de bosques, la extracci\u00f3n de agregados y la miner\u00eda irresponsable, generando graves da\u00f1os al equilibrio ambiental. El dirigente se\u00f1al\u00f3 que, de no tomarse acciones urgentes, las consecuencias ser\u00e1n cada vez m\u00e1s severas, especialmente ante los efectos del cambio clim\u00e1tico. \u201cLos periodos de lluvias intensas e inundaciones ser\u00e1n m\u00e1s frecuentes. Lo que hemos visto en comunidades como Monte Llano puede repetirse con mayor gravedad, poniendo en riesgo vidas humanas\u201d, expres\u00f3. Francisco Dom\u00ednguez Brito ponder\u00f3 el rol de la Iglesia Cat\u00f3lica en la defensa del medio ambiente, destacando su compromiso con las ense\u00f1anzas del papa Francisco y su llamado a proteger la \u201ccasa com\u00fan\u201d. Asimismo, plante\u00f3 la necesidad de implementar un plan integral de protecci\u00f3n que contemple el fortalecimiento de las \u00e1reas protegidas, la reforestaci\u00f3n de las cuencas de los r\u00edos, la identificaci\u00f3n y recuperaci\u00f3n de zonas erosionadas, y el cese de la extracci\u00f3n minera irresponsable. Tambi\u00e9n propuso reforzar infraestructuras clave como puentes y sistemas de manejo de aguas en carreteras, as\u00ed como la creaci\u00f3n de un sistema de alerta temprana ante eventos clim\u00e1ticos extremos. \u201cLos riesgos son reales y cada vez mayores. Proteger la Cordillera Septentrional es garantizar la vida y la seguridad de nuestras comunidades\u201d, concluy\u00f3.<\/p>\n","protected":false},"author":6,"featured_media":0,"comment_status":"open","ping_status":"open","sticky":false,"template":"","format":"standard","meta":{"om_disable_all_campaigns":false,"footnotes":""},"categories":[15],"tags":[],"class_list":["post-143496","post","type-post","status-publish","format-standard","hentry","category-nacionales"],"_links":{"self":[{"href":"https:\/\/conexiondigital.com.do\/index.php\/wp-json\/wp\/v2\/posts\/143496","targetHints":{"allow":["GET"]}}],"collection":[{"href":"https:\/\/conexiondigital.com.do\/index.php\/wp-json\/wp\/v2\/posts"}],"about":[{"href":"https:\/\/conexiondigital.com.do\/index.php\/wp-json\/wp\/v2\/types\/post"}],"author":[{"embeddable":true,"href":"https:\/\/conexiondigital.com.do\/index.php\/wp-json\/wp\/v2\/users\/6"}],"replies":[{"embeddable":true,"href":"https:\/\/conexiondigital.com.do\/index.php\/wp-json\/wp\/v2\/comments?post=143496"}],"version-history":[{"count":2,"href":"https:\/\/conexiondigital.com.do\/index.php\/wp-json\/wp\/v2\/posts\/143496\/revisions"}],"predecessor-version":[{"id":143500,"href":"https:\/\/conexiondigital.com.do\/index.php\/wp-json\/wp\/v2\/posts\/143496\/revisions\/143500"}],"wp:attachment":[{"href":"https:\/\/conexiondigital.com.do\/index.php\/wp-json\/wp\/v2\/media?parent=143496"}],"wp:term":[{"taxonomy":"category","embeddable":true,"href":"https:\/\/conexiondigital.com.do\/index.php\/wp-json\/wp\/v2\/categories?post=143496"},{"taxonomy":"post_tag","embeddable":true,"href":"https:\/\/conexiondigital.com.do\/index.php\/wp-json\/wp\/v2\/tags?post=143496"}],"curies":[{"name":"wp","href":"https:\/\/api.w.org\/{rel}","templated":true}]}}