{"id":143514,"date":"2026-04-26T17:18:40","date_gmt":"2026-04-26T21:18:40","guid":{"rendered":"https:\/\/conexiondigital.com.do\/?p=143514"},"modified":"2026-04-26T17:18:43","modified_gmt":"2026-04-26T21:18:43","slug":"el-pld-esta-organizado-para-luchar-por-la-toma-del-poder","status":"publish","type":"post","link":"https:\/\/conexiondigital.com.do\/index.php\/2026\/04\/26\/el-pld-esta-organizado-para-luchar-por-la-toma-del-poder\/","title":{"rendered":"El PLD est\u00e1 organizado para luchar por la toma del poder"},"content":{"rendered":"\n<figure class=\"wp-block-image size-large\"><img loading=\"lazy\" decoding=\"async\" width=\"1024\" height=\"590\" src=\"https:\/\/images.conexiondigital.com.do\/wp-content\/uploads\/2026\/04\/WhatsApp-Image-2026-04-26-at-2.40.25-PM-1024x590.jpg\" alt=\"\" class=\"wp-image-143515\" srcset=\"https:\/\/images.conexiondigital.com.do\/wp-content\/uploads\/2026\/04\/WhatsApp-Image-2026-04-26-at-2.40.25-PM-1024x590.jpg 1024w, https:\/\/images.conexiondigital.com.do\/wp-content\/uploads\/2026\/04\/WhatsApp-Image-2026-04-26-at-2.40.25-PM-800x461.jpg 800w, https:\/\/images.conexiondigital.com.do\/wp-content\/uploads\/2026\/04\/WhatsApp-Image-2026-04-26-at-2.40.25-PM-768x443.jpg 768w, https:\/\/images.conexiondigital.com.do\/wp-content\/uploads\/2026\/04\/WhatsApp-Image-2026-04-26-at-2.40.25-PM-1536x885.jpg 1536w, https:\/\/images.conexiondigital.com.do\/wp-content\/uploads\/2026\/04\/WhatsApp-Image-2026-04-26-at-2.40.25-PM.jpg 1600w\" sizes=\"auto, (max-width: 1024px) 100vw, 1024px\"><\/figure>\n\n\n\n<p><strong>Danilo Medina lo deja claro: \u201cjam\u00e1s el PLD participar\u00eda en unas elecciones aliado a quienes han sido sus verdugos.<\/strong><\/p>\n\n\n\n<p>El ex Presidente Danilo Medina, presidente del Partido de la Liberaci\u00f3n Dominicana (PLD), reiter\u00f3 que las puertas de esa organizaci\u00f3n pol\u00edtica est\u00e1n abiertas al liderazgo y a las organizaciones que quieran participar junto al partido morado de la estrella amarilla en las pr\u00f3ximas elecciones, pero que jam\u00e1s esa organizaci\u00f3n ir\u00eda aliada con sus verdugos<\/p>\n\n\n<div class=\"wp-block-image\">\n<figure class=\"alignright\"><a href=\"https:\/\/vanguardiadelpueblo.do\/wp-content\/uploads\/2026\/04\/WhatsApp-Image-2026-04-26-at-2.40.25-PM-2.jpeg\"><img decoding=\"async\" src=\"https:\/\/vanguardiadelpueblo.do\/wp-content\/uploads\/2026\/04\/WhatsApp-Image-2026-04-26-at-2.40.25-PM-2-480x304.jpeg\" alt=\"\" class=\"wp-image-238899\"\/><\/a><\/figure>\n<\/div>\n\n\n<p>\u201cLo hemos dicho claramente, todo aquel que quiera apoyar al Partido de la Liberaci\u00f3n Dominicana, de cara a las elecciones del a\u00f1o 2028, las puertas est\u00e1n abiertas, pero que nadie espere que el PLD endose su fuerza a partido alguno, Que cada quien se rasque con sus propias u\u00f1as\u201d, precis\u00f3<\/p>\n\n\n\n<p>Dijo, respondiendo a los periodistas que le abordaron al concluir el encuentro del movimiento Unidos Firmes al Futuro, realizado a media ma\u00f1ana de este domingo en Mao, provincia Valverde, que el PLD est\u00e1 seriamente comprometido para desarrollar las fuerzas productivas del pa\u00eds, como se hizo en los periodos que les toc\u00f3 presidir.<\/p>\n\n\n<div class=\"wp-block-image\">\n<figure class=\"alignleft\"><a href=\"https:\/\/vanguardiadelpueblo.do\/wp-content\/uploads\/2026\/04\/WhatsApp-Image-2026-04-26-at-2.40.25-PM-1.jpeg\"><img decoding=\"async\" src=\"https:\/\/vanguardiadelpueblo.do\/wp-content\/uploads\/2026\/04\/WhatsApp-Image-2026-04-26-at-2.40.25-PM-1-480x260.jpeg\" alt=\"\" class=\"wp-image-238900\"\/><\/a><\/figure>\n<\/div>\n\n\n<p>\u201cEl PLD est\u00e1 sentado en su propia silla para luchar por la toma del poder. El Partido de la Liberaci\u00f3n Dominicana tiene un compromiso social con el pueblo. Estamos comprometidos con el desarrollo de las fuerzas productivas para transformar las condiciones materiales de existencia de los dominicanos y dominicanas\u201d, declar\u00f3.<\/p>\n\n\n\n<p>Danilo Medina fue enf\u00e1tico en su respuesta a los periodistas de una supuesta alianza del PLD con el Partido de Gobierno: \u201cQue nadie, absolutamente nadie, sue\u00f1e con el PLD y menos los que aplicaron la operaci\u00f3n tijera con la intenci\u00f3n de destruirnos\u201d. Apunt\u00f3.<\/p>\n\n\n\n<p>Al iniciar el di\u00e1logo con los corresponsales period\u00edsticos, Danilo Medina dijo que en el PLD no se sufre del s\u00edndrome de Estocolmo, una reacci\u00f3n en la que una v\u00edctima se enamora de su verdugo.<\/p>\n\n\n\n<p>Por segunda ocasi\u00f3n el ex presidente Danilo Medina, comparte con los integrantes del movimiento \u201cUnidos Firmes al Futuro\u201d, una agrupaci\u00f3n de la provincia Valverde y la L\u00ednea Noroeste que aglutina a j\u00f3venes, empresarios y productores agr\u00edcolas, quienes respaldan al PLD agradecidos de la gesti\u00f3n del Presidente Danilo Medina.<\/p>\n\n\n<div class=\"wp-block-image\">\n<figure class=\"alignright\"><a href=\"https:\/\/vanguardiadelpueblo.do\/wp-content\/uploads\/2026\/04\/WhatsApp-Image-2026-04-26-at-2.40.25-PM-3.jpeg\"><img decoding=\"async\" src=\"https:\/\/vanguardiadelpueblo.do\/wp-content\/uploads\/2026\/04\/WhatsApp-Image-2026-04-26-at-2.40.25-PM-3-480x288.jpeg\" alt=\"\" class=\"wp-image-238898\"\/><\/a><\/figure>\n<\/div>\n\n\n<p>John Flores, coordinador del movimiento, explic\u00f3 que esta estructura nace del compromiso de j\u00f3venes y ciudadanos decididos a trabajar por un pa\u00eds m\u00e1s justo, solidario e inclusivo, promoviendo liderazgo, participaci\u00f3n y acciones sociales con impacto real.<\/p>\n\n\n\n<p>Tanto Flores como otros de los integrantes de la actividad organizada por ellos en los salones del Club de Leones en Mao, resaltaron la entrega del ex presidente Danilo Medina a impulsar la econom\u00eda y el progreso en Rep\u00fablica Dominicana.<\/p>\n\n\n<div class=\"wp-block-image\">\n<figure class=\"alignleft\"><a href=\"https:\/\/vanguardiadelpueblo.do\/wp-content\/uploads\/2026\/04\/WhatsApp-Image-2026-04-26-at-2.40.25-PM-4.jpeg\"><img decoding=\"async\" src=\"https:\/\/vanguardiadelpueblo.do\/wp-content\/uploads\/2026\/04\/WhatsApp-Image-2026-04-26-at-2.40.25-PM-4-480x270.jpeg\" alt=\"\" class=\"wp-image-238897\"\/><\/a><\/figure>\n<\/div>\n\n\n<p>Luego de que los integrantes de \u201cUnidos Firmes al Futuro\u201d, expusieron lo hizo Danilo Medina, felicit\u00e1ndolos por el paso dado de integrarse al ejercicio de la pol\u00edtica, que es donde est\u00e1n las herramientas para el desarrollo del Estado.<\/p>\n\n\n\n<p>Defini\u00f3 al Partido de la Liberaci\u00f3n Dominicana como una organizaci\u00f3n con historia, que les ha brindado la oportunidad a sus miembros y militantes de crecer pol\u00edticamente.<\/p>\n\n\n\n<p>\u201cLo que transforma la vida de la gente es la pol\u00edtica. Militen pol\u00edticamente\u201d, les dijo Danilo Medina a los integrantes del Movimiento \u201cUnidos Firmes al Futuro\u201d, en la actividad realizada a casa llena y en la que el presidente del PLD se hizo acompa\u00f1ar de una comitiva de miembros del Comit\u00e9 Pol\u00edtico y la representaci\u00f3n de la direcci\u00f3n del PLD en la provincia<\/p>\n","protected":false},"excerpt":{"rendered":"<p>Danilo Medina lo deja claro: \u201cjam\u00e1s el PLD participar\u00eda en unas elecciones aliado a quienes han sido sus verdugos. El ex Presidente Danilo Medina, presidente del Partido de la Liberaci\u00f3n Dominicana (PLD), reiter\u00f3 que las puertas de esa organizaci\u00f3n pol\u00edtica est\u00e1n abiertas al liderazgo y a las organizaciones que quieran participar junto al partido morado de la estrella amarilla en las pr\u00f3ximas elecciones, pero que jam\u00e1s esa organizaci\u00f3n ir\u00eda aliada con sus verdugos \u201cLo hemos dicho claramente, todo aquel que quiera apoyar al Partido de la Liberaci\u00f3n Dominicana, de cara a las elecciones del a\u00f1o 2028, las puertas est\u00e1n abiertas, pero que nadie espere que el PLD endose su fuerza a partido alguno, Que cada quien se rasque con sus propias u\u00f1as\u201d, precis\u00f3 Dijo, respondiendo a los periodistas que le abordaron al concluir el encuentro del movimiento Unidos Firmes al Futuro, realizado a media ma\u00f1ana de este domingo en Mao, provincia Valverde, que el PLD est\u00e1 seriamente comprometido para desarrollar las fuerzas productivas del pa\u00eds, como se hizo en los periodos que les toc\u00f3 presidir. \u201cEl PLD est\u00e1 sentado en su propia silla para luchar por la toma del poder. El Partido de la Liberaci\u00f3n Dominicana tiene un compromiso social con el pueblo. Estamos comprometidos con el desarrollo de las fuerzas productivas para transformar las condiciones materiales de existencia de los dominicanos y dominicanas\u201d, declar\u00f3. Danilo Medina fue enf\u00e1tico en su respuesta a los periodistas de una supuesta alianza del PLD con el Partido de Gobierno: \u201cQue nadie, absolutamente nadie, sue\u00f1e con el PLD y menos los que aplicaron la operaci\u00f3n tijera con la intenci\u00f3n de destruirnos\u201d. Apunt\u00f3. Al iniciar el di\u00e1logo con los corresponsales period\u00edsticos, Danilo Medina dijo que en el PLD no se sufre del s\u00edndrome de Estocolmo, una reacci\u00f3n en la que una v\u00edctima se enamora de su verdugo. Por segunda ocasi\u00f3n el ex presidente Danilo Medina, comparte con los integrantes del movimiento \u201cUnidos Firmes al Futuro\u201d, una agrupaci\u00f3n de la provincia Valverde y la L\u00ednea Noroeste que aglutina a j\u00f3venes, empresarios y productores agr\u00edcolas, quienes respaldan al PLD agradecidos de la gesti\u00f3n del Presidente Danilo Medina. John Flores, coordinador del movimiento, explic\u00f3 que esta estructura nace del compromiso de j\u00f3venes y ciudadanos decididos a trabajar por un pa\u00eds m\u00e1s justo, solidario e inclusivo, promoviendo liderazgo, participaci\u00f3n y acciones sociales con impacto real. Tanto Flores como otros de los integrantes de la actividad organizada por ellos en los salones del Club de Leones en Mao, resaltaron la entrega del ex presidente Danilo Medina a impulsar la econom\u00eda y el progreso en Rep\u00fablica Dominicana. Luego de que los integrantes de \u201cUnidos Firmes al Futuro\u201d, expusieron lo hizo Danilo Medina, felicit\u00e1ndolos por el paso dado de integrarse al ejercicio de la pol\u00edtica, que es donde est\u00e1n las herramientas para el desarrollo del Estado. Defini\u00f3 al Partido de la Liberaci\u00f3n Dominicana como una organizaci\u00f3n con historia, que les ha brindado la oportunidad a sus miembros y militantes de crecer pol\u00edticamente. \u201cLo que transforma la vida de la gente es la pol\u00edtica. Militen pol\u00edticamente\u201d, les dijo Danilo Medina a los integrantes del Movimiento \u201cUnidos Firmes al Futuro\u201d, en la actividad realizada a casa llena y en la que el presidente del PLD se hizo acompa\u00f1ar de una comitiva de miembros del Comit\u00e9 Pol\u00edtico y la representaci\u00f3n de la direcci\u00f3n del PLD en la provincia<\/p>\n","protected":false},"author":6,"featured_media":0,"comment_status":"open","ping_status":"open","sticky":false,"template":"","format":"standard","meta":{"om_disable_all_campaigns":false,"footnotes":""},"categories":[12],"tags":[],"class_list":["post-143514","post","type-post","status-publish","format-standard","hentry","category-politic"],"_links":{"self":[{"href":"https:\/\/conexiondigital.com.do\/index.php\/wp-json\/wp\/v2\/posts\/143514","targetHints":{"allow":["GET"]}}],"collection":[{"href":"https:\/\/conexiondigital.com.do\/index.php\/wp-json\/wp\/v2\/posts"}],"about":[{"href":"https:\/\/conexiondigital.com.do\/index.php\/wp-json\/wp\/v2\/types\/post"}],"author":[{"embeddable":true,"href":"https:\/\/conexiondigital.com.do\/index.php\/wp-json\/wp\/v2\/users\/6"}],"replies":[{"embeddable":true,"href":"https:\/\/conexiondigital.com.do\/index.php\/wp-json\/wp\/v2\/comments?post=143514"}],"version-history":[{"count":1,"href":"https:\/\/conexiondigital.com.do\/index.php\/wp-json\/wp\/v2\/posts\/143514\/revisions"}],"predecessor-version":[{"id":143516,"href":"https:\/\/conexiondigital.com.do\/index.php\/wp-json\/wp\/v2\/posts\/143514\/revisions\/143516"}],"wp:attachment":[{"href":"https:\/\/conexiondigital.com.do\/index.php\/wp-json\/wp\/v2\/media?parent=143514"}],"wp:term":[{"taxonomy":"category","embeddable":true,"href":"https:\/\/conexiondigital.com.do\/index.php\/wp-json\/wp\/v2\/categories?post=143514"},{"taxonomy":"post_tag","embeddable":true,"href":"https:\/\/conexiondigital.com.do\/index.php\/wp-json\/wp\/v2\/tags?post=143514"}],"curies":[{"name":"wp","href":"https:\/\/api.w.org\/{rel}","templated":true}]}}