{"id":143526,"date":"2026-04-26T19:20:51","date_gmt":"2026-04-26T23:20:51","guid":{"rendered":"https:\/\/conexiondigital.com.do\/?p=143526"},"modified":"2026-04-26T19:20:51","modified_gmt":"2026-04-26T23:20:51","slug":"el-pld-en-santiago-se-fortalece-con-el-reingreso-de-silvio-duran","status":"publish","type":"post","link":"https:\/\/conexiondigital.com.do\/index.php\/2026\/04\/26\/el-pld-en-santiago-se-fortalece-con-el-reingreso-de-silvio-duran\/","title":{"rendered":"El PLD en Santiago se fortalece con el reingreso de Silvio Dur\u00e1n"},"content":{"rendered":"\n<figure class=\"wp-block-image size-large\"><img loading=\"lazy\" decoding=\"async\" width=\"1024\" height=\"683\" src=\"https:\/\/images.conexiondigital.com.do\/wp-content\/uploads\/2026\/04\/WhatsApp-Image-2026-04-26-at-6.12.20-PM-4-1024x683.jpg\" alt=\"\" class=\"wp-image-143527\" srcset=\"https:\/\/images.conexiondigital.com.do\/wp-content\/uploads\/2026\/04\/WhatsApp-Image-2026-04-26-at-6.12.20-PM-4-1024x683.jpg 1024w, https:\/\/images.conexiondigital.com.do\/wp-content\/uploads\/2026\/04\/WhatsApp-Image-2026-04-26-at-6.12.20-PM-4-800x534.jpg 800w, https:\/\/images.conexiondigital.com.do\/wp-content\/uploads\/2026\/04\/WhatsApp-Image-2026-04-26-at-6.12.20-PM-4-768x512.jpg 768w, https:\/\/images.conexiondigital.com.do\/wp-content\/uploads\/2026\/04\/WhatsApp-Image-2026-04-26-at-6.12.20-PM-4-300x400.jpg 300w, https:\/\/images.conexiondigital.com.do\/wp-content\/uploads\/2026\/04\/WhatsApp-Image-2026-04-26-at-6.12.20-PM-4.jpg 1280w\" sizes=\"auto, (max-width: 1024px) 100vw, 1024px\"><\/figure>\n\n\n\n<p><strong>Silvio Duran regresa con decenas de nuevos miembros a su casa pol\u00edtica, el Partido de la Liberaci\u00f3n Dominicana. Danilo Medina le toma el juramento.<\/strong><\/p>\n\n\n\n<p>Silvio Duran, reconocido dirigente pol\u00edtico en Santiago de los Caballeros, retorn\u00f3 su militancia al Partido de la Liberaci\u00f3n Dominicana (PLD) dando seguimiento al programa de \u201cVuelta a Casa \u201cmediante el cual han regresado a las filas peledeistas , cientos de antiguos militantes.<\/p>\n\n\n<div class=\"wp-block-image\">\n<figure class=\"alignright\"><a href=\"https:\/\/vanguardiadelpueblo.do\/wp-content\/uploads\/2026\/04\/WhatsApp-Image-2026-04-26-at-6.12.20-PM-5.jpeg\"><img decoding=\"async\" src=\"https:\/\/vanguardiadelpueblo.do\/wp-content\/uploads\/2026\/04\/WhatsApp-Image-2026-04-26-at-6.12.20-PM-5-480x304.jpeg\" alt=\"\" class=\"wp-image-238905\"\/><\/a><\/figure>\n<\/div>\n\n\n<p>El reingreso de Dur\u00e1n al PLD se hizo en un acto encabezado por el ex presidente de la Rep\u00fablica, Danilo Medina, presidente del PLD, quien le tom\u00f3 el juramento al ex director de CORAASAN y un grupo de militantes que le acompa\u00f1aron.<\/p>\n\n\n\n<p>Al ser juramentado Danilo Medina entreg\u00f3 a Silvio Duran una llave simb\u00f3lica que abre la puerta a su casa. el Partido de la Liberaci\u00f3n Dominicana, como dirigente formado pol\u00edticamente en esa organizaci\u00f3n y la gorra distintiva peledeista que exhibe el color morado, la estrella amarilla y las siglas PLD<\/p>\n\n\n\n<p>Al momento de su juramentaci\u00f3n, Medina le dio la bienvenida a Dur\u00e1n con un mensaje simb\u00f3lico: \u201cLe entregamos la casa, la llave de la casa del Partido, de la que usted nunca debi\u00f3 salir\u201d, dijo.<\/p>\n\n\n<div class=\"wp-block-image\">\n<figure class=\"alignleft\"><a href=\"https:\/\/vanguardiadelpueblo.do\/wp-content\/uploads\/2026\/04\/WhatsApp-Image-2026-04-26-at-6.12.20-PM-2.jpeg\"><img decoding=\"async\" src=\"https:\/\/vanguardiadelpueblo.do\/wp-content\/uploads\/2026\/04\/WhatsApp-Image-2026-04-26-at-6.12.20-PM-2-480x275.jpeg\" alt=\"\" class=\"wp-image-238908\"\/><\/a><\/figure>\n<\/div>\n\n\n<p>La presencia de Ram\u00f3n Ventura Camejo, Francisco Dom\u00ednguez Brito, Jose Ram\u00f3n Fadul, reconocidos miembros del PLD en Santiago y la representaci\u00f3n de la direcci\u00f3n provincial encabezada por Juan Carlos Pi\u00f1a, presidente de la provincia y Tony Capell\u00e1n , enlace provincial, resalta la alegr\u00eda de que un hijo del PLD vuelva a su casa.<\/p>\n\n\n\n<p>Silvio Dur\u00e1n calific\u00f3 su regreso como un reencuentro con sus ra\u00edces pol\u00edticas. \u201cYo he venido a mi casa, esta es mi casa. Vivo como el hijo pr\u00f3digo\u2026 no voy a reclamar mi herencia, sino que vengo a encontrarme con mi familia, que son los pelede\u00edstas\u201d, expres\u00f3.<\/p>\n\n\n\n<p>Asimismo, agradeci\u00f3 el gesto del exmandatario, resaltando su trato cercano. \u201cAgradezco firmemente el gesto del presidente Medina\u2026 es un hombre humanista, no es rencoroso, es un hombre bueno\u201d, afirm\u00f3.<\/p>\n\n\n<div class=\"wp-block-image\">\n<figure class=\"alignright\"><a href=\"https:\/\/vanguardiadelpueblo.do\/wp-content\/uploads\/2026\/04\/WhatsApp-Image-2026-04-26-at-6.12.20-PM-1.jpeg\"><img decoding=\"async\" src=\"https:\/\/vanguardiadelpueblo.do\/wp-content\/uploads\/2026\/04\/WhatsApp-Image-2026-04-26-at-6.12.20-PM-1-480x284.jpeg\" alt=\"\" class=\"wp-image-238909\"\/><\/a><\/figure>\n<\/div>\n\n\n<p>El dirigente tambi\u00e9n llam\u00f3 a la militancia a retomar el trabajo pol\u00edtico de base, enfatizando el contacto directo con la poblaci\u00f3n. \u201cAqu\u00ed vamos a echar el freno y vamos para la calle a trabajar\u2026 en busca de los votos con los que se gana\u201d, sostuvo.<\/p>\n\n\n\n<p>Dur\u00e1n tambi\u00e9n resalt\u00f3 las pol\u00edticas implementadas durante los gobiernos del PLD, atribuyendo a esas gestiones el dinamismo econ\u00f3mico en distintas comunidades. \u201cCuando Danilo se mov\u00eda, el peso se mov\u00eda\u201d, dijo, al destacar la construcci\u00f3n de escuelas y obras como motores de desarrollo.<\/p>\n\n\n\n<p>De igual forma, exhort\u00f3 a los dirigentes a asumir un rol m\u00e1s activo y estrat\u00e9gico, incorporando nuevas herramientas tecnol\u00f3gicas. \u201cTenemos que ser los mejores\u2026 la inteligencia artificial es el presente\u201d, puntualiz\u00f3.<\/p>\n\n\n<div class=\"wp-block-image\">\n<figure class=\"alignleft\"><a href=\"https:\/\/vanguardiadelpueblo.do\/wp-content\/uploads\/2026\/04\/WhatsApp-Image-2026-04-26-at-6.12.20-PM.jpeg\"><img decoding=\"async\" src=\"https:\/\/vanguardiadelpueblo.do\/wp-content\/uploads\/2026\/04\/WhatsApp-Image-2026-04-26-at-6.12.20-PM-480x237.jpeg\" alt=\"\" class=\"wp-image-238910\"\/><\/a><\/figure>\n<\/div>\n\n\n<p>Las palabras de bienvenida estuvieron a cargo de Juan Carlos Pi\u00f1a, presidente provincial del PLD, quien expres\u00f3 su satisfacci\u00f3n por el retorno del dirigente.<\/p>\n\n\n\n<p>La actividad cont\u00f3 con la presencia de miembros del Comit\u00e9 Pol\u00edtico del PLD, entre ellos Sonia Mateo, Aura Toribio, Thelma Eusebio, Yomaira Medina, Miriam Cabral y Radham\u00e9s Camacho.<\/p>\n\n\n\n<p>El programa De Vuelta a Casa forma parte del proceso de fortalecimiento y reorganizaci\u00f3n que impulsa el PLD a nivel nacional, con miras a los pr\u00f3ximos desaf\u00edos electorales.<\/p>\n\n\n<div class=\"wp-block-image\">\n<figure class=\"alignright\"><a href=\"https:\/\/vanguardiadelpueblo.do\/wp-content\/uploads\/2026\/04\/WhatsApp-Image-2026-04-26-at-6.12.20-PM-3.jpeg\"><img decoding=\"async\" src=\"https:\/\/vanguardiadelpueblo.do\/wp-content\/uploads\/2026\/04\/WhatsApp-Image-2026-04-26-at-6.12.20-PM-3-480x256.jpeg\" alt=\"\" class=\"wp-image-238907\"\/><\/a><\/figure>\n<\/div>\n\n\n<p>Una importante representaci\u00f3n del Comit\u00e9 Provincial y de las circunscripciones de Santiago particip\u00f3 de actividad realizada a casa llena en el gran sal\u00f3n del Hotel Aloha Sol, en la c\u00e9ntrica calle El Sol de Santiago de los Caballeros.<\/p>\n\n\n\n<p>El acto, lleno de momentos emocionantes, fruto del reencuentro de compa\u00f1eros de dilatada militancia, hubo de abreviarse, porque adem\u00e1s, la asistencia sobrepas\u00f3 la capacidad del sal\u00f3n disponible para la actividad.<\/p>\n","protected":false},"excerpt":{"rendered":"<p>Silvio Duran regresa con decenas de nuevos miembros a su casa pol\u00edtica, el Partido de la Liberaci\u00f3n Dominicana. Danilo Medina le toma el juramento. Silvio Duran, reconocido dirigente pol\u00edtico en Santiago de los Caballeros, retorn\u00f3 su militancia al Partido de la Liberaci\u00f3n Dominicana (PLD) dando seguimiento al programa de \u201cVuelta a Casa \u201cmediante el cual han regresado a las filas peledeistas , cientos de antiguos militantes. El reingreso de Dur\u00e1n al PLD se hizo en un acto encabezado por el ex presidente de la Rep\u00fablica, Danilo Medina, presidente del PLD, quien le tom\u00f3 el juramento al ex director de CORAASAN y un grupo de militantes que le acompa\u00f1aron. Al ser juramentado Danilo Medina entreg\u00f3 a Silvio Duran una llave simb\u00f3lica que abre la puerta a su casa. el Partido de la Liberaci\u00f3n Dominicana, como dirigente formado pol\u00edticamente en esa organizaci\u00f3n y la gorra distintiva peledeista que exhibe el color morado, la estrella amarilla y las siglas PLD Al momento de su juramentaci\u00f3n, Medina le dio la bienvenida a Dur\u00e1n con un mensaje simb\u00f3lico: \u201cLe entregamos la casa, la llave de la casa del Partido, de la que usted nunca debi\u00f3 salir\u201d, dijo. La presencia de Ram\u00f3n Ventura Camejo, Francisco Dom\u00ednguez Brito, Jose Ram\u00f3n Fadul, reconocidos miembros del PLD en Santiago y la representaci\u00f3n de la direcci\u00f3n provincial encabezada por Juan Carlos Pi\u00f1a, presidente de la provincia y Tony Capell\u00e1n , enlace provincial, resalta la alegr\u00eda de que un hijo del PLD vuelva a su casa. Silvio Dur\u00e1n calific\u00f3 su regreso como un reencuentro con sus ra\u00edces pol\u00edticas. \u201cYo he venido a mi casa, esta es mi casa. Vivo como el hijo pr\u00f3digo\u2026 no voy a reclamar mi herencia, sino que vengo a encontrarme con mi familia, que son los pelede\u00edstas\u201d, expres\u00f3. Asimismo, agradeci\u00f3 el gesto del exmandatario, resaltando su trato cercano. \u201cAgradezco firmemente el gesto del presidente Medina\u2026 es un hombre humanista, no es rencoroso, es un hombre bueno\u201d, afirm\u00f3. El dirigente tambi\u00e9n llam\u00f3 a la militancia a retomar el trabajo pol\u00edtico de base, enfatizando el contacto directo con la poblaci\u00f3n. \u201cAqu\u00ed vamos a echar el freno y vamos para la calle a trabajar\u2026 en busca de los votos con los que se gana\u201d, sostuvo. Dur\u00e1n tambi\u00e9n resalt\u00f3 las pol\u00edticas implementadas durante los gobiernos del PLD, atribuyendo a esas gestiones el dinamismo econ\u00f3mico en distintas comunidades. \u201cCuando Danilo se mov\u00eda, el peso se mov\u00eda\u201d, dijo, al destacar la construcci\u00f3n de escuelas y obras como motores de desarrollo. De igual forma, exhort\u00f3 a los dirigentes a asumir un rol m\u00e1s activo y estrat\u00e9gico, incorporando nuevas herramientas tecnol\u00f3gicas. \u201cTenemos que ser los mejores\u2026 la inteligencia artificial es el presente\u201d, puntualiz\u00f3. Las palabras de bienvenida estuvieron a cargo de Juan Carlos Pi\u00f1a, presidente provincial del PLD, quien expres\u00f3 su satisfacci\u00f3n por el retorno del dirigente. La actividad cont\u00f3 con la presencia de miembros del Comit\u00e9 Pol\u00edtico del PLD, entre ellos Sonia Mateo, Aura Toribio, Thelma Eusebio, Yomaira Medina, Miriam Cabral y Radham\u00e9s Camacho. El programa De Vuelta a Casa forma parte del proceso de fortalecimiento y reorganizaci\u00f3n que impulsa el PLD a nivel nacional, con miras a los pr\u00f3ximos desaf\u00edos electorales. Una importante representaci\u00f3n del Comit\u00e9 Provincial y de las circunscripciones de Santiago particip\u00f3 de actividad realizada a casa llena en el gran sal\u00f3n del Hotel Aloha Sol, en la c\u00e9ntrica calle El Sol de Santiago de los Caballeros. El acto, lleno de momentos emocionantes, fruto del reencuentro de compa\u00f1eros de dilatada militancia, hubo de abreviarse, porque adem\u00e1s, la asistencia sobrepas\u00f3 la capacidad del sal\u00f3n disponible para la actividad.<\/p>\n","protected":false},"author":6,"featured_media":0,"comment_status":"open","ping_status":"open","sticky":false,"template":"","format":"standard","meta":{"om_disable_all_campaigns":false,"footnotes":""},"categories":[12],"tags":[],"class_list":["post-143526","post","type-post","status-publish","format-standard","hentry","category-politic"],"_links":{"self":[{"href":"https:\/\/conexiondigital.com.do\/index.php\/wp-json\/wp\/v2\/posts\/143526","targetHints":{"allow":["GET"]}}],"collection":[{"href":"https:\/\/conexiondigital.com.do\/index.php\/wp-json\/wp\/v2\/posts"}],"about":[{"href":"https:\/\/conexiondigital.com.do\/index.php\/wp-json\/wp\/v2\/types\/post"}],"author":[{"embeddable":true,"href":"https:\/\/conexiondigital.com.do\/index.php\/wp-json\/wp\/v2\/users\/6"}],"replies":[{"embeddable":true,"href":"https:\/\/conexiondigital.com.do\/index.php\/wp-json\/wp\/v2\/comments?post=143526"}],"version-history":[{"count":1,"href":"https:\/\/conexiondigital.com.do\/index.php\/wp-json\/wp\/v2\/posts\/143526\/revisions"}],"predecessor-version":[{"id":143528,"href":"https:\/\/conexiondigital.com.do\/index.php\/wp-json\/wp\/v2\/posts\/143526\/revisions\/143528"}],"wp:attachment":[{"href":"https:\/\/conexiondigital.com.do\/index.php\/wp-json\/wp\/v2\/media?parent=143526"}],"wp:term":[{"taxonomy":"category","embeddable":true,"href":"https:\/\/conexiondigital.com.do\/index.php\/wp-json\/wp\/v2\/categories?post=143526"},{"taxonomy":"post_tag","embeddable":true,"href":"https:\/\/conexiondigital.com.do\/index.php\/wp-json\/wp\/v2\/tags?post=143526"}],"curies":[{"name":"wp","href":"https:\/\/api.w.org\/{rel}","templated":true}]}}