{"id":143548,"date":"2026-04-27T20:50:29","date_gmt":"2026-04-28T00:50:29","guid":{"rendered":"https:\/\/conexiondigital.com.do\/?p=143548"},"modified":"2026-04-27T20:50:32","modified_gmt":"2026-04-28T00:50:32","slug":"un-hombre-mato-a-otro-porque-lo-miro-mal-uno-mato-a-otro-por-la-mitad-de-un-pan","status":"publish","type":"post","link":"https:\/\/conexiondigital.com.do\/index.php\/2026\/04\/27\/un-hombre-mato-a-otro-porque-lo-miro-mal-uno-mato-a-otro-por-la-mitad-de-un-pan\/","title":{"rendered":"Un hombre mat\u00f3 a otro porque lo mir\u00f3 mal; uno mat\u00f3 a otro por la mitad de un pan"},"content":{"rendered":"\n<figure class=\"wp-block-image size-full is-resized\"><img loading=\"lazy\" decoding=\"async\" width=\"92\" height=\"92\" src=\"https:\/\/images.conexiondigital.com.do\/wp-content\/uploads\/2026\/04\/download-2.jpg\" alt=\"\" class=\"wp-image-143549\" style=\"width:288px;height:auto\"><\/figure>\n\n\n\n<p>Por Roberto Valenzuela<\/p>\n\n\n\n<p>Los datos ofrecidos por la procuradora Yeni Berenice Reynoso en el foro organizado por el List\u00edn Diario en la Universidad Aut\u00f3noma de Santo Domingo producen escalofr\u00edos. Se pod\u00eda presumir que la situaci\u00f3n era grave, pero no en la dimensi\u00f3n expuesta. La Procuradur\u00eda tuvo la particularidad de presentar el problema en toda su extensi\u00f3n: causas, consecuencias y, sobre todo, posibles soluciones a un fen\u00f3meno que se reproduce de manera sostenida.<\/p>\n\n\n\n<p>Entre esas soluciones, se plantea un pacto entre todas las fuerzas vivas de la Naci\u00f3n. Un acuerdo que, seg\u00fan expres\u00f3 textualmente, debe realizarse sin importar qui\u00e9n ocupe la Presidencia de la Rep\u00fablica \u2014\u00abaunque sea Pedro Picapiedra\u00bb\u2014. Es decir, una visi\u00f3n de Estado que trascienda el gobierno de turno y coloque por encima de todo una agenda pa\u00eds, dejando de lado intereses particulares por el bien com\u00fan. De lo contrario, la delincuencia terminar\u00e1 frenando el desarrollo nacional, afectando incluso sectores clave como el turismo.<\/p>\n\n\n\n<p>A partir de ah\u00ed, comenz\u00f3 el desglose de los datos. Hist\u00f3ricamente, se ha cometido el error de concentrar la seguridad en fiscales, jueces, abogados, militares y polic\u00edas. Sin embargo, la procuradora explic\u00f3 que sus conclusiones no solo se basan en estudios, indicadores, investigaciones y encuestas, sino tambi\u00e9n en su experiencia personal, iniciada a los 17 a\u00f1os como paralegal en Santiago de los Caballeros.<\/p>\n\n\n\n<p>La delincuencia y la violencia han mutado en el pa\u00eds. Hoy, la violencia est\u00e1 insertada en el tejido social. Solo en 2025, el Ministerio P\u00fablico recibi\u00f3 m\u00e1s de 273 mil casos, de los cuales cerca de 26 mil correspondieron a conflictos originados en la convivencia cotidiana.<\/p>\n\n\n\n<p>El 90 % de estos casos no responde a criminalidad estructurada, sino a conflictos sociales. Ah\u00ed entra el rol de las academias: formar no solo profesionales, sino ciudadanos con valores, capaces de cumplir el contrato social que garantiza la convivencia y el respeto a los derechos ajenos, sin legitimar la violencia.<\/p>\n\n\n\n<p>M\u00e1s del 80 % de las personas involucradas en hechos violentos tiene menos de 35 a\u00f1os. No se trata, por tanto, de una generaci\u00f3n de salida, sino de una que impacta el presente y el futuro del pa\u00eds. De ah\u00ed la urgencia de intervenir en los factores que generan esa violencia.<\/p>\n\n\n\n<p>El enfoque, seg\u00fan Yeni Berenice, debe centrarse en la prevenci\u00f3n. El sistema punitivo act\u00faa cuando el hecho ya ha ocurrido, cuando el contrato social se ha roto. Por eso, el mejor sistema de seguridad es el preventivo, complementado \u2014no sustituido\u2014 por un r\u00e9gimen de consecuencias. Como advierte Zaffaroni, muchas personas no delinquen por temor a las sanciones.<\/p>\n\n\n\n<p>En 2025, de los m\u00e1s de 273 mil casos recibidos, unos 76 mil correspondieron a violencia de g\u00e9nero, intrafamiliar y sexual. El 34 % ocurre en el seno familiar. Es imposible que altos niveles de violencia en la familia no se reflejen en la sociedad. La familia es el primer n\u00facleo de formaci\u00f3n, seguida del sistema educativo y el entorno social.<\/p>\n\n\n\n<p>Desde 2004-2006 hasta la fecha, el uso de armas de fuego ha aumentado, evidenciando un cambio de patr\u00f3n. A esto se suma una alta incidencia de armas blancas en hechos criminales. El tipo de arma revela el grado de violencia: m\u00faltiples heridas con machetes o cuchillos reflejan niveles extremos de agresividad.<\/p>\n\n\n\n<p>De cada diez homicidios, cinco son causados por conflictos sociales. Situaciones aparentemente triviales \u2014m\u00fasica alta, discusiones deportivas, roces vehiculares, disputas por parqueos o problemas entre vecinos\u2014 pueden escalar hasta consecuencias fatales.<\/p>\n\n\n\n<p>Casos absurdos lo confirman: un hombre mat\u00f3 a otro porque dej\u00f3 una mitad de un pan en un locker y fue a comprar un refresco; al cruzar la calle, al regresar, la otra persona se hab\u00eda comido el pan y se origin\u00f3 una discusi\u00f3n que tuvo como consecuencia un muerto y un herido. En otro caso, un hombre grit\u00f3: \u00ab\u00a1Lo mat\u00e9 porque me mir\u00f3 mal!\u00bb. En Santiago, una discusi\u00f3n por un parqueo termin\u00f3 con tres muertos y cuatro heridos. La pregunta de fondo es qu\u00e9 ocurre en la anatom\u00eda social para que un simple roce desemboque en tal nivel de violencia.<\/p>\n\n\n\n<p>Las motocicletas: este veh\u00edculo incide en tres variables cr\u00edticas: el 73 % de las muertes por accidentes de tr\u00e1nsito involucra motocicletas; m\u00e1s del 80 % de los atracos se comete utiliz\u00e1ndolas; y m\u00e1s del 92 % de los veh\u00edculos robados son motocicletas. Se trata de mercados criminales estructurados, con destinos definidos y beneficios econ\u00f3micos.<\/p>\n\n\n\n<p>El tel\u00e9fono celular es el bien m\u00e1s sustra\u00eddo en la Rep\u00fablica Dominicana. El 98 % de las estafas se realiza con tel\u00e9fonos robados, que tambi\u00e9n se utilizan para narcotr\u00e1fico y ciberdelincuencia. De ah\u00ed el llamado a que el Indotel inhabilite estos dispositivos, atacando la demanda que alimenta este mercado.<\/p>\n\n\n\n<p>Aunque el pa\u00eds no lidera en robos de celulares, s\u00ed presenta altos niveles de violencia asociada a estos delitos. La desproporci\u00f3n en el uso de la fuerza es evidente: en muchos casos, se mata por un tel\u00e9fono.<\/p>\n\n\n\n<p>El robo de metales es otro problema cr\u00edtico. Un contador el\u00e9ctrico puede costar al Estado 400 d\u00f3lares y ser vendido como chatarra por apenas 75 pesos. M\u00e1s que perseguir al ladr\u00f3n, el enfoque debe dirigirse a las estructuras que compran y exportan estos materiales, desarticulando el mercado criminal.<\/p>\n\n\n\n<p>En el \u00e1mbito del narcotr\u00e1fico, el 98 % de los involucrados son hombres, con edades entre 18 y 44 a\u00f1os. En los feminicidios, las v\u00edctimas suelen tener entre 18 y 29 a\u00f1os, mientras que los agresores se ubican entre 30 y 44 a\u00f1os. Nuevamente, se trata de una poblaci\u00f3n joven.<\/p>\n\n\n\n<p>El domingo es el d\u00eda con mayor conflictividad social y tambi\u00e9n con mayor incidencia de feminicidios, generalmente asociados al consumo de alcohol y a espacios conocidos como \u00abteteos\u00bb.<\/p>\n\n\n\n<p>Finalmente, el narcotr\u00e1fico ha cambiado su geograf\u00eda. Hace una d\u00e9cada se concentraba en grandes ciudades como Santiago y Santo Domingo; hoy se ha desplazado hacia provincias y zonas costeras como Pedernales, Ban\u00ed y Bayah\u00edbe, donde se registran importantes decomisos. Esto obliga a analizar su relaci\u00f3n con la conflictividad social, el tr\u00e1fico de armas, el mercado negro y la corrupci\u00f3n en puntos de entrada como las aduanas.<\/p>\n\n\n\n<p>El diagn\u00f3stico est\u00e1 sobre la mesa. La pregunta es si el pa\u00eds est\u00e1 dispuesto a asumirlo con la seriedad que exige.<\/p>\n","protected":false},"excerpt":{"rendered":"<p>Por Roberto Valenzuela Los datos ofrecidos por la procuradora Yeni Berenice Reynoso en el foro organizado por el List\u00edn Diario en la Universidad Aut\u00f3noma de Santo Domingo producen escalofr\u00edos. Se pod\u00eda presumir que la situaci\u00f3n era grave, pero no en la dimensi\u00f3n expuesta. La Procuradur\u00eda tuvo la particularidad de presentar el problema en toda su extensi\u00f3n: causas, consecuencias y, sobre todo, posibles soluciones a un fen\u00f3meno que se reproduce de manera sostenida. Entre esas soluciones, se plantea un pacto entre todas las fuerzas vivas de la Naci\u00f3n. Un acuerdo que, seg\u00fan expres\u00f3 textualmente, debe realizarse sin importar qui\u00e9n ocupe la Presidencia de la Rep\u00fablica \u2014\u00abaunque sea Pedro Picapiedra\u00bb\u2014. Es decir, una visi\u00f3n de Estado que trascienda el gobierno de turno y coloque por encima de todo una agenda pa\u00eds, dejando de lado intereses particulares por el bien com\u00fan. De lo contrario, la delincuencia terminar\u00e1 frenando el desarrollo nacional, afectando incluso sectores clave como el turismo. A partir de ah\u00ed, comenz\u00f3 el desglose de los datos. Hist\u00f3ricamente, se ha cometido el error de concentrar la seguridad en fiscales, jueces, abogados, militares y polic\u00edas. Sin embargo, la procuradora explic\u00f3 que sus conclusiones no solo se basan en estudios, indicadores, investigaciones y encuestas, sino tambi\u00e9n en su experiencia personal, iniciada a los 17 a\u00f1os como paralegal en Santiago de los Caballeros. La delincuencia y la violencia han mutado en el pa\u00eds. Hoy, la violencia est\u00e1 insertada en el tejido social. Solo en 2025, el Ministerio P\u00fablico recibi\u00f3 m\u00e1s de 273 mil casos, de los cuales cerca de 26 mil correspondieron a conflictos originados en la convivencia cotidiana. El 90 % de estos casos no responde a criminalidad estructurada, sino a conflictos sociales. Ah\u00ed entra el rol de las academias: formar no solo profesionales, sino ciudadanos con valores, capaces de cumplir el contrato social que garantiza la convivencia y el respeto a los derechos ajenos, sin legitimar la violencia. M\u00e1s del 80 % de las personas involucradas en hechos violentos tiene menos de 35 a\u00f1os. No se trata, por tanto, de una generaci\u00f3n de salida, sino de una que impacta el presente y el futuro del pa\u00eds. De ah\u00ed la urgencia de intervenir en los factores que generan esa violencia. El enfoque, seg\u00fan Yeni Berenice, debe centrarse en la prevenci\u00f3n. El sistema punitivo act\u00faa cuando el hecho ya ha ocurrido, cuando el contrato social se ha roto. Por eso, el mejor sistema de seguridad es el preventivo, complementado \u2014no sustituido\u2014 por un r\u00e9gimen de consecuencias. Como advierte Zaffaroni, muchas personas no delinquen por temor a las sanciones. En 2025, de los m\u00e1s de 273 mil casos recibidos, unos 76 mil correspondieron a violencia de g\u00e9nero, intrafamiliar y sexual. El 34 % ocurre en el seno familiar. Es imposible que altos niveles de violencia en la familia no se reflejen en la sociedad. La familia es el primer n\u00facleo de formaci\u00f3n, seguida del sistema educativo y el entorno social. Desde 2004-2006 hasta la fecha, el uso de armas de fuego ha aumentado, evidenciando un cambio de patr\u00f3n. A esto se suma una alta incidencia de armas blancas en hechos criminales. El tipo de arma revela el grado de violencia: m\u00faltiples heridas con machetes o cuchillos reflejan niveles extremos de agresividad. De cada diez homicidios, cinco son causados por conflictos sociales. Situaciones aparentemente triviales \u2014m\u00fasica alta, discusiones deportivas, roces vehiculares, disputas por parqueos o problemas entre vecinos\u2014 pueden escalar hasta consecuencias fatales. Casos absurdos lo confirman: un hombre mat\u00f3 a otro porque dej\u00f3 una mitad de un pan en un locker y fue a comprar un refresco; al cruzar la calle, al regresar, la otra persona se hab\u00eda comido el pan y se origin\u00f3 una discusi\u00f3n que tuvo como consecuencia un muerto y un herido. En otro caso, un hombre grit\u00f3: \u00ab\u00a1Lo mat\u00e9 porque me mir\u00f3 mal!\u00bb. En Santiago, una discusi\u00f3n por un parqueo termin\u00f3 con tres muertos y cuatro heridos. La pregunta de fondo es qu\u00e9 ocurre en la anatom\u00eda social para que un simple roce desemboque en tal nivel de violencia. Las motocicletas: este veh\u00edculo incide en tres variables cr\u00edticas: el 73 % de las muertes por accidentes de tr\u00e1nsito involucra motocicletas; m\u00e1s del 80 % de los atracos se comete utiliz\u00e1ndolas; y m\u00e1s del 92 % de los veh\u00edculos robados son motocicletas. Se trata de mercados criminales estructurados, con destinos definidos y beneficios econ\u00f3micos. El tel\u00e9fono celular es el bien m\u00e1s sustra\u00eddo en la Rep\u00fablica Dominicana. El 98 % de las estafas se realiza con tel\u00e9fonos robados, que tambi\u00e9n se utilizan para narcotr\u00e1fico y ciberdelincuencia. De ah\u00ed el llamado a que el Indotel inhabilite estos dispositivos, atacando la demanda que alimenta este mercado. Aunque el pa\u00eds no lidera en robos de celulares, s\u00ed presenta altos niveles de violencia asociada a estos delitos. La desproporci\u00f3n en el uso de la fuerza es evidente: en muchos casos, se mata por un tel\u00e9fono. El robo de metales es otro problema cr\u00edtico. Un contador el\u00e9ctrico puede costar al Estado 400 d\u00f3lares y ser vendido como chatarra por apenas 75 pesos. M\u00e1s que perseguir al ladr\u00f3n, el enfoque debe dirigirse a las estructuras que compran y exportan estos materiales, desarticulando el mercado criminal. En el \u00e1mbito del narcotr\u00e1fico, el 98 % de los involucrados son hombres, con edades entre 18 y 44 a\u00f1os. En los feminicidios, las v\u00edctimas suelen tener entre 18 y 29 a\u00f1os, mientras que los agresores se ubican entre 30 y 44 a\u00f1os. Nuevamente, se trata de una poblaci\u00f3n joven. El domingo es el d\u00eda con mayor conflictividad social y tambi\u00e9n con mayor incidencia de feminicidios, generalmente asociados al consumo de alcohol y a espacios conocidos como \u00abteteos\u00bb. Finalmente, el narcotr\u00e1fico ha cambiado su geograf\u00eda. Hace una d\u00e9cada se concentraba en grandes ciudades como Santiago y Santo Domingo; hoy se ha desplazado hacia provincias y zonas costeras como Pedernales, Ban\u00ed y Bayah\u00edbe, donde se registran importantes decomisos. Esto obliga a analizar su relaci\u00f3n con la conflictividad social, el tr\u00e1fico de armas, el mercado negro y la corrupci\u00f3n en puntos de entrada como las aduanas. El diagn\u00f3stico est\u00e1 sobre la mesa. La pregunta es si el pa\u00eds est\u00e1 dispuesto a asumirlo con la seriedad que exige.<\/p>\n","protected":false},"author":6,"featured_media":0,"comment_status":"open","ping_status":"open","sticky":false,"template":"","format":"standard","meta":{"om_disable_all_campaigns":false,"footnotes":""},"categories":[15,52],"tags":[],"class_list":["post-143548","post","type-post","status-publish","format-standard","hentry","category-nacionales","category-opinion"],"_links":{"self":[{"href":"https:\/\/conexiondigital.com.do\/index.php\/wp-json\/wp\/v2\/posts\/143548","targetHints":{"allow":["GET"]}}],"collection":[{"href":"https:\/\/conexiondigital.com.do\/index.php\/wp-json\/wp\/v2\/posts"}],"about":[{"href":"https:\/\/conexiondigital.com.do\/index.php\/wp-json\/wp\/v2\/types\/post"}],"author":[{"embeddable":true,"href":"https:\/\/conexiondigital.com.do\/index.php\/wp-json\/wp\/v2\/users\/6"}],"replies":[{"embeddable":true,"href":"https:\/\/conexiondigital.com.do\/index.php\/wp-json\/wp\/v2\/comments?post=143548"}],"version-history":[{"count":1,"href":"https:\/\/conexiondigital.com.do\/index.php\/wp-json\/wp\/v2\/posts\/143548\/revisions"}],"predecessor-version":[{"id":143550,"href":"https:\/\/conexiondigital.com.do\/index.php\/wp-json\/wp\/v2\/posts\/143548\/revisions\/143550"}],"wp:attachment":[{"href":"https:\/\/conexiondigital.com.do\/index.php\/wp-json\/wp\/v2\/media?parent=143548"}],"wp:term":[{"taxonomy":"category","embeddable":true,"href":"https:\/\/conexiondigital.com.do\/index.php\/wp-json\/wp\/v2\/categories?post=143548"},{"taxonomy":"post_tag","embeddable":true,"href":"https:\/\/conexiondigital.com.do\/index.php\/wp-json\/wp\/v2\/tags?post=143548"}],"curies":[{"name":"wp","href":"https:\/\/api.w.org\/{rel}","templated":true}]}}