{"id":143554,"date":"2026-04-28T22:49:10","date_gmt":"2026-04-29T02:49:10","guid":{"rendered":"https:\/\/conexiondigital.com.do\/?p=143554"},"modified":"2026-04-28T22:49:12","modified_gmt":"2026-04-29T02:49:12","slug":"sector-universitario-de-la-fuerza-del-pueblo-respalda-candidatura-de-jorge-asjana-a-la-rectoria-de-la-uasd","status":"publish","type":"post","link":"https:\/\/conexiondigital.com.do\/index.php\/2026\/04\/28\/sector-universitario-de-la-fuerza-del-pueblo-respalda-candidatura-de-jorge-asjana-a-la-rectoria-de-la-uasd\/","title":{"rendered":"Sector universitario de la Fuerza del Pueblo respalda candidatura de Jorge Asjana a la Rector\u00eda de la UASD"},"content":{"rendered":"\n<figure class=\"wp-block-image size-large\"><img loading=\"lazy\" decoding=\"async\" width=\"1024\" height=\"683\" src=\"https:\/\/images.conexiondigital.com.do\/wp-content\/uploads\/2026\/04\/ccbaf41f-f32d-4da8-983b-235827d07c3b-1024x683.jpg\" alt=\"\" class=\"wp-image-143555\" srcset=\"https:\/\/images.conexiondigital.com.do\/wp-content\/uploads\/2026\/04\/ccbaf41f-f32d-4da8-983b-235827d07c3b-1024x683.jpg 1024w, https:\/\/images.conexiondigital.com.do\/wp-content\/uploads\/2026\/04\/ccbaf41f-f32d-4da8-983b-235827d07c3b-800x533.jpg 800w, https:\/\/images.conexiondigital.com.do\/wp-content\/uploads\/2026\/04\/ccbaf41f-f32d-4da8-983b-235827d07c3b-768x512.jpg 768w, https:\/\/images.conexiondigital.com.do\/wp-content\/uploads\/2026\/04\/ccbaf41f-f32d-4da8-983b-235827d07c3b-1536x1024.jpg 1536w, https:\/\/images.conexiondigital.com.do\/wp-content\/uploads\/2026\/04\/ccbaf41f-f32d-4da8-983b-235827d07c3b-2048x1366.jpg 2048w, https:\/\/images.conexiondigital.com.do\/wp-content\/uploads\/2026\/04\/ccbaf41f-f32d-4da8-983b-235827d07c3b-300x400.jpg 300w, https:\/\/images.conexiondigital.com.do\/wp-content\/uploads\/2026\/04\/ccbaf41f-f32d-4da8-983b-235827d07c3b-scaled.jpg 2560w\" sizes=\"auto, (max-width: 1024px) 100vw, 1024px\"><\/figure>\n\n\n\n<p>Santo Domingo.\u2013 El sector universitario del partido Fuerza del Pueblo (FP) formaliz\u00f3 este martes su respaldo a la candidatura del doctor Jorge Asjana David a la Rector\u00eda de la Universidad Aut\u00f3noma de Santo Domingo (UASD), en un acto en el que se afirm\u00f3 que \u201cqueda sellada\u201d su proyecci\u00f3n de victoria de cara a las elecciones pautadas para el pr\u00f3ximo 17 de junio.<\/p>\n\n\n\n<p>La actividad se realiz\u00f3 en el Paraninfo Dr. Ricardo Michel de la Facultad de Ciencias Econ\u00f3micas y Sociales (FCES), con la participaci\u00f3n de las estructuras universitarias vinculadas a la FP, entre ellas la Fuerza Profesoral Universitaria, la Vanguardia Estudiantil Dominicana (VED) y la Fuerza Administrativa Universitaria (FAU), que anunciaron su apoyo conjunto a la candidatura.<\/p>\n\n\n\n<p>Durante el acto, la doctora Ligia Amada Melo, titular de la Secretar\u00eda de Educaci\u00f3n Superior de la Fuerza del Pueblo, explic\u00f3 las razones que llevaron a la organizaci\u00f3n pol\u00edtica a respaldar al doctor Asjana, destacando la necesidad de impulsar una gesti\u00f3n acad\u00e9mica capaz de responder a los desaf\u00edos actuales de la educaci\u00f3n superior.<\/p>\n\n\n\n<p>Melo se\u00f1al\u00f3 que la UASD enfrenta importantes retos en el contexto de la sociedad del conocimiento, por lo que consider\u00f3 imprescindible una rector\u00eda con visi\u00f3n estrat\u00e9gica, capacidad de gesti\u00f3n y compromiso con la calidad educativa.<\/p>\n\n\n\n<figure class=\"wp-block-image size-large\"><img loading=\"lazy\" decoding=\"async\" width=\"1024\" height=\"683\" src=\"https:\/\/images.conexiondigital.com.do\/wp-content\/uploads\/2026\/04\/33ad1fe4-e6b6-4df0-8051-6c98dd6f7df8-1024x683.jpg\" alt=\"\" class=\"wp-image-143556\" srcset=\"https:\/\/images.conexiondigital.com.do\/wp-content\/uploads\/2026\/04\/33ad1fe4-e6b6-4df0-8051-6c98dd6f7df8-1024x683.jpg 1024w, https:\/\/images.conexiondigital.com.do\/wp-content\/uploads\/2026\/04\/33ad1fe4-e6b6-4df0-8051-6c98dd6f7df8-800x533.jpg 800w, https:\/\/images.conexiondigital.com.do\/wp-content\/uploads\/2026\/04\/33ad1fe4-e6b6-4df0-8051-6c98dd6f7df8-768x512.jpg 768w, https:\/\/images.conexiondigital.com.do\/wp-content\/uploads\/2026\/04\/33ad1fe4-e6b6-4df0-8051-6c98dd6f7df8-1536x1024.jpg 1536w, https:\/\/images.conexiondigital.com.do\/wp-content\/uploads\/2026\/04\/33ad1fe4-e6b6-4df0-8051-6c98dd6f7df8-2048x1366.jpg 2048w, https:\/\/images.conexiondigital.com.do\/wp-content\/uploads\/2026\/04\/33ad1fe4-e6b6-4df0-8051-6c98dd6f7df8-300x400.jpg 300w, https:\/\/images.conexiondigital.com.do\/wp-content\/uploads\/2026\/04\/33ad1fe4-e6b6-4df0-8051-6c98dd6f7df8-scaled.jpg 2560w\" sizes=\"auto, (max-width: 1024px) 100vw, 1024px\"><\/figure>\n\n\n\n<p>En ese sentido, critic\u00f3 la pol\u00edtica del gobierno de expandir centros y subcentros universitarios sin estudios previos que determinen las demandas reales de formaci\u00f3n en cada regi\u00f3n del pa\u00eds, indicando que no todas las provincias presentan las mismas necesidades acad\u00e9micas y productivas.<\/p>\n\n\n\n<p>Asimismo, apel\u00f3 a que una eventual gesti\u00f3n encabezada por Jorge Asjana David tome en cuenta estas consideraciones, a fin de fortalecer la pertinencia de la oferta acad\u00e9mica de la universidad estatal.<\/p>\n\n\n\n<p>La dirigente pol\u00edtica defini\u00f3 al candidato como un acad\u00e9mico con amplia trayectoria y capacidad probada, lo que, a su juicio, lo convierte en la opci\u00f3n id\u00f3nea para dirigir la UASD durante el per\u00edodo 2026-2030.<\/p>\n\n\n\n<p>Por su parte, el doctor Jorge Asjana David agradeci\u00f3 el respaldo recibido por parte de la Fuerza del Pueblo, a trav\u00e9s de su representaci\u00f3n universitaria, valorando la integraci\u00f3n de los distintos sectores en torno a su proyecto.<\/p>\n\n\n\n<p>El candidato afirm\u00f3 que las propuestas expuestas durante el acto coinciden en aproximadamente un 90% con su programa de gesti\u00f3n, y garantiz\u00f3 que ser\u00e1n incorporadas y ejecutadas en su eventual administraci\u00f3n.<\/p>\n\n\n\n<p>Con esta manifestaci\u00f3n de apoyo, el sector universitario de la Fuerza del Pueblo consolida su posici\u00f3n en el escenario electoral de la UASD, apostando a una candidatura que, seg\u00fan expresaron, representa experiencia, consenso y visi\u00f3n de futuro para la academia nacional.<\/p>\n","protected":false},"excerpt":{"rendered":"<p>Santo Domingo.\u2013 El sector universitario del partido Fuerza del Pueblo (FP) formaliz\u00f3 este martes su respaldo a la candidatura del doctor Jorge Asjana David a la Rector\u00eda de la Universidad Aut\u00f3noma de Santo Domingo (UASD), en un acto en el que se afirm\u00f3 que \u201cqueda sellada\u201d su proyecci\u00f3n de victoria de cara a las elecciones pautadas para el pr\u00f3ximo 17 de junio. La actividad se realiz\u00f3 en el Paraninfo Dr. Ricardo Michel de la Facultad de Ciencias Econ\u00f3micas y Sociales (FCES), con la participaci\u00f3n de las estructuras universitarias vinculadas a la FP, entre ellas la Fuerza Profesoral Universitaria, la Vanguardia Estudiantil Dominicana (VED) y la Fuerza Administrativa Universitaria (FAU), que anunciaron su apoyo conjunto a la candidatura. Durante el acto, la doctora Ligia Amada Melo, titular de la Secretar\u00eda de Educaci\u00f3n Superior de la Fuerza del Pueblo, explic\u00f3 las razones que llevaron a la organizaci\u00f3n pol\u00edtica a respaldar al doctor Asjana, destacando la necesidad de impulsar una gesti\u00f3n acad\u00e9mica capaz de responder a los desaf\u00edos actuales de la educaci\u00f3n superior. Melo se\u00f1al\u00f3 que la UASD enfrenta importantes retos en el contexto de la sociedad del conocimiento, por lo que consider\u00f3 imprescindible una rector\u00eda con visi\u00f3n estrat\u00e9gica, capacidad de gesti\u00f3n y compromiso con la calidad educativa. En ese sentido, critic\u00f3 la pol\u00edtica del gobierno de expandir centros y subcentros universitarios sin estudios previos que determinen las demandas reales de formaci\u00f3n en cada regi\u00f3n del pa\u00eds, indicando que no todas las provincias presentan las mismas necesidades acad\u00e9micas y productivas. Asimismo, apel\u00f3 a que una eventual gesti\u00f3n encabezada por Jorge Asjana David tome en cuenta estas consideraciones, a fin de fortalecer la pertinencia de la oferta acad\u00e9mica de la universidad estatal. La dirigente pol\u00edtica defini\u00f3 al candidato como un acad\u00e9mico con amplia trayectoria y capacidad probada, lo que, a su juicio, lo convierte en la opci\u00f3n id\u00f3nea para dirigir la UASD durante el per\u00edodo 2026-2030. Por su parte, el doctor Jorge Asjana David agradeci\u00f3 el respaldo recibido por parte de la Fuerza del Pueblo, a trav\u00e9s de su representaci\u00f3n universitaria, valorando la integraci\u00f3n de los distintos sectores en torno a su proyecto. El candidato afirm\u00f3 que las propuestas expuestas durante el acto coinciden en aproximadamente un 90% con su programa de gesti\u00f3n, y garantiz\u00f3 que ser\u00e1n incorporadas y ejecutadas en su eventual administraci\u00f3n. Con esta manifestaci\u00f3n de apoyo, el sector universitario de la Fuerza del Pueblo consolida su posici\u00f3n en el escenario electoral de la UASD, apostando a una candidatura que, seg\u00fan expresaron, representa experiencia, consenso y visi\u00f3n de futuro para la academia nacional.<\/p>\n","protected":false},"author":6,"featured_media":0,"comment_status":"open","ping_status":"open","sticky":false,"template":"","format":"standard","meta":{"om_disable_all_campaigns":false,"footnotes":""},"categories":[12],"tags":[],"class_list":["post-143554","post","type-post","status-publish","format-standard","hentry","category-politic"],"_links":{"self":[{"href":"https:\/\/conexiondigital.com.do\/index.php\/wp-json\/wp\/v2\/posts\/143554","targetHints":{"allow":["GET"]}}],"collection":[{"href":"https:\/\/conexiondigital.com.do\/index.php\/wp-json\/wp\/v2\/posts"}],"about":[{"href":"https:\/\/conexiondigital.com.do\/index.php\/wp-json\/wp\/v2\/types\/post"}],"author":[{"embeddable":true,"href":"https:\/\/conexiondigital.com.do\/index.php\/wp-json\/wp\/v2\/users\/6"}],"replies":[{"embeddable":true,"href":"https:\/\/conexiondigital.com.do\/index.php\/wp-json\/wp\/v2\/comments?post=143554"}],"version-history":[{"count":1,"href":"https:\/\/conexiondigital.com.do\/index.php\/wp-json\/wp\/v2\/posts\/143554\/revisions"}],"predecessor-version":[{"id":143557,"href":"https:\/\/conexiondigital.com.do\/index.php\/wp-json\/wp\/v2\/posts\/143554\/revisions\/143557"}],"wp:attachment":[{"href":"https:\/\/conexiondigital.com.do\/index.php\/wp-json\/wp\/v2\/media?parent=143554"}],"wp:term":[{"taxonomy":"category","embeddable":true,"href":"https:\/\/conexiondigital.com.do\/index.php\/wp-json\/wp\/v2\/categories?post=143554"},{"taxonomy":"post_tag","embeddable":true,"href":"https:\/\/conexiondigital.com.do\/index.php\/wp-json\/wp\/v2\/tags?post=143554"}],"curies":[{"name":"wp","href":"https:\/\/api.w.org\/{rel}","templated":true}]}}