{"id":143620,"date":"2026-04-30T14:52:43","date_gmt":"2026-04-30T18:52:43","guid":{"rendered":"https:\/\/conexiondigital.com.do\/?p=143620"},"modified":"2026-04-30T14:53:02","modified_gmt":"2026-04-30T18:53:02","slug":"victor-fadul-dice-alto-costo-de-alimentos-apresura-salida-del-gobierno-y-el-regreso-del-pld","status":"publish","type":"post","link":"https:\/\/conexiondigital.com.do\/index.php\/2026\/04\/30\/victor-fadul-dice-alto-costo-de-alimentos-apresura-salida-del-gobierno-y-el-regreso-del-pld\/","title":{"rendered":"V\u00edctor Fadul dice alto costo de alimentos apresura salida del Gobierno y el regreso del PLD"},"content":{"rendered":"\n<figure class=\"wp-block-image size-large is-resized\"><img loading=\"lazy\" decoding=\"async\" width=\"682\" height=\"1024\" src=\"https:\/\/images.conexiondigital.com.do\/wp-content\/uploads\/2026\/04\/6180992a-e3f2-48a9-b524-f2e6f2459b97-682x1024.jpg\" alt=\"\" class=\"wp-image-143621\" style=\"aspect-ratio:0.6660206915494248;width:840px;height:auto\" srcset=\"https:\/\/images.conexiondigital.com.do\/wp-content\/uploads\/2026\/04\/6180992a-e3f2-48a9-b524-f2e6f2459b97-682x1024.jpg 682w, https:\/\/images.conexiondigital.com.do\/wp-content\/uploads\/2026\/04\/6180992a-e3f2-48a9-b524-f2e6f2459b97-533x800.jpg 533w, https:\/\/images.conexiondigital.com.do\/wp-content\/uploads\/2026\/04\/6180992a-e3f2-48a9-b524-f2e6f2459b97-768x1152.jpg 768w, https:\/\/images.conexiondigital.com.do\/wp-content\/uploads\/2026\/04\/6180992a-e3f2-48a9-b524-f2e6f2459b97.jpg 853w\" sizes=\"auto, (max-width: 682px) 100vw, 682px\"><\/figure>\n\n\n\n<p><strong>Santiago.<\/strong>\u2013 El miembro del Comit\u00e9 Central del Partido de la Liberaci\u00f3n Dominicana (PLD),&nbsp;V\u00edctor Fadul<strong>,<\/strong>&nbsp;afirm\u00f3 que el crecimiento que registra esa organizaci\u00f3n responde al malestar de la poblaci\u00f3n frente a la situaci\u00f3n econ\u00f3mica, el alto costo de los alimentos y el deterioro de servicios p\u00fablicos como salud y educaci\u00f3n.<\/p>\n\n\n\n<p>Fadul sostuvo que en los recorridos realizados por dirigentes pelede\u00edstas en distintas provincias el principal reclamo de la ciudadan\u00eda est\u00e1 relacionado con los precios de productos b\u00e1sicos como el huevo, el arroz, la leche, el pollo, el salami y el aceite.<\/p>\n\n\n\n<p>\u201cA m\u00ed me preocupa bastante la situaci\u00f3n econ\u00f3mica y el tema de los precios de los alimentos, porque ese es el reclamo que m\u00e1s estamos escuchando en todas las visitas que estamos realizando\u201d, expres\u00f3.<\/p>\n\n\n\n<p>El dirigente pelede\u00edsta asegur\u00f3 que, a su juicio, el pa\u00eds ha retrocedido en \u00e1reas sensibles y cit\u00f3 como ejemplos el sistema de salud, la educaci\u00f3n y la institucionalidad.<\/p>\n\n\n\n<p>Consider\u00f3 que ese escenario ha generado un aumento en el inter\u00e9s de ciudadanos y dirigentes pol\u00edticos por integrarse al PLD, organizaci\u00f3n que, seg\u00fan dijo, es vista como una opci\u00f3n de poder para las elecciones de 2028.<\/p>\n\n\n\n<p>\u201cLa sociedad dominicana est\u00e1 desesperada y esperanzada en que llegue r\u00e1pidamente el a\u00f1o 2028 para que el PLD vuelva a gobernar\u201d, afirm\u00f3.<\/p>\n\n\n\n<p>Asimismo, asegur\u00f3 que el proyecto presidencial de&nbsp;Francisco Javier Garc\u00eda&nbsp;est\u00e1 recibiendo respaldo en diferentes demarcaciones del pa\u00eds, incluyendo personas provenientes de otras organizaciones pol\u00edticas.<\/p>\n\n\n\n<p>Sostuvo que \u00e9ste representa, dentro de la actual coyuntura, una opci\u00f3n para que el PLD retorne al poder y pueda responder a los problemas nacionales que, seg\u00fan afirm\u00f3, enfrenta la Rep\u00fablica Dominicana.<\/p>\n","protected":false},"excerpt":{"rendered":"<p>Santiago.\u2013 El miembro del Comit\u00e9 Central del Partido de la Liberaci\u00f3n Dominicana (PLD),&nbsp;V\u00edctor Fadul,&nbsp;afirm\u00f3 que el crecimiento que registra esa organizaci\u00f3n responde al malestar de la poblaci\u00f3n frente a la situaci\u00f3n econ\u00f3mica, el alto costo de los alimentos y el deterioro de servicios p\u00fablicos como salud y educaci\u00f3n. Fadul sostuvo que en los recorridos realizados por dirigentes pelede\u00edstas en distintas provincias el principal reclamo de la ciudadan\u00eda est\u00e1 relacionado con los precios de productos b\u00e1sicos como el huevo, el arroz, la leche, el pollo, el salami y el aceite. \u201cA m\u00ed me preocupa bastante la situaci\u00f3n econ\u00f3mica y el tema de los precios de los alimentos, porque ese es el reclamo que m\u00e1s estamos escuchando en todas las visitas que estamos realizando\u201d, expres\u00f3. El dirigente pelede\u00edsta asegur\u00f3 que, a su juicio, el pa\u00eds ha retrocedido en \u00e1reas sensibles y cit\u00f3 como ejemplos el sistema de salud, la educaci\u00f3n y la institucionalidad. Consider\u00f3 que ese escenario ha generado un aumento en el inter\u00e9s de ciudadanos y dirigentes pol\u00edticos por integrarse al PLD, organizaci\u00f3n que, seg\u00fan dijo, es vista como una opci\u00f3n de poder para las elecciones de 2028. \u201cLa sociedad dominicana est\u00e1 desesperada y esperanzada en que llegue r\u00e1pidamente el a\u00f1o 2028 para que el PLD vuelva a gobernar\u201d, afirm\u00f3. Asimismo, asegur\u00f3 que el proyecto presidencial de&nbsp;Francisco Javier Garc\u00eda&nbsp;est\u00e1 recibiendo respaldo en diferentes demarcaciones del pa\u00eds, incluyendo personas provenientes de otras organizaciones pol\u00edticas. Sostuvo que \u00e9ste representa, dentro de la actual coyuntura, una opci\u00f3n para que el PLD retorne al poder y pueda responder a los problemas nacionales que, seg\u00fan afirm\u00f3, enfrenta la Rep\u00fablica Dominicana.<\/p>\n","protected":false},"author":6,"featured_media":0,"comment_status":"open","ping_status":"open","sticky":false,"template":"","format":"standard","meta":{"om_disable_all_campaigns":false,"footnotes":""},"categories":[12],"tags":[],"class_list":["post-143620","post","type-post","status-publish","format-standard","hentry","category-politic"],"_links":{"self":[{"href":"https:\/\/conexiondigital.com.do\/index.php\/wp-json\/wp\/v2\/posts\/143620","targetHints":{"allow":["GET"]}}],"collection":[{"href":"https:\/\/conexiondigital.com.do\/index.php\/wp-json\/wp\/v2\/posts"}],"about":[{"href":"https:\/\/conexiondigital.com.do\/index.php\/wp-json\/wp\/v2\/types\/post"}],"author":[{"embeddable":true,"href":"https:\/\/conexiondigital.com.do\/index.php\/wp-json\/wp\/v2\/users\/6"}],"replies":[{"embeddable":true,"href":"https:\/\/conexiondigital.com.do\/index.php\/wp-json\/wp\/v2\/comments?post=143620"}],"version-history":[{"count":2,"href":"https:\/\/conexiondigital.com.do\/index.php\/wp-json\/wp\/v2\/posts\/143620\/revisions"}],"predecessor-version":[{"id":143623,"href":"https:\/\/conexiondigital.com.do\/index.php\/wp-json\/wp\/v2\/posts\/143620\/revisions\/143623"}],"wp:attachment":[{"href":"https:\/\/conexiondigital.com.do\/index.php\/wp-json\/wp\/v2\/media?parent=143620"}],"wp:term":[{"taxonomy":"category","embeddable":true,"href":"https:\/\/conexiondigital.com.do\/index.php\/wp-json\/wp\/v2\/categories?post=143620"},{"taxonomy":"post_tag","embeddable":true,"href":"https:\/\/conexiondigital.com.do\/index.php\/wp-json\/wp\/v2\/tags?post=143620"}],"curies":[{"name":"wp","href":"https:\/\/api.w.org\/{rel}","templated":true}]}}