{"id":143627,"date":"2026-04-30T21:07:30","date_gmt":"2026-05-01T01:07:30","guid":{"rendered":"https:\/\/conexiondigital.com.do\/?p=143627"},"modified":"2026-04-30T21:07:33","modified_gmt":"2026-05-01T01:07:33","slug":"fopppredom-convoca-de-urgencia-al-sistema-de-partidos-ante-intento-de-reduccion-ilegal-del-financiamiento-politico","status":"publish","type":"post","link":"https:\/\/conexiondigital.com.do\/index.php\/2026\/04\/30\/fopppredom-convoca-de-urgencia-al-sistema-de-partidos-ante-intento-de-reduccion-ilegal-del-financiamiento-politico\/","title":{"rendered":"FOPPPREDOM convoca de urgencia al sistema de partidos ante intento de reducci\u00f3n ilegal del financiamiento pol\u00edtico"},"content":{"rendered":"\n<figure class=\"wp-block-image size-large\"><img loading=\"lazy\" decoding=\"async\" width=\"1024\" height=\"677\" src=\"https:\/\/images.conexiondigital.com.do\/wp-content\/uploads\/2026\/04\/e3b9d37f-0825-4e0f-b723-7c6f49006382-1-1024x677.webp\" alt=\"\" class=\"wp-image-143628\" srcset=\"https:\/\/images.conexiondigital.com.do\/wp-content\/uploads\/2026\/04\/e3b9d37f-0825-4e0f-b723-7c6f49006382-1-1024x677.webp 1024w, https:\/\/images.conexiondigital.com.do\/wp-content\/uploads\/2026\/04\/e3b9d37f-0825-4e0f-b723-7c6f49006382-1-800x529.webp 800w, https:\/\/images.conexiondigital.com.do\/wp-content\/uploads\/2026\/04\/e3b9d37f-0825-4e0f-b723-7c6f49006382-1-768x508.webp 768w, https:\/\/images.conexiondigital.com.do\/wp-content\/uploads\/2026\/04\/e3b9d37f-0825-4e0f-b723-7c6f49006382-1.webp 1280w\" sizes=\"auto, (max-width: 1024px) 100vw, 1024px\"><\/figure>\n\n\n\n<p>Santo Domingo, Rep\u00fablica Dominicana.\u2013 El Foro Permanente de Partidos Pol\u00edticos de la Rep\u00fablica Dominicana (FOPPPREDOM), por instrucci\u00f3n de su Secretario General, Jos\u00e9 Francisco Pe\u00f1a Guaba, convoc\u00f3 de urgencia a su Consejo Directivo para analizar y fijar posici\u00f3n frente al inter\u00e9s del Gobierno Central de reducir nuevamente en un 50% la contribuci\u00f3n econ\u00f3mica que corresponde por ley a los partidos pol\u00edticos.<\/p>\n\n\n\n<p>El Director Ejecutivo del FOPPPREDOM, Jos\u00e9 Manuel Jerez, advirti\u00f3 que esta medida profundizar\u00eda una situaci\u00f3n ya irregular, dado que desde el a\u00f1o 2025 y durante el presente 2026 las organizaciones pol\u00edticas han recibido apenas un 48% de los fondos que legalmente les corresponden en a\u00f1os no electorales, lo que constituye una reducci\u00f3n arbitraria de un 52%, en abierta contradicci\u00f3n con el marco normativo vigente.<\/p>\n\n\n\n<p>De materializarse una nueva reducci\u00f3n, los partidos pasar\u00edan a recibir apenas un 24% de la asignaci\u00f3n legalmente establecida, lo que generar\u00eda una crisis estructural en el sistema de partidos, afectando su funcionamiento, su capacidad organizativa y el equilibrio democr\u00e1tico del pa\u00eds.<\/p>\n\n\n\n<p>\u201cEl financiamiento p\u00fablico a los partidos no es una concesi\u00f3n discrecional del poder pol\u00edtico, sino una garant\u00eda institucional del sistema democr\u00e1tico, consagrada en la ley para asegurar pluralismo, competencia equitativa y estabilidad pol\u00edtica\u201d, expres\u00f3 Jerez.<\/p>\n\n\n\n<p>El FOPPPREDOM calific\u00f3 como de \u201cextrema gravedad\u201d esta eventual decisi\u00f3n y llam\u00f3 a la unidad de todas las fuerzas pol\u00edticas, sin distinci\u00f3n, para enfrentar lo que considera un desatino que compromete la calidad democr\u00e1tica y el Estado de derecho.<\/p>\n\n\n\n<p>La reuni\u00f3n ha sido convocada para este viernes 1 de mayo a las 5:00 de la tarde, en el Sal\u00f3n de Eventos Mar\u00eda Marcelino, ubicado en la calle Uruguay No. 3, casi esquina avenida Bol\u00edvar, Ensanche Lugo, Distrito Nacional. Se ha solicitado la participaci\u00f3n de representantes de todos los partidos pol\u00edticos del pa\u00eds.<\/p>\n\n\n\n<p>Finalmente, el FOPPPREDOM reiter\u00f3 que agotar\u00e1 todas las v\u00edas institucionales, jur\u00eddicas y pol\u00edticas necesarias para preservar el respeto a la ley y garantizar el adecuado funcionamiento del sistema democr\u00e1tico dominicano.<\/p>\n","protected":false},"excerpt":{"rendered":"<p>Santo Domingo, Rep\u00fablica Dominicana.\u2013 El Foro Permanente de Partidos Pol\u00edticos de la Rep\u00fablica Dominicana (FOPPPREDOM), por instrucci\u00f3n de su Secretario General, Jos\u00e9 Francisco Pe\u00f1a Guaba, convoc\u00f3 de urgencia a su Consejo Directivo para analizar y fijar posici\u00f3n frente al inter\u00e9s del Gobierno Central de reducir nuevamente en un 50% la contribuci\u00f3n econ\u00f3mica que corresponde por ley a los partidos pol\u00edticos. El Director Ejecutivo del FOPPPREDOM, Jos\u00e9 Manuel Jerez, advirti\u00f3 que esta medida profundizar\u00eda una situaci\u00f3n ya irregular, dado que desde el a\u00f1o 2025 y durante el presente 2026 las organizaciones pol\u00edticas han recibido apenas un 48% de los fondos que legalmente les corresponden en a\u00f1os no electorales, lo que constituye una reducci\u00f3n arbitraria de un 52%, en abierta contradicci\u00f3n con el marco normativo vigente. De materializarse una nueva reducci\u00f3n, los partidos pasar\u00edan a recibir apenas un 24% de la asignaci\u00f3n legalmente establecida, lo que generar\u00eda una crisis estructural en el sistema de partidos, afectando su funcionamiento, su capacidad organizativa y el equilibrio democr\u00e1tico del pa\u00eds. \u201cEl financiamiento p\u00fablico a los partidos no es una concesi\u00f3n discrecional del poder pol\u00edtico, sino una garant\u00eda institucional del sistema democr\u00e1tico, consagrada en la ley para asegurar pluralismo, competencia equitativa y estabilidad pol\u00edtica\u201d, expres\u00f3 Jerez. El FOPPPREDOM calific\u00f3 como de \u201cextrema gravedad\u201d esta eventual decisi\u00f3n y llam\u00f3 a la unidad de todas las fuerzas pol\u00edticas, sin distinci\u00f3n, para enfrentar lo que considera un desatino que compromete la calidad democr\u00e1tica y el Estado de derecho. La reuni\u00f3n ha sido convocada para este viernes 1 de mayo a las 5:00 de la tarde, en el Sal\u00f3n de Eventos Mar\u00eda Marcelino, ubicado en la calle Uruguay No. 3, casi esquina avenida Bol\u00edvar, Ensanche Lugo, Distrito Nacional. Se ha solicitado la participaci\u00f3n de representantes de todos los partidos pol\u00edticos del pa\u00eds. Finalmente, el FOPPPREDOM reiter\u00f3 que agotar\u00e1 todas las v\u00edas institucionales, jur\u00eddicas y pol\u00edticas necesarias para preservar el respeto a la ley y garantizar el adecuado funcionamiento del sistema democr\u00e1tico dominicano.<\/p>\n","protected":false},"author":6,"featured_media":0,"comment_status":"open","ping_status":"open","sticky":false,"template":"","format":"standard","meta":{"om_disable_all_campaigns":false,"footnotes":""},"categories":[12],"tags":[],"class_list":["post-143627","post","type-post","status-publish","format-standard","hentry","category-politic"],"_links":{"self":[{"href":"https:\/\/conexiondigital.com.do\/index.php\/wp-json\/wp\/v2\/posts\/143627","targetHints":{"allow":["GET"]}}],"collection":[{"href":"https:\/\/conexiondigital.com.do\/index.php\/wp-json\/wp\/v2\/posts"}],"about":[{"href":"https:\/\/conexiondigital.com.do\/index.php\/wp-json\/wp\/v2\/types\/post"}],"author":[{"embeddable":true,"href":"https:\/\/conexiondigital.com.do\/index.php\/wp-json\/wp\/v2\/users\/6"}],"replies":[{"embeddable":true,"href":"https:\/\/conexiondigital.com.do\/index.php\/wp-json\/wp\/v2\/comments?post=143627"}],"version-history":[{"count":1,"href":"https:\/\/conexiondigital.com.do\/index.php\/wp-json\/wp\/v2\/posts\/143627\/revisions"}],"predecessor-version":[{"id":143629,"href":"https:\/\/conexiondigital.com.do\/index.php\/wp-json\/wp\/v2\/posts\/143627\/revisions\/143629"}],"wp:attachment":[{"href":"https:\/\/conexiondigital.com.do\/index.php\/wp-json\/wp\/v2\/media?parent=143627"}],"wp:term":[{"taxonomy":"category","embeddable":true,"href":"https:\/\/conexiondigital.com.do\/index.php\/wp-json\/wp\/v2\/categories?post=143627"},{"taxonomy":"post_tag","embeddable":true,"href":"https:\/\/conexiondigital.com.do\/index.php\/wp-json\/wp\/v2\/tags?post=143627"}],"curies":[{"name":"wp","href":"https:\/\/api.w.org\/{rel}","templated":true}]}}