{"id":143630,"date":"2026-04-30T21:11:41","date_gmt":"2026-05-01T01:11:41","guid":{"rendered":"https:\/\/conexiondigital.com.do\/?p=143630"},"modified":"2026-04-30T21:11:57","modified_gmt":"2026-05-01T01:11:57","slug":"roberto-rosario-version-del-gobierno-no-refleja-la-realidad-de-los-precios-de-combustibles-y-comida","status":"publish","type":"post","link":"https:\/\/conexiondigital.com.do\/index.php\/2026\/04\/30\/roberto-rosario-version-del-gobierno-no-refleja-la-realidad-de-los-precios-de-combustibles-y-comida\/","title":{"rendered":"Roberto Rosario: versi\u00f3n del Gobierno no refleja la realidad de los precios de combustibles y comida"},"content":{"rendered":"\n<figure class=\"wp-block-image size-full\"><img loading=\"lazy\" decoding=\"async\" width=\"895\" height=\"504\" src=\"https:\/\/images.conexiondigital.com.do\/wp-content\/uploads\/2026\/04\/roberto-rosario-quiere-revocar-politica-de-proteccion-de-datos-focus-min0.02-0.15-896-504.jpg\" alt=\"\" class=\"wp-image-143631\" srcset=\"https:\/\/images.conexiondigital.com.do\/wp-content\/uploads\/2026\/04\/roberto-rosario-quiere-revocar-politica-de-proteccion-de-datos-focus-min0.02-0.15-896-504.jpg 895w, https:\/\/images.conexiondigital.com.do\/wp-content\/uploads\/2026\/04\/roberto-rosario-quiere-revocar-politica-de-proteccion-de-datos-focus-min0.02-0.15-896-504-800x451.jpg 800w, https:\/\/images.conexiondigital.com.do\/wp-content\/uploads\/2026\/04\/roberto-rosario-quiere-revocar-politica-de-proteccion-de-datos-focus-min0.02-0.15-896-504-768x432.jpg 768w\" sizes=\"auto, (max-width: 895px) 100vw, 895px\"><\/figure>\n\n\n\n<p><strong>Afirma que primero subi\u00f3 los carburantes para luego congelarlos y, con relaci\u00f3n a la canasta b\u00e1sica, lo acusa de favorecer la importaci\u00f3n<\/strong><\/p>\n\n\n\n<p>El dirigente de la&nbsp;<strong>Fuerza del Pueblo<\/strong>&nbsp;<strong>Roberto Rosario<\/strong>&nbsp;<strong>critic\u00f3<\/strong>&nbsp;este martes los recientes anuncios del&nbsp;<strong>Gobierno<\/strong>&nbsp;sobre el congelamiento de los precios de los combustibles y la estabilidad de los art\u00edculos de la canasta b\u00e1sica, al considerar que no reflejan la realidad econ\u00f3mica del pa\u00eds.<\/p>\n\n\n\n<p>En relaci\u00f3n con el anuncio realizado por el presidente&nbsp;<strong>Luis Abinader<\/strong>, Rosario se\u00f1al\u00f3 que la decisi\u00f3n de&nbsp;<strong>congelar<\/strong>&nbsp;los precios de los&nbsp;<strong>combustibles&nbsp;<\/strong>se produjo luego de&nbsp;<strong>incrementos acumulados<\/strong>&nbsp;que, seg\u00fan indic\u00f3, rondan los 24 pesos en pocos d\u00edas.<\/p>\n\n\n\n<p>\u00abPor tanto, se&nbsp;<strong>aument\u00f3<\/strong>, para luego&nbsp;<strong>anunciar congelaci\u00f3n<\/strong>\u00ab, acot\u00f3 a trav\u00e9s de un mensaje colgado en su cuenta de X.<\/p>\n\n\n\n<p>A su juicio, esto desvirt\u00faa el impacto positivo que se intenta proyectar con la medida.<\/p>\n\n\n\n<p>Sobre los precios de los productos de la canasta familiar, el exfuncionario cit\u00f3 datos presentados en redes sociales por la economista&nbsp;<strong>Mercedes Macarrulla<\/strong>, que evidenciar\u00edan&nbsp;<strong>aumentos<\/strong>&nbsp;en m\u00e1s de&nbsp;<strong>120 art\u00edculos<\/strong>, algunos de ellos recientes.<\/p>\n\n\n\n<p>En ese contexto,\u00a0<strong>cuestion\u00f3<\/strong>\u00a0las declaraciones oficiales, incluyendo las del ministro de Industria y Comercio, Eduardo -Yayo- Sanz Lovat\u00f3n, al considerar que existe una discrepancia entre el discurso gubernamental y la situaci\u00f3n del mercado.<\/p>\n\n\n\n<p>Rosario, expresidente de la Junta Central Electoral, tambi\u00e9n\u00a0<strong>critic\u00f3<\/strong>\u00a0la gesti\u00f3n de los periodos en que los\u00a0<strong>precios internacionales<\/strong>\u00a0de los combustibles eran m\u00e1s bajos, afirmando que no se aplicaron mecanismos de estabilizaci\u00f3n, en alusi\u00f3n a propuestas vinculadas al ministro de Industria y Comercio de ese momento, V\u00edctor &#8211;<strong>Ito- Bison\u00f3<\/strong>. Dijo que, en ese contexto, el\u00a0<strong>gobierno<\/strong>\u00a0\u00abse benefici\u00f3 del tiempo de las vagas gordas\u00bb.<\/p>\n","protected":false},"excerpt":{"rendered":"<p>Afirma que primero subi\u00f3 los carburantes para luego congelarlos y, con relaci\u00f3n a la canasta b\u00e1sica, lo acusa de favorecer la importaci\u00f3n El dirigente de la&nbsp;Fuerza del Pueblo&nbsp;Roberto Rosario&nbsp;critic\u00f3&nbsp;este martes los recientes anuncios del&nbsp;Gobierno&nbsp;sobre el congelamiento de los precios de los combustibles y la estabilidad de los art\u00edculos de la canasta b\u00e1sica, al considerar que no reflejan la realidad econ\u00f3mica del pa\u00eds. En relaci\u00f3n con el anuncio realizado por el presidente&nbsp;Luis Abinader, Rosario se\u00f1al\u00f3 que la decisi\u00f3n de&nbsp;congelar&nbsp;los precios de los&nbsp;combustibles&nbsp;se produjo luego de&nbsp;incrementos acumulados&nbsp;que, seg\u00fan indic\u00f3, rondan los 24 pesos en pocos d\u00edas. \u00abPor tanto, se&nbsp;aument\u00f3, para luego&nbsp;anunciar congelaci\u00f3n\u00ab, acot\u00f3 a trav\u00e9s de un mensaje colgado en su cuenta de X. A su juicio, esto desvirt\u00faa el impacto positivo que se intenta proyectar con la medida. Sobre los precios de los productos de la canasta familiar, el exfuncionario cit\u00f3 datos presentados en redes sociales por la economista&nbsp;Mercedes Macarrulla, que evidenciar\u00edan&nbsp;aumentos&nbsp;en m\u00e1s de&nbsp;120 art\u00edculos, algunos de ellos recientes. En ese contexto,\u00a0cuestion\u00f3\u00a0las declaraciones oficiales, incluyendo las del ministro de Industria y Comercio, Eduardo -Yayo- Sanz Lovat\u00f3n, al considerar que existe una discrepancia entre el discurso gubernamental y la situaci\u00f3n del mercado. Rosario, expresidente de la Junta Central Electoral, tambi\u00e9n\u00a0critic\u00f3\u00a0la gesti\u00f3n de los periodos en que los\u00a0precios internacionales\u00a0de los combustibles eran m\u00e1s bajos, afirmando que no se aplicaron mecanismos de estabilizaci\u00f3n, en alusi\u00f3n a propuestas vinculadas al ministro de Industria y Comercio de ese momento, V\u00edctor &#8211;Ito- Bison\u00f3. Dijo que, en ese contexto, el\u00a0gobierno\u00a0\u00abse benefici\u00f3 del tiempo de las vagas gordas\u00bb.<\/p>\n","protected":false},"author":6,"featured_media":0,"comment_status":"open","ping_status":"open","sticky":false,"template":"","format":"standard","meta":{"om_disable_all_campaigns":false,"footnotes":""},"categories":[12],"tags":[],"class_list":["post-143630","post","type-post","status-publish","format-standard","hentry","category-politic"],"_links":{"self":[{"href":"https:\/\/conexiondigital.com.do\/index.php\/wp-json\/wp\/v2\/posts\/143630","targetHints":{"allow":["GET"]}}],"collection":[{"href":"https:\/\/conexiondigital.com.do\/index.php\/wp-json\/wp\/v2\/posts"}],"about":[{"href":"https:\/\/conexiondigital.com.do\/index.php\/wp-json\/wp\/v2\/types\/post"}],"author":[{"embeddable":true,"href":"https:\/\/conexiondigital.com.do\/index.php\/wp-json\/wp\/v2\/users\/6"}],"replies":[{"embeddable":true,"href":"https:\/\/conexiondigital.com.do\/index.php\/wp-json\/wp\/v2\/comments?post=143630"}],"version-history":[{"count":1,"href":"https:\/\/conexiondigital.com.do\/index.php\/wp-json\/wp\/v2\/posts\/143630\/revisions"}],"predecessor-version":[{"id":143632,"href":"https:\/\/conexiondigital.com.do\/index.php\/wp-json\/wp\/v2\/posts\/143630\/revisions\/143632"}],"wp:attachment":[{"href":"https:\/\/conexiondigital.com.do\/index.php\/wp-json\/wp\/v2\/media?parent=143630"}],"wp:term":[{"taxonomy":"category","embeddable":true,"href":"https:\/\/conexiondigital.com.do\/index.php\/wp-json\/wp\/v2\/categories?post=143630"},{"taxonomy":"post_tag","embeddable":true,"href":"https:\/\/conexiondigital.com.do\/index.php\/wp-json\/wp\/v2\/tags?post=143630"}],"curies":[{"name":"wp","href":"https:\/\/api.w.org\/{rel}","templated":true}]}}