{"id":143633,"date":"2026-04-30T21:24:34","date_gmt":"2026-05-01T01:24:34","guid":{"rendered":"https:\/\/conexiondigital.com.do\/?p=143633"},"modified":"2026-04-30T21:24:37","modified_gmt":"2026-05-01T01:24:37","slug":"regidora-amelia-nunez-teleferico-y-monorriel-no-resuelven-los-problemas-actuales-de-santiago","status":"publish","type":"post","link":"https:\/\/conexiondigital.com.do\/index.php\/2026\/04\/30\/regidora-amelia-nunez-teleferico-y-monorriel-no-resuelven-los-problemas-actuales-de-santiago\/","title":{"rendered":"Regidora Amelia N\u00fa\u00f1ez: telef\u00e9rico y monorriel no resuelven los problemas actuales de Santiago"},"content":{"rendered":"\n<figure class=\"wp-block-image size-large\"><img loading=\"lazy\" decoding=\"async\" width=\"1024\" height=\"576\" src=\"https:\/\/images.conexiondigital.com.do\/wp-content\/uploads\/2026\/04\/1418e03a-a360-4226-b483-d5689fb0ada1-1024x576.jpg\" alt=\"\" class=\"wp-image-143634\" srcset=\"https:\/\/images.conexiondigital.com.do\/wp-content\/uploads\/2026\/04\/1418e03a-a360-4226-b483-d5689fb0ada1-1024x576.jpg 1024w, https:\/\/images.conexiondigital.com.do\/wp-content\/uploads\/2026\/04\/1418e03a-a360-4226-b483-d5689fb0ada1-800x450.jpg 800w, https:\/\/images.conexiondigital.com.do\/wp-content\/uploads\/2026\/04\/1418e03a-a360-4226-b483-d5689fb0ada1-768x432.jpg 768w, https:\/\/images.conexiondigital.com.do\/wp-content\/uploads\/2026\/04\/1418e03a-a360-4226-b483-d5689fb0ada1.jpg 1200w\" sizes=\"auto, (max-width: 1024px) 100vw, 1024px\"><\/figure>\n\n\n\n<p><strong>Dirigente de Fuerza del Pueblo plantea que la ciudad requiere soluciones viales efectivas y llama a los ciudadanos a canalizar sus demandas a trav\u00e9s de sus representantes municipales.<\/strong><\/p>\n\n\n\n<p>Santiago de los Caballeros.\u2013 La regidora del municipio de Santiago de los Caballeros y dirigente del partido Fuerza del Pueblo, Amelia N\u00fa\u00f1ez, cuestion\u00f3 la efectividad de varias de las obras impulsadas en la ciudad, al considerar que no responden a los problemas actuales de movilidad ni a las verdaderas competencias del gobierno municipal.<\/p>\n\n\n\n<p>N\u00fa\u00f1ez se\u00f1al\u00f3 que proyectos como el telef\u00e9rico y el monorriel han sido promovidos como soluciones estructurales, cuando no guardan relaci\u00f3n directa con las responsabilidades de una alcald\u00eda. \u201cHan hablado de hoteles, de telef\u00e9ricos, del monorriel\u2026 pero eso no tiene que ver con el gobierno municipal\u201d, expres\u00f3.<\/p>\n\n\n\n<p>La regidora sostuvo que parte de los cambios que hoy se observan en Santiago obedecen a procesos iniciados en gestiones anteriores, y que actualmente han sido impulsados por la inversi\u00f3n del gobierno central. No obstante, advirti\u00f3 que algunas de esas iniciativas no han tenido el impacto esperado en la vida cotidiana de los ciudadanos.<\/p>\n\n\n\n<p>En ese sentido, record\u00f3 que desde el anuncio del telef\u00e9rico manifest\u00f3 su desacuerdo con el proyecto, argumentando que no respond\u00eda a las necesidades reales de la ciudad ni a una planificaci\u00f3n adecuada. \u201cDije que lamentablemente eso no iba a servir, que Santiago no necesitaba un telef\u00e9rico y que la ruta no era la correcta\u201d, indic\u00f3.<\/p>\n\n\n\n<p>Agreg\u00f3 que, a su juicio, la infraestructura implementada no ha cumplido con su prop\u00f3sito. \u201cAh\u00ed est\u00e1, no sirve, no funciona\u201d, afirm\u00f3, al tiempo que se\u00f1al\u00f3 que sus planteamientos fueron objeto de cr\u00edticas en su momento, al interpretarse como una oposici\u00f3n al progreso.<\/p>\n\n\n\n<p>N\u00fa\u00f1ez plante\u00f3 que Santiago requiere soluciones m\u00e1s alineadas con su din\u00e1mica urbana, como la construcci\u00f3n de pasos a desnivel, elevados, ampliaci\u00f3n de carriles y el desarrollo de conexiones viales inteligentes que contribuyan a descongestionar el tr\u00e1nsito.<\/p>\n\n\n\n<p>Asimismo, expres\u00f3 preocupaci\u00f3n por iniciativas que, seg\u00fan dijo, podr\u00edan reducir la capacidad vial existente. \u201cNo se trata de llenar la ciudad de un monorriel quitando carriles, sino de mejorar la circulaci\u00f3n con soluciones reales\u201d, sostuvo.<\/p>\n\n\n\n<p>La dirigente de Fuerza del Pueblo hizo un llamado a la ciudadan\u00eda a involucrarse activamente en la identificaci\u00f3n de los problemas de sus comunidades y a canalizar sus inquietudes a trav\u00e9s de los regidores. \u201cInvito a todos los ciudadanos a hacerse eco de lo que est\u00e1 pasando en sus barrios, en sus calles, y que contacten a un regidor, sea de la Fuerza del Pueblo o de otro partido opositor, para que podamos representarlos dignamente. Nosotros estamos todos los d\u00edas en las calles\u201d, concluy\u00f3.<\/p>\n","protected":false},"excerpt":{"rendered":"<p>Dirigente de Fuerza del Pueblo plantea que la ciudad requiere soluciones viales efectivas y llama a los ciudadanos a canalizar sus demandas a trav\u00e9s de sus representantes municipales. Santiago de los Caballeros.\u2013 La regidora del municipio de Santiago de los Caballeros y dirigente del partido Fuerza del Pueblo, Amelia N\u00fa\u00f1ez, cuestion\u00f3 la efectividad de varias de las obras impulsadas en la ciudad, al considerar que no responden a los problemas actuales de movilidad ni a las verdaderas competencias del gobierno municipal. N\u00fa\u00f1ez se\u00f1al\u00f3 que proyectos como el telef\u00e9rico y el monorriel han sido promovidos como soluciones estructurales, cuando no guardan relaci\u00f3n directa con las responsabilidades de una alcald\u00eda. \u201cHan hablado de hoteles, de telef\u00e9ricos, del monorriel\u2026 pero eso no tiene que ver con el gobierno municipal\u201d, expres\u00f3. La regidora sostuvo que parte de los cambios que hoy se observan en Santiago obedecen a procesos iniciados en gestiones anteriores, y que actualmente han sido impulsados por la inversi\u00f3n del gobierno central. No obstante, advirti\u00f3 que algunas de esas iniciativas no han tenido el impacto esperado en la vida cotidiana de los ciudadanos. En ese sentido, record\u00f3 que desde el anuncio del telef\u00e9rico manifest\u00f3 su desacuerdo con el proyecto, argumentando que no respond\u00eda a las necesidades reales de la ciudad ni a una planificaci\u00f3n adecuada. \u201cDije que lamentablemente eso no iba a servir, que Santiago no necesitaba un telef\u00e9rico y que la ruta no era la correcta\u201d, indic\u00f3. Agreg\u00f3 que, a su juicio, la infraestructura implementada no ha cumplido con su prop\u00f3sito. \u201cAh\u00ed est\u00e1, no sirve, no funciona\u201d, afirm\u00f3, al tiempo que se\u00f1al\u00f3 que sus planteamientos fueron objeto de cr\u00edticas en su momento, al interpretarse como una oposici\u00f3n al progreso. N\u00fa\u00f1ez plante\u00f3 que Santiago requiere soluciones m\u00e1s alineadas con su din\u00e1mica urbana, como la construcci\u00f3n de pasos a desnivel, elevados, ampliaci\u00f3n de carriles y el desarrollo de conexiones viales inteligentes que contribuyan a descongestionar el tr\u00e1nsito. Asimismo, expres\u00f3 preocupaci\u00f3n por iniciativas que, seg\u00fan dijo, podr\u00edan reducir la capacidad vial existente. \u201cNo se trata de llenar la ciudad de un monorriel quitando carriles, sino de mejorar la circulaci\u00f3n con soluciones reales\u201d, sostuvo. La dirigente de Fuerza del Pueblo hizo un llamado a la ciudadan\u00eda a involucrarse activamente en la identificaci\u00f3n de los problemas de sus comunidades y a canalizar sus inquietudes a trav\u00e9s de los regidores. \u201cInvito a todos los ciudadanos a hacerse eco de lo que est\u00e1 pasando en sus barrios, en sus calles, y que contacten a un regidor, sea de la Fuerza del Pueblo o de otro partido opositor, para que podamos representarlos dignamente. Nosotros estamos todos los d\u00edas en las calles\u201d, concluy\u00f3.<\/p>\n","protected":false},"author":6,"featured_media":0,"comment_status":"open","ping_status":"open","sticky":false,"template":"","format":"standard","meta":{"om_disable_all_campaigns":false,"footnotes":""},"categories":[12],"tags":[],"class_list":["post-143633","post","type-post","status-publish","format-standard","hentry","category-politic"],"_links":{"self":[{"href":"https:\/\/conexiondigital.com.do\/index.php\/wp-json\/wp\/v2\/posts\/143633","targetHints":{"allow":["GET"]}}],"collection":[{"href":"https:\/\/conexiondigital.com.do\/index.php\/wp-json\/wp\/v2\/posts"}],"about":[{"href":"https:\/\/conexiondigital.com.do\/index.php\/wp-json\/wp\/v2\/types\/post"}],"author":[{"embeddable":true,"href":"https:\/\/conexiondigital.com.do\/index.php\/wp-json\/wp\/v2\/users\/6"}],"replies":[{"embeddable":true,"href":"https:\/\/conexiondigital.com.do\/index.php\/wp-json\/wp\/v2\/comments?post=143633"}],"version-history":[{"count":1,"href":"https:\/\/conexiondigital.com.do\/index.php\/wp-json\/wp\/v2\/posts\/143633\/revisions"}],"predecessor-version":[{"id":143635,"href":"https:\/\/conexiondigital.com.do\/index.php\/wp-json\/wp\/v2\/posts\/143633\/revisions\/143635"}],"wp:attachment":[{"href":"https:\/\/conexiondigital.com.do\/index.php\/wp-json\/wp\/v2\/media?parent=143633"}],"wp:term":[{"taxonomy":"category","embeddable":true,"href":"https:\/\/conexiondigital.com.do\/index.php\/wp-json\/wp\/v2\/categories?post=143633"},{"taxonomy":"post_tag","embeddable":true,"href":"https:\/\/conexiondigital.com.do\/index.php\/wp-json\/wp\/v2\/tags?post=143633"}],"curies":[{"name":"wp","href":"https:\/\/api.w.org\/{rel}","templated":true}]}}