{"id":145533,"date":"2026-08-30T10:14:27","date_gmt":"2026-08-30T14:14:27","guid":{"rendered":"https:\/\/conexiondigital.com.do\/?p=145533"},"modified":"2026-08-30T10:14:28","modified_gmt":"2026-08-30T14:14:28","slug":"francisco-javier-el-pld-marchara-firme-y-unido-para-ganar-el-poder-en-el-ano-2028","status":"publish","type":"post","link":"https:\/\/conexiondigital.com.do\/index.php\/2026\/08\/30\/francisco-javier-el-pld-marchara-firme-y-unido-para-ganar-el-poder-en-el-ano-2028\/","title":{"rendered":"Francisco Javier: \u00abEl PLD marchar\u00e1 firme y unido para ganar el poder en el a\u00f1o 2028\u00bb"},"content":{"rendered":"\n<figure class=\"wp-block-image size-large\"><img loading=\"lazy\" decoding=\"async\" width=\"1024\" height=\"576\" src=\"https:\/\/images.conexiondigital.com.do\/wp-content\/uploads\/2026\/08\/b5cd253a-2672-4aa4-bc30-6cdecbd4f822-1024x576.jpg\" alt=\"\" class=\"wp-image-145534\" srcset=\"https:\/\/images.conexiondigital.com.do\/wp-content\/uploads\/2026\/08\/b5cd253a-2672-4aa4-bc30-6cdecbd4f822-1024x576.jpg 1024w, https:\/\/images.conexiondigital.com.do\/wp-content\/uploads\/2026\/08\/b5cd253a-2672-4aa4-bc30-6cdecbd4f822-800x450.jpg 800w, https:\/\/images.conexiondigital.com.do\/wp-content\/uploads\/2026\/08\/b5cd253a-2672-4aa4-bc30-6cdecbd4f822-768x432.jpg 768w, https:\/\/images.conexiondigital.com.do\/wp-content\/uploads\/2026\/08\/b5cd253a-2672-4aa4-bc30-6cdecbd4f822.jpg 1280w\" sizes=\"auto, (max-width: 1024px) 100vw, 1024px\"><\/figure>\n\n\n\n<p class=\"wp-block-paragraph\">Santo Domingo: El aspirante presidencial del Partido de la Liberaci\u00f3n Dominicana (PLD), Francisco Javier Garc\u00eda, afirm\u00f3 que esa organizaci\u00f3n marchar\u00e1 firme y unida para reconquistar el poder en el a\u00f1o 2028.<br>El miembro del Comit\u00e9 Pol\u00edtico peledeista asegur\u00f3 que existe una conciencia clara acerca de la importancia de la unidad partidaria. Dijo que las divergencias internas que pudieron surgir en la actual coyuntura quedar\u00e1n resuelta una vez se celebre la consulta interna del pr\u00f3ximo 18 de octubre.<br>Garc\u00eda habl\u00f3 del tema en sendos actos con coordinadores del proyecto pol\u00edtico que encabez\u00f3 en las provincias Peravia y San Jos\u00e9 de Ocoa.<br>\u00abLa unidad del Partido de la Liberaci\u00f3n Dominicana no est\u00e1 en juego. Marcharemos firmes y unidos como un solo hombre y una sola mujer para ganar las elecciones del 2028\u00bb, expres\u00f3.<br>Dijo que no solo ganar\u00e1 abrumadoramente el proceso interno del PLD, sino que se convertir\u00e1 en el pr\u00f3ximo presidente de la Rep\u00fablica.<br>Refiri\u00f3 datos de una encuesta que lo coloca a la cabeza de los aspirantes presidenciales peled\u00edstas, con m\u00e1s del 70 de la preferencia electoral.<\/p>\n\n\n\n<figure class=\"wp-block-image size-large\"><img loading=\"lazy\" decoding=\"async\" width=\"1024\" height=\"576\" src=\"https:\/\/images.conexiondigital.com.do\/wp-content\/uploads\/2026\/08\/cbac8727-cb9d-4e7a-81f0-7a6a7c1bf744-1024x576.jpg\" alt=\"\" class=\"wp-image-145535\" srcset=\"https:\/\/images.conexiondigital.com.do\/wp-content\/uploads\/2026\/08\/cbac8727-cb9d-4e7a-81f0-7a6a7c1bf744-1024x576.jpg 1024w, https:\/\/images.conexiondigital.com.do\/wp-content\/uploads\/2026\/08\/cbac8727-cb9d-4e7a-81f0-7a6a7c1bf744-800x450.jpg 800w, https:\/\/images.conexiondigital.com.do\/wp-content\/uploads\/2026\/08\/cbac8727-cb9d-4e7a-81f0-7a6a7c1bf744-768x432.jpg 768w, https:\/\/images.conexiondigital.com.do\/wp-content\/uploads\/2026\/08\/cbac8727-cb9d-4e7a-81f0-7a6a7c1bf744.jpg 1280w\" sizes=\"auto, (max-width: 1024px) 100vw, 1024px\"><\/figure>\n\n\n\n<p class=\"wp-block-paragraph\">PRM trae ansiedad y depresi\u00f3n<br>El estratega peledeista dijo que la mayor\u00eda del pueblo dominicano sufre de ansiedad y depresi\u00f3n debido a la p\u00e9sima administraci\u00f3n del Partido Revolucionario Moderno (PRM) desde su ascenso al poder en el a\u00f1o 2020.<br>Pidi\u00f3, sin embargo, a la poblaci\u00f3n a retomar la esperanza porque ya esa situaci\u00f3n tiene plazo de vencimiento para mayo del 2028.<br>Garc\u00eda dijo que sabe qu\u00e9 hacer para que el bienestar retorne a la Rep\u00fablica Dominicana como suced\u00eda en los gobiernos peledeistas.<\/p>\n","protected":false},"excerpt":{"rendered":"<p>Santo Domingo: El aspirante presidencial del Partido de la Liberaci\u00f3n Dominicana (PLD), Francisco Javier Garc\u00eda, afirm\u00f3 que esa organizaci\u00f3n marchar\u00e1 firme y unida para reconquistar el poder en el a\u00f1o 2028.El miembro del Comit\u00e9 Pol\u00edtico peledeista asegur\u00f3 que existe una conciencia clara acerca de la importancia de la unidad partidaria. Dijo que las divergencias internas que pudieron surgir en la actual coyuntura quedar\u00e1n resuelta una vez se celebre la consulta interna del pr\u00f3ximo 18 de octubre.Garc\u00eda habl\u00f3 del tema en sendos actos con coordinadores del proyecto pol\u00edtico que encabez\u00f3 en las provincias Peravia y San Jos\u00e9 de Ocoa.\u00abLa unidad del Partido de la Liberaci\u00f3n Dominicana no est\u00e1 en juego. Marcharemos firmes y unidos como un solo hombre y una sola mujer para ganar las elecciones del 2028\u00bb, expres\u00f3.Dijo que no solo ganar\u00e1 abrumadoramente el proceso interno del PLD, sino que se convertir\u00e1 en el pr\u00f3ximo presidente de la Rep\u00fablica.Refiri\u00f3 datos de una encuesta que lo coloca a la cabeza de los aspirantes presidenciales peled\u00edstas, con m\u00e1s del 70 de la preferencia electoral. PRM trae ansiedad y depresi\u00f3nEl estratega peledeista dijo que la mayor\u00eda del pueblo dominicano sufre de ansiedad y depresi\u00f3n debido a la p\u00e9sima administraci\u00f3n del Partido Revolucionario Moderno (PRM) desde su ascenso al poder en el a\u00f1o 2020.Pidi\u00f3, sin embargo, a la poblaci\u00f3n a retomar la esperanza porque ya esa situaci\u00f3n tiene plazo de vencimiento para mayo del 2028.Garc\u00eda dijo que sabe qu\u00e9 hacer para que el bienestar retorne a la Rep\u00fablica Dominicana como suced\u00eda en los gobiernos peledeistas.<\/p>\n","protected":false},"author":3,"featured_media":0,"comment_status":"open","ping_status":"open","sticky":false,"template":"","format":"standard","meta":{"om_disable_all_campaigns":false,"footnotes":""},"categories":[12],"tags":[],"class_list":["post-145533","post","type-post","status-publish","format-standard","hentry","category-politic"],"_links":{"self":[{"href":"https:\/\/conexiondigital.com.do\/index.php\/wp-json\/wp\/v2\/posts\/145533","targetHints":{"allow":["GET"]}}],"collection":[{"href":"https:\/\/conexiondigital.com.do\/index.php\/wp-json\/wp\/v2\/posts"}],"about":[{"href":"https:\/\/conexiondigital.com.do\/index.php\/wp-json\/wp\/v2\/types\/post"}],"author":[{"embeddable":true,"href":"https:\/\/conexiondigital.com.do\/index.php\/wp-json\/wp\/v2\/users\/3"}],"replies":[{"embeddable":true,"href":"https:\/\/conexiondigital.com.do\/index.php\/wp-json\/wp\/v2\/comments?post=145533"}],"version-history":[{"count":1,"href":"https:\/\/conexiondigital.com.do\/index.php\/wp-json\/wp\/v2\/posts\/145533\/revisions"}],"predecessor-version":[{"id":145536,"href":"https:\/\/conexiondigital.com.do\/index.php\/wp-json\/wp\/v2\/posts\/145533\/revisions\/145536"}],"wp:attachment":[{"href":"https:\/\/conexiondigital.com.do\/index.php\/wp-json\/wp\/v2\/media?parent=145533"}],"wp:term":[{"taxonomy":"category","embeddable":true,"href":"https:\/\/conexiondigital.com.do\/index.php\/wp-json\/wp\/v2\/categories?post=145533"},{"taxonomy":"post_tag","embeddable":true,"href":"https:\/\/conexiondigital.com.do\/index.php\/wp-json\/wp\/v2\/tags?post=145533"}],"curies":[{"name":"wp","href":"https:\/\/api.w.org\/{rel}","templated":true}]}}