{"id":145546,"date":"2026-08-30T10:35:22","date_gmt":"2026-08-30T14:35:22","guid":{"rendered":"https:\/\/conexiondigital.com.do\/?p=145546"},"modified":"2026-08-30T10:35:23","modified_gmt":"2026-08-30T14:35:23","slug":"exsecretario-general-del-sntp-sde-condeno-la-agresion-contra-camarografo-joel-francisco-de-la-cruz-belen-durante-cobertura-periodistica","status":"publish","type":"post","link":"https:\/\/conexiondigital.com.do\/index.php\/2026\/08\/30\/exsecretario-general-del-sntp-sde-condeno-la-agresion-contra-camarografo-joel-francisco-de-la-cruz-belen-durante-cobertura-periodistica\/","title":{"rendered":"Exsecretario General del SNTP-SDE conden\u00f3 la agresi\u00f3n contra camar\u00f3grafo Joel Francisco de la Cruz Bel\u00e9n durante cobertura period\u00edstica."},"content":{"rendered":"\n<figure class=\"wp-block-image size-large\"><img loading=\"lazy\" decoding=\"async\" width=\"707\" height=\"1024\" src=\"https:\/\/images.conexiondigital.com.do\/wp-content\/uploads\/2026\/08\/d32d30db-1e6b-4123-8dbc-108e2a7f5200-707x1024.jpg\" alt=\"\" class=\"wp-image-145547\" srcset=\"https:\/\/images.conexiondigital.com.do\/wp-content\/uploads\/2026\/08\/d32d30db-1e6b-4123-8dbc-108e2a7f5200-707x1024.jpg 707w, https:\/\/images.conexiondigital.com.do\/wp-content\/uploads\/2026\/08\/d32d30db-1e6b-4123-8dbc-108e2a7f5200-552x800.jpg 552w, https:\/\/images.conexiondigital.com.do\/wp-content\/uploads\/2026\/08\/d32d30db-1e6b-4123-8dbc-108e2a7f5200-768x1113.jpg 768w, https:\/\/images.conexiondigital.com.do\/wp-content\/uploads\/2026\/08\/d32d30db-1e6b-4123-8dbc-108e2a7f5200-1060x1536.jpg 1060w, https:\/\/images.conexiondigital.com.do\/wp-content\/uploads\/2026\/08\/d32d30db-1e6b-4123-8dbc-108e2a7f5200.jpg 1104w\" sizes=\"auto, (max-width: 707px) 100vw, 707px\"><\/figure>\n\n\n\n<p class=\"wp-block-paragraph\">Santo Domingo, RD. \u2013 El periodista, gremialista y abogado Wilson Evaristo Guerrero Berroa, exsecretario general del Sindicato Nacional de Trabajadores de la Prensa (SNTP), filial Santo Domingo Este, por dos per\u00edodos co secutivos, conden\u00f3 en\u00e9rgicamente la agresi\u00f3n f\u00edsica de la que fue v\u00edctima el camar\u00f3grafo Joel Francisco de la Cruz Bel\u00e9n, del medio digital De \u00daltimo Minuto, mientras realizaba su trabajo period\u00edstico durante la cobertura de un accidente de tr\u00e1nsito ocurrido en la avenida John F. Kennedy, pr\u00f3ximo al sector Los Jardines.<\/p>\n\n\n\n<p class=\"wp-block-paragraph\">Guerrero calific\u00f3 el hecho como inaceptable y preocupante, al considerar que constituye una amenaza contra el libre ejercicio del periodismo y el derecho de los ciudadanos a estar debidamente informados.<\/p>\n\n\n\n<p class=\"wp-block-paragraph\">\u201cNing\u00fan trabajador de la prensa debe ser agredido, amenazado ni impedido de realizar su labor cuando se encuentra cubriendo un acontecimiento de inter\u00e9s p\u00fablico. La prensa no puede ser tratada como enemiga; su funci\u00f3n es informar y contribuir a que la sociedad conozca lo que ocurre\u201d, manifest\u00f3.<\/p>\n\n\n\n<p class=\"wp-block-paragraph\">El dirigente gremial y tambi\u00e9n dos veces secretario de la Filial del Distro Naciona, expres\u00f3 su solidaridad y respaldo a Joel Francisco de la Cruz Bel\u00e9n, as\u00ed como a sus compa\u00f1eros de De \u00daltimo Minuto y N16, y demand\u00f3 de las autoridades una investigaci\u00f3n objetiva y transparente que permita establecer responsabilidades y aplicar las consecuencias legales correspondientes.<\/p>\n\n\n\n<p class=\"wp-block-paragraph\">Asimismo, valor\u00f3 la intervenci\u00f3n de los agentes de la Polic\u00eda Nacional que acudieron al lugar y exhort\u00f3 a que el proceso investigativo se conduzca con estricto apego a las garant\u00edas legales, evitando que los trabajadores de la prensa terminen siendo tratados como responsables cuando son quienes se encontraban realizando una labor informativa.<\/p>\n\n\n\n<p class=\"wp-block-paragraph\">Guerrero record\u00f3 que la libertad de prensa y el derecho a la informaci\u00f3n constituyen pilares fundamentales de una sociedad democr\u00e1tica, por lo que cualquier agresi\u00f3n contra periodistas, camar\u00f3grafos, fot\u00f3grafos o dem\u00e1s trabajadores de los medios debe ser asumida con la debida seriedad por las autoridades.<\/p>\n\n\n\n<p class=\"wp-block-paragraph\">\u201cHoy fue Joel Francisco de la Cruz Bel\u00e9n; ma\u00f1ana puede ser cualquier otro periodista. Si permitimos que la violencia y las amenazas determinen qu\u00e9 puede o no puede grabar la prensa en un espacio p\u00fablico, estaremos dando un peligroso paso atr\u00e1s en materia de libertad de expresi\u00f3n\u201d, advirti\u00f3.<\/p>\n\n\n\n<p class=\"wp-block-paragraph\">Finalmente, Wilson Guerrero reiter\u00f3 el compromiso del SNTP con la defensa de la libertad de prensa y la integridad f\u00edsica de los trabajadores de los medios, y reclam\u00f3 que la agresi\u00f3n contra el camar\u00f3grafo sea debidamente investigada y que los responsables respondan ante la justicia.<\/p>\n","protected":false},"excerpt":{"rendered":"<p>Santo Domingo, RD. \u2013 El periodista, gremialista y abogado Wilson Evaristo Guerrero Berroa, exsecretario general del Sindicato Nacional de Trabajadores de la Prensa (SNTP), filial Santo Domingo Este, por dos per\u00edodos co secutivos, conden\u00f3 en\u00e9rgicamente la agresi\u00f3n f\u00edsica de la que fue v\u00edctima el camar\u00f3grafo Joel Francisco de la Cruz Bel\u00e9n, del medio digital De \u00daltimo Minuto, mientras realizaba su trabajo period\u00edstico durante la cobertura de un accidente de tr\u00e1nsito ocurrido en la avenida John F. Kennedy, pr\u00f3ximo al sector Los Jardines. Guerrero calific\u00f3 el hecho como inaceptable y preocupante, al considerar que constituye una amenaza contra el libre ejercicio del periodismo y el derecho de los ciudadanos a estar debidamente informados. \u201cNing\u00fan trabajador de la prensa debe ser agredido, amenazado ni impedido de realizar su labor cuando se encuentra cubriendo un acontecimiento de inter\u00e9s p\u00fablico. La prensa no puede ser tratada como enemiga; su funci\u00f3n es informar y contribuir a que la sociedad conozca lo que ocurre\u201d, manifest\u00f3. El dirigente gremial y tambi\u00e9n dos veces secretario de la Filial del Distro Naciona, expres\u00f3 su solidaridad y respaldo a Joel Francisco de la Cruz Bel\u00e9n, as\u00ed como a sus compa\u00f1eros de De \u00daltimo Minuto y N16, y demand\u00f3 de las autoridades una investigaci\u00f3n objetiva y transparente que permita establecer responsabilidades y aplicar las consecuencias legales correspondientes. Asimismo, valor\u00f3 la intervenci\u00f3n de los agentes de la Polic\u00eda Nacional que acudieron al lugar y exhort\u00f3 a que el proceso investigativo se conduzca con estricto apego a las garant\u00edas legales, evitando que los trabajadores de la prensa terminen siendo tratados como responsables cuando son quienes se encontraban realizando una labor informativa. Guerrero record\u00f3 que la libertad de prensa y el derecho a la informaci\u00f3n constituyen pilares fundamentales de una sociedad democr\u00e1tica, por lo que cualquier agresi\u00f3n contra periodistas, camar\u00f3grafos, fot\u00f3grafos o dem\u00e1s trabajadores de los medios debe ser asumida con la debida seriedad por las autoridades. \u201cHoy fue Joel Francisco de la Cruz Bel\u00e9n; ma\u00f1ana puede ser cualquier otro periodista. Si permitimos que la violencia y las amenazas determinen qu\u00e9 puede o no puede grabar la prensa en un espacio p\u00fablico, estaremos dando un peligroso paso atr\u00e1s en materia de libertad de expresi\u00f3n\u201d, advirti\u00f3. Finalmente, Wilson Guerrero reiter\u00f3 el compromiso del SNTP con la defensa de la libertad de prensa y la integridad f\u00edsica de los trabajadores de los medios, y reclam\u00f3 que la agresi\u00f3n contra el camar\u00f3grafo sea debidamente investigada y que los responsables respondan ante la justicia.<\/p>\n","protected":false},"author":3,"featured_media":0,"comment_status":"open","ping_status":"open","sticky":false,"template":"","format":"standard","meta":{"om_disable_all_campaigns":false,"footnotes":""},"categories":[15],"tags":[],"class_list":["post-145546","post","type-post","status-publish","format-standard","hentry","category-nacionales"],"_links":{"self":[{"href":"https:\/\/conexiondigital.com.do\/index.php\/wp-json\/wp\/v2\/posts\/145546","targetHints":{"allow":["GET"]}}],"collection":[{"href":"https:\/\/conexiondigital.com.do\/index.php\/wp-json\/wp\/v2\/posts"}],"about":[{"href":"https:\/\/conexiondigital.com.do\/index.php\/wp-json\/wp\/v2\/types\/post"}],"author":[{"embeddable":true,"href":"https:\/\/conexiondigital.com.do\/index.php\/wp-json\/wp\/v2\/users\/3"}],"replies":[{"embeddable":true,"href":"https:\/\/conexiondigital.com.do\/index.php\/wp-json\/wp\/v2\/comments?post=145546"}],"version-history":[{"count":1,"href":"https:\/\/conexiondigital.com.do\/index.php\/wp-json\/wp\/v2\/posts\/145546\/revisions"}],"predecessor-version":[{"id":145548,"href":"https:\/\/conexiondigital.com.do\/index.php\/wp-json\/wp\/v2\/posts\/145546\/revisions\/145548"}],"wp:attachment":[{"href":"https:\/\/conexiondigital.com.do\/index.php\/wp-json\/wp\/v2\/media?parent=145546"}],"wp:term":[{"taxonomy":"category","embeddable":true,"href":"https:\/\/conexiondigital.com.do\/index.php\/wp-json\/wp\/v2\/categories?post=145546"},{"taxonomy":"post_tag","embeddable":true,"href":"https:\/\/conexiondigital.com.do\/index.php\/wp-json\/wp\/v2\/tags?post=145546"}],"curies":[{"name":"wp","href":"https:\/\/api.w.org\/{rel}","templated":true}]}}